{"id":56937,"date":"2021-01-14T11:25:47","date_gmt":"2021-01-14T14:25:47","guid":{"rendered":"https:\/\/www.simepe.com.br\/novo\/?p=56937"},"modified":"2021-01-14T11:25:47","modified_gmt":"2021-01-14T14:25:47","slug":"pernambuco-atinge-maior-numero-de-leitos-de-uti-ocupados-na-rede-estadual-de-saude-desde-inicio-da-pandemia-da-covid-19","status":"publish","type":"post","link":"https:\/\/www.simepe.com.br\/novo\/pernambuco-atinge-maior-numero-de-leitos-de-uti-ocupados-na-rede-estadual-de-saude-desde-inicio-da-pandemia-da-covid-19\/","title":{"rendered":"Pernambuco atinge maior n\u00famero de leitos de UTI ocupados na rede estadual de sa\u00fade desde in\u00edcio da pandemia da Covid-19"},"content":{"rendered":"<p style=\"text-align: justify;\">Na ter\u00e7a-feira (12), estado chegou a 804 interna\u00e7\u00f5es de pessoas com sintomas da Covid-19, incluindo quem tem suspeita da doen\u00e7a ou j\u00e1 teve o diagn\u00f3stico confirmado. Antes, o pico havia sido registrado nos dias 11 e 13 de junho de 2020, com 678 interna\u00e7\u00f5es nesses leitos.<\/p>\n<p style=\"text-align: justify;\">Com 804 interna\u00e7\u00f5es de pacientes com sintomas da Covid-19, Pernambuco atingiu, na ter\u00e7a-feira (12), o maior n\u00famero de leitos de Unidade de Terapia Intensiva (UTI) ocupados na rede p\u00fablica estadual de sa\u00fade desde abril de 2020, no in\u00edcio da pandemia do novo coronav\u00edrus, quando o governo come\u00e7ou a divulgar esses dados, que n\u00e3o abrangem os leitos da rede municipal de sa\u00fade.<\/p>\n<p style=\"text-align: justify;\">Isso representa uma ocupa\u00e7\u00e3o de 84% dos 957 leitos de UTI dispon\u00edveis. Esses leitos s\u00e3o aqueles separados pelo governo do estado exclusivamente para pacientes com S\u00edndrome Respirat\u00f3ria Aguda Grave (Srag), que incluem as pessoas que j\u00e1 tiveram o diagn\u00f3stico confirmado da Covid-19 e as que aguardam o resultado dos testes para detectar a doen\u00e7a.<\/p>\n<p style=\"text-align: justify;\">O hist\u00f3rico de ocupa\u00e7\u00e3o de leitos de UTI disponibilizados pela Central Estadual de Regula\u00e7\u00e3o Hospitalar mostra que, at\u00e9 ent\u00e3o, o pico de interna\u00e7\u00f5es havia ocorrido nos dias 11 e 13 de junho de 2020, com 678 pessoas internadas nesses leitos da rede estadual de sa\u00fade.<\/p>\n<p style=\"text-align: justify;\">Em seguida, esse n\u00famero foi caindo e chegou a 484 pessoas ocupando esses leitos de UTI em 19 de outubro e nos dias seguintes, atingindo o pico na ter\u00e7a-feira (12).<\/p>\n<p style=\"text-align: justify;\"><strong>Ultrafreezers e c\u00e2maras frias<\/strong><br \/>\nApesar de o Brasil ainda n\u00e3o ter nenhuma vacina contra a Covid-19 aprovada pela Ag\u00eancia Nacional de Vigil\u00e2ncia Sanit\u00e1ria (Anvisa) nem uma data exata para come\u00e7ar a imuniza\u00e7\u00e3o, o governo do estado e as prefeituras est\u00e3o se organizando. Na ter\u00e7a (12), foi iniciada a distribui\u00e7\u00e3o de 1,5 milh\u00e3o de seringas para os munic\u00edpios pernambucanos, trabalho que tem previs\u00e3o de ser conclu\u00eddo na sexta (15) (veja v\u00eddeo acima).<\/p>\n<p style=\"text-align: justify;\">Al\u00e9m disso, ajudas na log\u00edstica para a chegada da vacina contra a Covid-19 come\u00e7aram a ser oferecidas. A Universidade Federal de Pernambuco (UFPE) disponibilizou, aos governos federal e estadual, oito ultrafreezers, certificados pela Anvisa e que podem chegar a uma temperatura de -81 \u00b0C, e mais dez c\u00e2maras frias. Juntas, essa estrutura totaliza uma capacidade para armazenar at\u00e9 um milh\u00e3o de doses da vacina.<\/p>\n<p style=\"text-align: justify;\">A UFPE tamb\u00e9m ofereceu espa\u00e7os para serem usados como postos de vacina\u00e7\u00e3o. \u201cN\u00f3s precisamos de consci\u00eancia com tecnologia, com conhecimento especializado, vencer essa etapa t\u00e3o dif\u00edcil que vive a sociedade brasileira e a universidade tem muito a contribuir, tem contribu\u00eddo pra essa quest\u00e3o\u201d, afirmou Alfredo Gomes, reitor da UFPE.<\/p>\n<p style=\"text-align: justify;\"><strong>Covid-19 em Pernambuco<\/strong><br \/>\nCom mais 1.482 casos da Covid-19 e 38 \u00f3bitos registrados na ter\u00e7a-feira (12), Pernambuco chegou a 234.238 infectados pelo novo coronav\u00edrus e 9.889 mortes na pandemia (veja v\u00eddeo acima). A contagem teve in\u00edcio em mar\u00e7o de 2020. Al\u00e9m disso, o estado totalizou 199.536 pacientes recuperados da doen\u00e7a at\u00e9 a referida data.<\/p>\n<p style=\"text-align: justify;\">Fonte: G1<\/p>\n","protected":false},"excerpt":{"rendered":"<p>Na ter\u00e7a-feira (12), estado chegou a 804 interna\u00e7\u00f5es de pessoas com sintomas da Covid-19, incluindo quem tem suspeita da doen\u00e7a ou j\u00e1 teve o diagn\u00f3stico confirmado. Antes, o pico havia sido registrado nos dias 11 e 13 de junho de 2020, com 678 interna\u00e7\u00f5es nesses leitos. Com 804 interna\u00e7\u00f5es de pacientes com sintomas da Covid-19, [&hellip;]<\/p>\n","protected":false},"author":1,"featured_media":0,"comment_status":"open","ping_status":"open","sticky":false,"template":"","format":"standard","meta":{"ocean_post_layout":"","ocean_both_sidebars_style":"","ocean_both_sidebars_content_width":0,"ocean_both_sidebars_sidebars_width":0,"ocean_sidebar":"","ocean_second_sidebar":"","ocean_disable_margins":"enable","ocean_add_body_class":"","ocean_shortcode_before_top_bar":"","ocean_shortcode_after_top_bar":"","ocean_shortcode_before_header":"","ocean_shortcode_after_header":"","ocean_has_shortcode":"","ocean_shortcode_after_title":"","ocean_shortcode_before_footer_widgets":"","ocean_shortcode_after_footer_widgets":"","ocean_shortcode_before_footer_bottom":"","ocean_shortcode_after_footer_bottom":"","ocean_display_top_bar":"default","ocean_display_header":"default","ocean_header_style":"","ocean_center_header_left_menu":"","ocean_custom_header_template":"","ocean_custom_logo":0,"ocean_custom_retina_logo":0,"ocean_custom_logo_max_width":0,"ocean_custom_logo_tablet_max_width":0,"ocean_custom_logo_mobile_max_width":0,"ocean_custom_logo_max_height":0,"ocean_custom_logo_tablet_max_height":0,"ocean_custom_logo_mobile_max_height":0,"ocean_header_custom_menu":"","ocean_menu_typo_font_family":"","ocean_menu_typo_font_subset":"","ocean_menu_typo_font_size":0,"ocean_menu_typo_font_size_tablet":0,"ocean_menu_typo_font_size_mobile":0,"ocean_menu_typo_font_size_unit":"px","ocean_menu_typo_font_weight":"","ocean_menu_typo_font_weight_tablet":"","ocean_menu_typo_font_weight_mobile":"","ocean_menu_typo_transform":"","ocean_menu_typo_transform_tablet":"","ocean_menu_typo_transform_mobile":"","ocean_menu_typo_line_height":0,"ocean_menu_typo_line_height_tablet":0,"ocean_menu_typo_line_height_mobile":0,"ocean_menu_typo_line_height_unit":"","ocean_menu_typo_spacing":0,"ocean_menu_typo_spacing_tablet":0,"ocean_menu_typo_spacing_mobile":0,"ocean_menu_typo_spacing_unit":"","ocean_menu_link_color":"","ocean_menu_link_color_hover":"","ocean_menu_link_color_active":"","ocean_menu_link_background":"","ocean_menu_link_hover_background":"","ocean_menu_link_active_background":"","ocean_menu_social_links_bg":"","ocean_menu_social_hover_links_bg":"","ocean_menu_social_links_color":"","ocean_menu_social_hover_links_color":"","ocean_disable_title":"default","ocean_disable_heading":"default","ocean_post_title":"","ocean_post_subheading":"","ocean_post_title_style":"","ocean_post_title_background_color":"","ocean_post_title_background":0,"ocean_post_title_bg_image_position":"","ocean_post_title_bg_image_attachment":"","ocean_post_title_bg_image_repeat":"","ocean_post_title_bg_image_size":"","ocean_post_title_height":0,"ocean_post_title_bg_overlay":0.5,"ocean_post_title_bg_overlay_color":"","ocean_disable_breadcrumbs":"default","ocean_breadcrumbs_color":"","ocean_breadcrumbs_separator_color":"","ocean_breadcrumbs_links_color":"","ocean_breadcrumbs_links_hover_color":"","ocean_display_footer_widgets":"default","ocean_display_footer_bottom":"default","ocean_custom_footer_template":"","ocean_post_oembed":"","ocean_post_self_hosted_media":"","ocean_post_video_embed":"","ocean_link_format":"","ocean_link_format_target":"self","ocean_quote_format":"","ocean_quote_format_link":"post","ocean_gallery_link_images":"on","ocean_gallery_id":[]},"categories":[9],"tags":[3848,3858,338],"acf":[],"_links":{"self":[{"href":"https:\/\/www.simepe.com.br\/novo\/wp-json\/wp\/v2\/posts\/56937"}],"collection":[{"href":"https:\/\/www.simepe.com.br\/novo\/wp-json\/wp\/v2\/posts"}],"about":[{"href":"https:\/\/www.simepe.com.br\/novo\/wp-json\/wp\/v2\/types\/post"}],"author":[{"embeddable":true,"href":"https:\/\/www.simepe.com.br\/novo\/wp-json\/wp\/v2\/users\/1"}],"replies":[{"embeddable":true,"href":"https:\/\/www.simepe.com.br\/novo\/wp-json\/wp\/v2\/comments?post=56937"}],"version-history":[{"count":1,"href":"https:\/\/www.simepe.com.br\/novo\/wp-json\/wp\/v2\/posts\/56937\/revisions"}],"predecessor-version":[{"id":56941,"href":"https:\/\/www.simepe.com.br\/novo\/wp-json\/wp\/v2\/posts\/56937\/revisions\/56941"}],"wp:attachment":[{"href":"https:\/\/www.simepe.com.br\/novo\/wp-json\/wp\/v2\/media?parent=56937"}],"wp:term":[{"taxonomy":"category","embeddable":true,"href":"https:\/\/www.simepe.com.br\/novo\/wp-json\/wp\/v2\/categories?post=56937"},{"taxonomy":"post_tag","embeddable":true,"href":"https:\/\/www.simepe.com.br\/novo\/wp-json\/wp\/v2\/tags?post=56937"}],"curies":[{"name":"wp","href":"https:\/\/api.w.org\/{rel}","templated":true}]}}