{"id":56949,"date":"2021-01-14T11:46:55","date_gmt":"2021-01-14T14:46:55","guid":{"rendered":"https:\/\/www.simepe.com.br\/novo\/?p=56949"},"modified":"2021-01-14T11:46:55","modified_gmt":"2021-01-14T14:46:55","slug":"sesa-diz-que-encontrou-anticorpos-de-covid-19-em-amostra-de-sangue-do-es-de-dezembro-de-2019","status":"publish","type":"post","link":"https:\/\/www.simepe.com.br\/novo\/sesa-diz-que-encontrou-anticorpos-de-covid-19-em-amostra-de-sangue-do-es-de-dezembro-de-2019\/","title":{"rendered":"Sesa diz que encontrou anticorpos de Covid-19 em amostra de sangue do ES de dezembro de 2019"},"content":{"rendered":"<p style=\"text-align: justify;\">Em fun\u00e7\u00e3o disso, h\u00e1 ind\u00edcios de que o v\u00edrus j\u00e1 circulava no estado antes de a China anunciar o primeiro caso da doen\u00e7a, em 31 de dezembro de 2019.<\/p>\n<p style=\"text-align: justify;\">Um estudo realizado pela Secretaria de Estado da Sa\u00fade (Sesa) do Esp\u00edrito Santo revelou a exist\u00eancia de um poss\u00edvel caso Covid-19 no estado j\u00e1 no final de 2019.<\/p>\n<p style=\"text-align: justify;\">Com isso, h\u00e1 ind\u00edcios de que o v\u00edrus j\u00e1 estivesse circulando no estado antes de a doen\u00e7a ter sido anunciada oficialmente pelo governo da China, em 31 de dezembro de 2020.<\/p>\n<p style=\"text-align: justify;\">De acordo com o secret\u00e1rio estadual de Sa\u00fade, N\u00e9sio Fernandes, o estudo foi realizado em um total de 7.370 amostras de soro do Laborat\u00f3rio Central (Lacen) que haviam sido coletadas entre os dias 1\u00ba de dezembro de 2019 e 30 de junho de 2020 de pessoas que apresentaram sintomas suspeitos de dengue e de chikungunya.<\/p>\n<p style=\"text-align: justify;\">Uma portaria do governo estadual determinou que todas essas amostras tamb\u00e9m fossem testadas para a detec\u00e7\u00e3o do coronav\u00edrus.<\/p>\n<p style=\"text-align: justify;\">At\u00e9 antes da realiza\u00e7\u00e3o do estudo do governo estadual, o primeiro caso de Covid-19 foi divulgado pelo Governo do Esp\u00edrito Santo em 5 de mar\u00e7o de 2020.<\/p>\n<p style=\"text-align: justify;\">No entanto, de acordo com o diretor do Lacen, Rodrigo Ribeiro, uma das amostras analisadas na pesquisa e que apresentou resultado positivo para a doen\u00e7a \u00e9 datada de 18 de dezembro de 2019.<\/p>\n<p style=\"text-align: justify;\">Como a an\u00e1lise \u00e9 feita por meio da identifica\u00e7\u00e3o dos anticorpos IgG, que s\u00f3 aparecem dias ap\u00f3s a pessoa ter sido infectada, tudo indica que o coronav\u00edrus j\u00e1 estivesse no corpo da paciente ainda antes do dia 18. A cidade onde a amostra foi coletada n\u00e3o foi revelada, pois trata-se de um dado sigiloso da pesquisa.<\/p>\n<p style=\"text-align: justify;\">\n&#8220;O IgG leva pelo menos 20 dias para positivar. Ent\u00e3o, possivelmente, essa pessoa foi exposta ao v\u00edrus no final de novembro ou no in\u00edcio de dezembro de 2019&#8221;, explicou Rodrigo.<\/p>\n<p style=\"text-align: justify;\">A nova descoberta leva \u00e0 necessidade de que mais estudos sejam desenvolvidos para indicar como o coronav\u00edrus surgiu e se espalhou, al\u00e9m de descartar a possibilidade de exames falso-positivos.<\/p>\n<p style=\"text-align: justify;\">A Sesa busca agora uma parceria com o Minist\u00e9rio da Sa\u00fade para a realiza\u00e7\u00e3o de novas an\u00e1lises.<\/p>\n<p style=\"text-align: justify;\">O Minist\u00e9rio da Sa\u00fade informou em nota que foi notificado pela Secretaria de Sa\u00fade do Esp\u00edrito Santo sobre o estudo.<\/p>\n<p style=\"text-align: justify;\">&#8220;Entretanto, a orienta\u00e7\u00e3o do Minist\u00e9rio da Sa\u00fade foi para que as investiga\u00e7\u00f5es fossem aprofundadas, com a realiza\u00e7\u00e3o de investiga\u00e7\u00f5es epidemiol\u00f3gicas de campo e laboratoriais. A recomenda\u00e7\u00e3o da pasta \u00e9 que amostras de materiais biol\u00f3gicos e sequenciamento do genoma desses pacientes fossem encaminhados para a Fiocruz no Rio de Janeiro, que \u00e9 laborat\u00f3rio de refer\u00eancia nacional para Covid-19, para avalia\u00e7\u00e3o e realiza\u00e7\u00e3o de novas an\u00e1lises. A confirma\u00e7\u00e3o por exame do tipo RT-PCR se faz necess\u00e1ria pois \u00e9 o m\u00e9todo padr\u00e3o ouro para confirma\u00e7\u00e3o de infec\u00e7\u00e3o pelo SARS-CoV2. Somente com a confirma\u00e7\u00e3o pelo laborat\u00f3rio de refer\u00eancia e o aprofundamento dos estudos epidemiol\u00f3gicos \u00e9 que o Minist\u00e9rio da Sa\u00fade poder\u00e1 confirmar, ou n\u00e3o, se esses casos realmente foram positivos para SARS-CoV2&#8221;, diz um trecho da nota.<\/p>\n<p style=\"text-align: justify;\">A pasta informou ainda que ir\u00e1 apoiar a secretaria capixaba na realiza\u00e7\u00e3o do aprofundamento das investiga\u00e7\u00f5es.<\/p>\n<p style=\"text-align: justify;\">O estudo foi publicado pela revista PLOS ONE, publica\u00e7\u00e3o on-line.<\/p>\n<p style=\"text-align: justify;\"><strong>Dengue e chikungunya<\/strong><br \/>\nO mesmo estudo realizado pelo Governo do Esp\u00edrito Santo aponta ainda que a Covid-19 pode ocorrer simultaneamente em pacientes com dengue ou chikungunya.<\/p>\n<p style=\"text-align: justify;\">Do total das mais de 7,3 mil amostras estudadas, 210 (2,85%) apresentaram anticorpos para a Covid-19, o que indica que os pacientes tiveram a doen\u00e7a.<\/p>\n<p style=\"text-align: justify;\">Al\u00e9m disso, desses 210 casos positivos para a Covid-19, 79 ( 37,6%) tamb\u00e9m foram positivos ou para a dengue ou para a chikungunya, provando que tais doen\u00e7as podem se manifestar simultaneamente.<\/p>\n<p style=\"text-align: justify;\">O caso positivo para Covid-19 que ocorreu em 18 de dezembro foi um desses, j\u00e1 que a paciente em quest\u00e3o apresentou n\u00e3o s\u00f3 anticorpos para o coronav\u00edrus como tamb\u00e9m para chikungunya.<\/p>\n<p style=\"text-align: justify;\">Para o diretor do Lacen, Rodrigo Ribeiro Rodrigues, este resultado indica a possibilidade de que mais casos da Covid-19 n\u00e3o tenham sido descobertos, contribuindo para que a doen\u00e7a se espalhasse.<\/p>\n<p style=\"text-align: justify;\">&#8220;Mesmo com o aparecimento e confirma\u00e7\u00e3o em solo brasileiro da doen\u00e7a em 26 de fevereiro e a decreta\u00e7\u00e3o de pandemia em mar\u00e7o de 2020, muito provavelmente muitos casos de Covid continuaram sendo perdidos entre pacientes com suspeita de arbovirose. Isso levanta uma conclus\u00e3o que a ocorr\u00eancia de surtos concomitantes de dengue e chikungunya pode dificultar o diagn\u00f3stico da Covid-19. E esses casos n\u00e3o diagnosticados precocemente podem ter contribu\u00eddo para essa r\u00e1pida expans\u00e3o da doen\u00e7a no pa\u00eds, como foi observado entre mar\u00e7o, abril e maio de 2020&#8221;, pontuou Rodrigo.<\/p>\n<p style=\"text-align: justify;\">Fonte: G1<\/p>\n","protected":false},"excerpt":{"rendered":"<p>Em fun\u00e7\u00e3o disso, h\u00e1 ind\u00edcios de que o v\u00edrus j\u00e1 circulava no estado antes de a China anunciar o primeiro caso da doen\u00e7a, em 31 de dezembro de 2019. Um estudo realizado pela Secretaria de Estado da Sa\u00fade (Sesa) do Esp\u00edrito Santo revelou a exist\u00eancia de um poss\u00edvel caso Covid-19 no estado j\u00e1 no final [&hellip;]<\/p>\n","protected":false},"author":1,"featured_media":0,"comment_status":"open","ping_status":"open","sticky":false,"template":"","format":"standard","meta":{"ocean_post_layout":"","ocean_both_sidebars_style":"","ocean_both_sidebars_content_width":0,"ocean_both_sidebars_sidebars_width":0,"ocean_sidebar":"","ocean_second_sidebar":"","ocean_disable_margins":"enable","ocean_add_body_class":"","ocean_shortcode_before_top_bar":"","ocean_shortcode_after_top_bar":"","ocean_shortcode_before_header":"","ocean_shortcode_after_header":"","ocean_has_shortcode":"","ocean_shortcode_after_title":"","ocean_shortcode_before_footer_widgets":"","ocean_shortcode_after_footer_widgets":"","ocean_shortcode_before_footer_bottom":"","ocean_shortcode_after_footer_bottom":"","ocean_display_top_bar":"default","ocean_display_header":"default","ocean_header_style":"","ocean_center_header_left_menu":"","ocean_custom_header_template":"","ocean_custom_logo":0,"ocean_custom_retina_logo":0,"ocean_custom_logo_max_width":0,"ocean_custom_logo_tablet_max_width":0,"ocean_custom_logo_mobile_max_width":0,"ocean_custom_logo_max_height":0,"ocean_custom_logo_tablet_max_height":0,"ocean_custom_logo_mobile_max_height":0,"ocean_header_custom_menu":"","ocean_menu_typo_font_family":"","ocean_menu_typo_font_subset":"","ocean_menu_typo_font_size":0,"ocean_menu_typo_font_size_tablet":0,"ocean_menu_typo_font_size_mobile":0,"ocean_menu_typo_font_size_unit":"px","ocean_menu_typo_font_weight":"","ocean_menu_typo_font_weight_tablet":"","ocean_menu_typo_font_weight_mobile":"","ocean_menu_typo_transform":"","ocean_menu_typo_transform_tablet":"","ocean_menu_typo_transform_mobile":"","ocean_menu_typo_line_height":0,"ocean_menu_typo_line_height_tablet":0,"ocean_menu_typo_line_height_mobile":0,"ocean_menu_typo_line_height_unit":"","ocean_menu_typo_spacing":0,"ocean_menu_typo_spacing_tablet":0,"ocean_menu_typo_spacing_mobile":0,"ocean_menu_typo_spacing_unit":"","ocean_menu_link_color":"","ocean_menu_link_color_hover":"","ocean_menu_link_color_active":"","ocean_menu_link_background":"","ocean_menu_link_hover_background":"","ocean_menu_link_active_background":"","ocean_menu_social_links_bg":"","ocean_menu_social_hover_links_bg":"","ocean_menu_social_links_color":"","ocean_menu_social_hover_links_color":"","ocean_disable_title":"default","ocean_disable_heading":"default","ocean_post_title":"","ocean_post_subheading":"","ocean_post_title_style":"","ocean_post_title_background_color":"","ocean_post_title_background":0,"ocean_post_title_bg_image_position":"","ocean_post_title_bg_image_attachment":"","ocean_post_title_bg_image_repeat":"","ocean_post_title_bg_image_size":"","ocean_post_title_height":0,"ocean_post_title_bg_overlay":0.5,"ocean_post_title_bg_overlay_color":"","ocean_disable_breadcrumbs":"default","ocean_breadcrumbs_color":"","ocean_breadcrumbs_separator_color":"","ocean_breadcrumbs_links_color":"","ocean_breadcrumbs_links_hover_color":"","ocean_display_footer_widgets":"default","ocean_display_footer_bottom":"default","ocean_custom_footer_template":"","ocean_post_oembed":"","ocean_post_self_hosted_media":"","ocean_post_video_embed":"","ocean_link_format":"","ocean_link_format_target":"self","ocean_quote_format":"","ocean_quote_format_link":"post","ocean_gallery_link_images":"on","ocean_gallery_id":[]},"categories":[9],"tags":[2380,3848,3860,581],"acf":[],"_links":{"self":[{"href":"https:\/\/www.simepe.com.br\/novo\/wp-json\/wp\/v2\/posts\/56949"}],"collection":[{"href":"https:\/\/www.simepe.com.br\/novo\/wp-json\/wp\/v2\/posts"}],"about":[{"href":"https:\/\/www.simepe.com.br\/novo\/wp-json\/wp\/v2\/types\/post"}],"author":[{"embeddable":true,"href":"https:\/\/www.simepe.com.br\/novo\/wp-json\/wp\/v2\/users\/1"}],"replies":[{"embeddable":true,"href":"https:\/\/www.simepe.com.br\/novo\/wp-json\/wp\/v2\/comments?post=56949"}],"version-history":[{"count":1,"href":"https:\/\/www.simepe.com.br\/novo\/wp-json\/wp\/v2\/posts\/56949\/revisions"}],"predecessor-version":[{"id":56952,"href":"https:\/\/www.simepe.com.br\/novo\/wp-json\/wp\/v2\/posts\/56949\/revisions\/56952"}],"wp:attachment":[{"href":"https:\/\/www.simepe.com.br\/novo\/wp-json\/wp\/v2\/media?parent=56949"}],"wp:term":[{"taxonomy":"category","embeddable":true,"href":"https:\/\/www.simepe.com.br\/novo\/wp-json\/wp\/v2\/categories?post=56949"},{"taxonomy":"post_tag","embeddable":true,"href":"https:\/\/www.simepe.com.br\/novo\/wp-json\/wp\/v2\/tags?post=56949"}],"curies":[{"name":"wp","href":"https:\/\/api.w.org\/{rel}","templated":true}]}}