{"id":56951,"date":"2021-01-14T11:58:49","date_gmt":"2021-01-14T14:58:49","guid":{"rendered":"https:\/\/www.simepe.com.br\/novo\/?p=56951"},"modified":"2021-01-14T11:58:49","modified_gmt":"2021-01-14T14:58:49","slug":"pe-secretario-de-saude-revela-expectativa-para-inicio-da-vacinacao-na-proxima-semana","status":"publish","type":"post","link":"https:\/\/www.simepe.com.br\/novo\/pe-secretario-de-saude-revela-expectativa-para-inicio-da-vacinacao-na-proxima-semana\/","title":{"rendered":"PE: secret\u00e1rio de Sa\u00fade revela expectativa para in\u00edcio da vacina\u00e7\u00e3o na pr\u00f3xima semana"},"content":{"rendered":"<p><em>Andr\u00e9 Longo disse que o Estado tem condi\u00e7\u00f5es de come\u00e7ar as aplica\u00e7\u00f5es em at\u00e9 48 horas ap\u00f3s receber os imunizantes<\/em><\/p>\n<p>Abrigando 4,57% da popula\u00e7\u00e3o brasileira, Pernambuco vive a expectativa de receber, j\u00e1 na pr\u00f3xima semana, em torno de 350 mil a 360 mil doses de vacina contra a Covid-19 para iniciar o processo de imuniza\u00e7\u00e3o de grupos priorit\u00e1rios.<\/p>\n<p>Isso porque, neste domingo (17), a Ag\u00eancia Nacional de Vigil\u00e2ncia Sanit\u00e1ria (Anvisa) se re\u00fane para decidir a autoriza\u00e7\u00e3o do uso emergencial no Brasil da Coronavac, do laborat\u00f3rio chin\u00eas Sinovac, com produ\u00e7\u00e3o nacional do Butantan, e da vacina da Astrazeneca\/Oxford, do Reino Unido, com parceria junto \u00e0 Fiocruz.<\/p>\n<p>O secret\u00e1rio de Sa\u00fade de Pernambuco, Andr\u00e9 Longo, disse que, em caso de resposta positiva da Anvisa, estima que o Minist\u00e9rio da Sa\u00fade inicie o plano log\u00edstico de distribui\u00e7\u00e3o para os estados na pr\u00f3xima semana.<\/p>\n<p>Nesta quinta-feira (14), o comit\u00ea pernambucano \u00e0 frente do plano operacional estadual se re\u00fane novamente, na inten\u00e7\u00e3o de bater o martelo sobre os detalhes ainda em aberto.<\/p>\n<p>Longo garantiu que, ap\u00f3s chegarem a Pernambuco, as doses devem ser entregues rapidamente aos munic\u00edpios, seguindo a mesma log\u00edstica que est\u00e1 sendo aplicada na distribui\u00e7\u00e3o das seringas e agulhas, iniciada na ter\u00e7a (12) e com previs\u00e3o de conclus\u00e3o at\u00e9 esta sexta (15).<\/p>\n<p>&#8220;Se todas as vacinas que o Minist\u00e9rio diz estarem prontas (oito milh\u00f5es) puderem ser distribu\u00eddas na pr\u00f3xima semana, vamos estar recebendo algo em torno de 350 a 360 mil doses, que \u00e9 o correspondente a 4,57% de oito milh\u00f5es de vacinas (seis milh\u00f5es de Coronav\/Butantan e dois milh\u00f5es de Astrazena\/Oxford\/Fiocruz). Isso n\u00f3s temos condi\u00e7\u00f5es de distribuir rapidamente t\u00e3o logo chegue. Estabelecemos um teto de quatro dias, mas acreditamos que, entre 24 horas a 48 horas ap\u00f3s a chegada dos insumos, teremos condi\u00e7\u00f5es de estar iniciando a vacina\u00e7\u00e3o em nosso Estado.&#8221;<\/p>\n<p>Ainda n\u00e3o se sabe, por\u00e9m, qual imunizante ser\u00e1 destinado a Pernambuco. \u201cA incerteza hoje ainda \u00e9 qual a vacina vir\u00e1 para o Nordeste. Temos discutido que venha s\u00f3 um dos dois tipos porque cada tipo tem intervalo espec\u00edfico entre a primeira e a segunda dose. O ideal \u00e9 que cada estado receba um \u00fanico tipo para facilitar a log\u00edstica da vacina\u00e7\u00e3o\u201d, explicou o secret\u00e1rio, dizendo estar esperan\u00e7oso para o in\u00edcio da vacina\u00e7\u00e3o no Pa\u00eds nos pr\u00f3ximos dias.<\/p>\n<p>&#8220;A supera\u00e7\u00e3o da pandemia est\u00e1 cada vez mais pr\u00f3xima, mas ser\u00e1 sem menos sofrimento se todos estiverem do mesmo lado. Para isso, precisamos do esfor\u00e7o de cada um em agir com responsabilidade e com respeito \u00e0 vida\u201d, concluiu.<\/p>\n<p>Fonte: Folha de Pernambuco<\/p>\n","protected":false},"excerpt":{"rendered":"<p>Andr\u00e9 Longo disse que o Estado tem condi\u00e7\u00f5es de come\u00e7ar as aplica\u00e7\u00f5es em at\u00e9 48 horas ap\u00f3s receber os imunizantes Abrigando 4,57% da popula\u00e7\u00e3o brasileira, Pernambuco vive a expectativa de receber, j\u00e1 na pr\u00f3xima semana, em torno de 350 mil a 360 mil doses de vacina contra a Covid-19 para iniciar o processo de imuniza\u00e7\u00e3o [&hellip;]<\/p>\n","protected":false},"author":1,"featured_media":0,"comment_status":"open","ping_status":"open","sticky":false,"template":"","format":"standard","meta":{"ocean_post_layout":"","ocean_both_sidebars_style":"","ocean_both_sidebars_content_width":0,"ocean_both_sidebars_sidebars_width":0,"ocean_sidebar":"","ocean_second_sidebar":"","ocean_disable_margins":"enable","ocean_add_body_class":"","ocean_shortcode_before_top_bar":"","ocean_shortcode_after_top_bar":"","ocean_shortcode_before_header":"","ocean_shortcode_after_header":"","ocean_has_shortcode":"","ocean_shortcode_after_title":"","ocean_shortcode_before_footer_widgets":"","ocean_shortcode_after_footer_widgets":"","ocean_shortcode_before_footer_bottom":"","ocean_shortcode_after_footer_bottom":"","ocean_display_top_bar":"default","ocean_display_header":"default","ocean_header_style":"","ocean_center_header_left_menu":"","ocean_custom_header_template":"","ocean_custom_logo":0,"ocean_custom_retina_logo":0,"ocean_custom_logo_max_width":0,"ocean_custom_logo_tablet_max_width":0,"ocean_custom_logo_mobile_max_width":0,"ocean_custom_logo_max_height":0,"ocean_custom_logo_tablet_max_height":0,"ocean_custom_logo_mobile_max_height":0,"ocean_header_custom_menu":"","ocean_menu_typo_font_family":"","ocean_menu_typo_font_subset":"","ocean_menu_typo_font_size":0,"ocean_menu_typo_font_size_tablet":0,"ocean_menu_typo_font_size_mobile":0,"ocean_menu_typo_font_size_unit":"px","ocean_menu_typo_font_weight":"","ocean_menu_typo_font_weight_tablet":"","ocean_menu_typo_font_weight_mobile":"","ocean_menu_typo_transform":"","ocean_menu_typo_transform_tablet":"","ocean_menu_typo_transform_mobile":"","ocean_menu_typo_line_height":0,"ocean_menu_typo_line_height_tablet":0,"ocean_menu_typo_line_height_mobile":0,"ocean_menu_typo_line_height_unit":"","ocean_menu_typo_spacing":0,"ocean_menu_typo_spacing_tablet":0,"ocean_menu_typo_spacing_mobile":0,"ocean_menu_typo_spacing_unit":"","ocean_menu_link_color":"","ocean_menu_link_color_hover":"","ocean_menu_link_color_active":"","ocean_menu_link_background":"","ocean_menu_link_hover_background":"","ocean_menu_link_active_background":"","ocean_menu_social_links_bg":"","ocean_menu_social_hover_links_bg":"","ocean_menu_social_links_color":"","ocean_menu_social_hover_links_color":"","ocean_disable_title":"default","ocean_disable_heading":"default","ocean_post_title":"","ocean_post_subheading":"","ocean_post_title_style":"","ocean_post_title_background_color":"","ocean_post_title_background":0,"ocean_post_title_bg_image_position":"","ocean_post_title_bg_image_attachment":"","ocean_post_title_bg_image_repeat":"","ocean_post_title_bg_image_size":"","ocean_post_title_height":0,"ocean_post_title_bg_overlay":0.5,"ocean_post_title_bg_overlay_color":"","ocean_disable_breadcrumbs":"default","ocean_breadcrumbs_color":"","ocean_breadcrumbs_separator_color":"","ocean_breadcrumbs_links_color":"","ocean_breadcrumbs_links_hover_color":"","ocean_display_footer_widgets":"default","ocean_display_footer_bottom":"default","ocean_custom_footer_template":"","ocean_post_oembed":"","ocean_post_self_hosted_media":"","ocean_post_video_embed":"","ocean_link_format":"","ocean_link_format_target":"self","ocean_quote_format":"","ocean_quote_format_link":"post","ocean_gallery_link_images":"on","ocean_gallery_id":[]},"categories":[9],"tags":[1420,1490,82],"acf":[],"_links":{"self":[{"href":"https:\/\/www.simepe.com.br\/novo\/wp-json\/wp\/v2\/posts\/56951"}],"collection":[{"href":"https:\/\/www.simepe.com.br\/novo\/wp-json\/wp\/v2\/posts"}],"about":[{"href":"https:\/\/www.simepe.com.br\/novo\/wp-json\/wp\/v2\/types\/post"}],"author":[{"embeddable":true,"href":"https:\/\/www.simepe.com.br\/novo\/wp-json\/wp\/v2\/users\/1"}],"replies":[{"embeddable":true,"href":"https:\/\/www.simepe.com.br\/novo\/wp-json\/wp\/v2\/comments?post=56951"}],"version-history":[{"count":1,"href":"https:\/\/www.simepe.com.br\/novo\/wp-json\/wp\/v2\/posts\/56951\/revisions"}],"predecessor-version":[{"id":56953,"href":"https:\/\/www.simepe.com.br\/novo\/wp-json\/wp\/v2\/posts\/56951\/revisions\/56953"}],"wp:attachment":[{"href":"https:\/\/www.simepe.com.br\/novo\/wp-json\/wp\/v2\/media?parent=56951"}],"wp:term":[{"taxonomy":"category","embeddable":true,"href":"https:\/\/www.simepe.com.br\/novo\/wp-json\/wp\/v2\/categories?post=56951"},{"taxonomy":"post_tag","embeddable":true,"href":"https:\/\/www.simepe.com.br\/novo\/wp-json\/wp\/v2\/tags?post=56951"}],"curies":[{"name":"wp","href":"https:\/\/api.w.org\/{rel}","templated":true}]}}