{"id":56959,"date":"2021-01-14T12:49:16","date_gmt":"2021-01-14T15:49:16","guid":{"rendered":"https:\/\/www.simepe.com.br\/novo\/?p=56959"},"modified":"2021-01-14T12:49:16","modified_gmt":"2021-01-14T15:49:16","slug":"adiada-decolagem-de-voo-que-sai-do-recife-para-buscar-vacina-contra-covid-19-na-india","status":"publish","type":"post","link":"https:\/\/www.simepe.com.br\/novo\/adiada-decolagem-de-voo-que-sai-do-recife-para-buscar-vacina-contra-covid-19-na-india\/","title":{"rendered":"Adiada decolagem de voo que sai do Recife para buscar vacina contra covid-19 na \u00cdndia"},"content":{"rendered":"<p><em>No total, 2 milh\u00f5es de doses da vacina da AstraZeneca\/Oxford ser\u00e3o trazidos para o Brasil.<\/em><\/p>\n<p>Previsto para decolar \u00e0s 23h do Aeroporto do Recife nesta quinta-feira (14), o voo com destino \u00e0 \u00cdndia para buscar 2 milh\u00f5es de doses da vacina contra a covid-19 foi adiado para a sexta-feira (15), no mesmo hor\u00e1rio. A informa\u00e7\u00e3o foi confirmada pela administradora do aeroporto, a Aena. O imunizante da AstraZeneca\/Oxford foi adquirido pelo Minist\u00e9rio da Sa\u00fade. O voo ser\u00e1 operado por um Airbus 330neo da Azul Linhas A\u00e9reas. O destino \u00e9 a cidade indiana de Mumbai. Inicialmente, o retorno estava previsto para o pr\u00f3ximo s\u00e1bado (16), mas com a mudan\u00e7a, a volta tamb\u00e9m pode ser postergada.<\/p>\n<p>A carga de vacinas &#8211; produzidas pelo laborat\u00f3rio indiano Serum &#8211; \u00e9 estimada em 15 toneladas. A aeronave que realiza a opera\u00e7\u00e3o, a maior da frota da companhia, ser\u00e1 equipada com\u00a0 envirotainers espec\u00edficos para garantir o controle de temperatura da carga de acordo com as recomenda\u00e7\u00f5es do fabricante. Em nota, a Azul informou que a opera\u00e7\u00e3o log\u00edstica para a busca das vacinas teve o in\u00edcio reprogramado em algumas horas devido a &#8220;quest\u00f5es log\u00edsticas internacionais&#8221;. De acordo com a companhia a\u00e9rea, a aeronave inicia a jornada na tarde desta quinta (14),<br \/>\ndecolando de Campinas com destino ao Recife. O avi\u00e3o pernoita no aeroporto da capital pernambucana e parte para Mumbai \u00e0s 23h da sexta. A tripula\u00e7\u00e3o do voo se apresentar\u00e1 no aeroporto por volta das 21h30.<\/p>\n<p>&#8220;Como resultado de um grande esfor\u00e7o conjunto entre os \u00f3rg\u00e3os envolvidos, a opera\u00e7\u00e3o de trazer os imunizantes ao Brasil ser\u00e1 conclu\u00edda de forma antecipada em rela\u00e7\u00e3o ao plano original&#8221;, diz a Azul. A companhia n\u00e3o informou quando ser\u00e1 a volta da aeronave. O Minist\u00e9rio da Sa\u00fade dever\u00e1 se pronunciar em breve sobre a mudan\u00e7a.<\/p>\n<p><strong>A viagem<\/strong><br \/>\nDe acordo com o Minist\u00e9rio da Sa\u00fade, at\u00e9 Mumbai ser\u00e3o 15 horas de voo, sem escalas. O trajeto tem mais de 12 mil quil\u00f4metros. A aeronave deve retornar pelo Aeroporto Internacional do Gale\u00e3o, no Rio de Janeiro, onde as doses ser\u00e3o armazenadas.<\/p>\n<p>Ainda segundo o governo federal, a vacina da AstraZeneca ser\u00e1 distribu\u00edda aos estados em at\u00e9 cinco dias ap\u00f3s o aval da Ag\u00eancia Nacional de Vigil\u00e2ncia Sanit\u00e1ria (Anvisa) para dar in\u00edcio \u00e0 imuniza\u00e7\u00e3o em todo o Pa\u00eds, &#8220;de forma simult\u00e2nea e gratuita&#8221;. A seguran\u00e7a do transporte em terra at\u00e9 os estados contar\u00e1 com o apoio do Minist\u00e9rio da Defesa.<\/p>\n<p>O Brasil conta ainda com 6 milh\u00f5es de doses da vacina do Instituto Butantan, produzidas pelo laborat\u00f3rio chin\u00eas Sinovac. Segundo o Minist\u00e9rio da Sa\u00fade, o Pa\u00eds tem 354 milh\u00f5es de doses contratadas ap\u00f3s acordos realizados com laborat\u00f3rios, &#8220;al\u00e9m de seringas suficientes para a administra\u00e7\u00e3o das vacinas a todos os brasileiros&#8221;. No domingo (17), a Anvisa far\u00e1 uma reuni\u00e3o para a tomada de decis\u00e3o sobre a concess\u00e3o ou n\u00e3o da autoriza\u00e7\u00e3o das vacinas.<\/p>\n<p><strong>Doses para Pernambuco<\/strong><br \/>\nO secret\u00e1rio de Sa\u00fade de Pernambuco, Andr\u00e9 Longo, declarou em coletiva de imprensa nessa quarta-feira (13) que &#8220;se todas as vacinas que o Minist\u00e9rio da Sa\u00fade diz estarem prontas puderem ser distribu\u00eddas na pr\u00f3xima semana&#8221;, o estado deve receber de 350 mil a 360 mil doses do imunizante contra a covid-19. Segundo o secret\u00e1rio, o n\u00famero corresponde a 4,7% das 8 milh\u00f5es de doses que o Brasil importa para come\u00e7ar a vacina\u00e7\u00e3o. &#8220;S\u00e3o 6 milh\u00f5es do tipo CoronaVac e 2 milh\u00f5es da AstraZeneca&#8221;, explicou.<\/p>\n<p>Longo armou ainda que entre 24 horas e 48 horas depois do recebimento das doses, a imuniza\u00e7\u00e3o ser\u00e1 iniciada. Na manh\u00e3 desta quinta, um comit\u00ea t\u00e9cnico da secretaria estadual se re\u00fane para finalizar o plano de operacionaliza\u00e7\u00e3o da campanha de vacina\u00e7\u00e3o.<\/p>\n<p>Fonte: JC Online<\/p>\n","protected":false},"excerpt":{"rendered":"<p>No total, 2 milh\u00f5es de doses da vacina da AstraZeneca\/Oxford ser\u00e3o trazidos para o Brasil. Previsto para decolar \u00e0s 23h do Aeroporto do Recife nesta quinta-feira (14), o voo com destino \u00e0 \u00cdndia para buscar 2 milh\u00f5es de doses da vacina contra a covid-19 foi adiado para a sexta-feira (15), no mesmo hor\u00e1rio. A informa\u00e7\u00e3o [&hellip;]<\/p>\n","protected":false},"author":1,"featured_media":0,"comment_status":"open","ping_status":"open","sticky":false,"template":"","format":"standard","meta":{"ocean_post_layout":"","ocean_both_sidebars_style":"","ocean_both_sidebars_content_width":0,"ocean_both_sidebars_sidebars_width":0,"ocean_sidebar":"","ocean_second_sidebar":"","ocean_disable_margins":"enable","ocean_add_body_class":"","ocean_shortcode_before_top_bar":"","ocean_shortcode_after_top_bar":"","ocean_shortcode_before_header":"","ocean_shortcode_after_header":"","ocean_has_shortcode":"","ocean_shortcode_after_title":"","ocean_shortcode_before_footer_widgets":"","ocean_shortcode_after_footer_widgets":"","ocean_shortcode_before_footer_bottom":"","ocean_shortcode_after_footer_bottom":"","ocean_display_top_bar":"default","ocean_display_header":"default","ocean_header_style":"","ocean_center_header_left_menu":"","ocean_custom_header_template":"","ocean_custom_logo":0,"ocean_custom_retina_logo":0,"ocean_custom_logo_max_width":0,"ocean_custom_logo_tablet_max_width":0,"ocean_custom_logo_mobile_max_width":0,"ocean_custom_logo_max_height":0,"ocean_custom_logo_tablet_max_height":0,"ocean_custom_logo_mobile_max_height":0,"ocean_header_custom_menu":"","ocean_menu_typo_font_family":"","ocean_menu_typo_font_subset":"","ocean_menu_typo_font_size":0,"ocean_menu_typo_font_size_tablet":0,"ocean_menu_typo_font_size_mobile":0,"ocean_menu_typo_font_size_unit":"px","ocean_menu_typo_font_weight":"","ocean_menu_typo_font_weight_tablet":"","ocean_menu_typo_font_weight_mobile":"","ocean_menu_typo_transform":"","ocean_menu_typo_transform_tablet":"","ocean_menu_typo_transform_mobile":"","ocean_menu_typo_line_height":0,"ocean_menu_typo_line_height_tablet":0,"ocean_menu_typo_line_height_mobile":0,"ocean_menu_typo_line_height_unit":"","ocean_menu_typo_spacing":0,"ocean_menu_typo_spacing_tablet":0,"ocean_menu_typo_spacing_mobile":0,"ocean_menu_typo_spacing_unit":"","ocean_menu_link_color":"","ocean_menu_link_color_hover":"","ocean_menu_link_color_active":"","ocean_menu_link_background":"","ocean_menu_link_hover_background":"","ocean_menu_link_active_background":"","ocean_menu_social_links_bg":"","ocean_menu_social_hover_links_bg":"","ocean_menu_social_links_color":"","ocean_menu_social_hover_links_color":"","ocean_disable_title":"default","ocean_disable_heading":"default","ocean_post_title":"","ocean_post_subheading":"","ocean_post_title_style":"","ocean_post_title_background_color":"","ocean_post_title_background":0,"ocean_post_title_bg_image_position":"","ocean_post_title_bg_image_attachment":"","ocean_post_title_bg_image_repeat":"","ocean_post_title_bg_image_size":"","ocean_post_title_height":0,"ocean_post_title_bg_overlay":0.5,"ocean_post_title_bg_overlay_color":"","ocean_disable_breadcrumbs":"default","ocean_breadcrumbs_color":"","ocean_breadcrumbs_separator_color":"","ocean_breadcrumbs_links_color":"","ocean_breadcrumbs_links_hover_color":"","ocean_display_footer_widgets":"default","ocean_display_footer_bottom":"default","ocean_custom_footer_template":"","ocean_post_oembed":"","ocean_post_self_hosted_media":"","ocean_post_video_embed":"","ocean_link_format":"","ocean_link_format_target":"self","ocean_quote_format":"","ocean_quote_format_link":"post","ocean_gallery_link_images":"on","ocean_gallery_id":[]},"categories":[9],"tags":[1420,1490,82],"acf":[],"_links":{"self":[{"href":"https:\/\/www.simepe.com.br\/novo\/wp-json\/wp\/v2\/posts\/56959"}],"collection":[{"href":"https:\/\/www.simepe.com.br\/novo\/wp-json\/wp\/v2\/posts"}],"about":[{"href":"https:\/\/www.simepe.com.br\/novo\/wp-json\/wp\/v2\/types\/post"}],"author":[{"embeddable":true,"href":"https:\/\/www.simepe.com.br\/novo\/wp-json\/wp\/v2\/users\/1"}],"replies":[{"embeddable":true,"href":"https:\/\/www.simepe.com.br\/novo\/wp-json\/wp\/v2\/comments?post=56959"}],"version-history":[{"count":1,"href":"https:\/\/www.simepe.com.br\/novo\/wp-json\/wp\/v2\/posts\/56959\/revisions"}],"predecessor-version":[{"id":56960,"href":"https:\/\/www.simepe.com.br\/novo\/wp-json\/wp\/v2\/posts\/56959\/revisions\/56960"}],"wp:attachment":[{"href":"https:\/\/www.simepe.com.br\/novo\/wp-json\/wp\/v2\/media?parent=56959"}],"wp:term":[{"taxonomy":"category","embeddable":true,"href":"https:\/\/www.simepe.com.br\/novo\/wp-json\/wp\/v2\/categories?post=56959"},{"taxonomy":"post_tag","embeddable":true,"href":"https:\/\/www.simepe.com.br\/novo\/wp-json\/wp\/v2\/tags?post=56959"}],"curies":[{"name":"wp","href":"https:\/\/api.w.org\/{rel}","templated":true}]}}