{"id":56969,"date":"2021-01-15T12:32:30","date_gmt":"2021-01-15T15:32:30","guid":{"rendered":"https:\/\/www.simepe.com.br\/novo\/?p=56969"},"modified":"2021-01-15T12:32:30","modified_gmt":"2021-01-15T15:32:30","slug":"petrolina-deve-iniciar-vacinacao-contra-a-covid-19-na-quarta-afirma-miguel-coelho","status":"publish","type":"post","link":"https:\/\/www.simepe.com.br\/novo\/petrolina-deve-iniciar-vacinacao-contra-a-covid-19-na-quarta-afirma-miguel-coelho\/","title":{"rendered":"Petrolina deve iniciar vacina\u00e7\u00e3o contra a Covid-19 na quarta, afirma Miguel Coelho"},"content":{"rendered":"<p style=\"text-align: justify;\">O prefeito Miguel Coelho participou de uma reuni\u00e3o, nesta quinta (14), com o ministro da Sa\u00fade, Eduardo Pazuello, e representantes de dezenas de munic\u00edpios brasileiros. O encontro virtual teve como pauta o calend\u00e1rio de vacina\u00e7\u00e3o contra a covid-19. Ap\u00f3s sair da reuni\u00e3o, Miguel informou que foi acertado um prazo para a aplica\u00e7\u00e3o das vacinas em Petrolina j\u00e1 na quarta-feira (20).<\/p>\n<p style=\"text-align: justify;\">O encontro com o ministro da Sa\u00fade foi articulado pela Frente Nacional dos Prefeitos, da qual Miguel \u00e9 um dos vice-presidentes. De acordo com o gestor de Petrolina, Pazuello informou que as vacinas CoronaVac e AstraZeneca j\u00e1 devem ser autorizadas no domingo (17) pela Ag\u00eancia Nacional de Vigil\u00e2ncia Sanit\u00e1ria (Anvisa). Alguns dias depois, come\u00e7ar\u00e1 a campanha nacional de vacina\u00e7\u00e3o.<\/p>\n<p style=\"text-align: justify;\">Miguel garantiu que Petrolina j\u00e1 est\u00e1 pronta para aplicar as doses tanto em rela\u00e7\u00e3o \u00e0 infraestrutura quanto no atendimento seguro \u00e0 popula\u00e7\u00e3o.<\/p>\n<p style=\"text-align: justify;\">&#8220;Sendo aprovada no domingo, a not\u00edcia melhor ainda \u00e9 que a gente come\u00e7a a vacinar j\u00e1 na quarta-feira em todas as cidades, de modo simult\u00e2neo, de todo o Brasil, em todas as regi\u00f5es, garantindo, assim, seguran\u00e7as, sa\u00fade e vida para as pessoas. E n\u00f3s aqui, de Petrolina, j\u00e1 estamos preparados. Tanto com as c\u00e2maras frias, com as agulhas, com as seringas, com todos os EPIs. Nesta primeira etapa, ser\u00e3o vacinados idosos acima de 70 anos como tamb\u00e9m os profissionais de sa\u00fade e as pessoas que vivem em asilos ou abrigos de idosos. Em sequ\u00eancia, as pr\u00f3ximas etapas. Not\u00edcia importante. Renova as nossas esperan\u00e7as. Vamos vencer a pandemia juntos e unidos&#8221;, detalhou Miguel em um v\u00eddeo produzido ap\u00f3s a reuni\u00e3o com Pazuello.<\/p>\n<p style=\"text-align: justify;\">Fonte: Folha de Pernambuco<\/p>\n","protected":false},"excerpt":{"rendered":"<p>O prefeito Miguel Coelho participou de uma reuni\u00e3o, nesta quinta (14), com o ministro da Sa\u00fade, Eduardo Pazuello, e representantes de dezenas de munic\u00edpios brasileiros. O encontro virtual teve como pauta o calend\u00e1rio de vacina\u00e7\u00e3o contra a covid-19. Ap\u00f3s sair da reuni\u00e3o, Miguel informou que foi acertado um prazo para a aplica\u00e7\u00e3o das vacinas em [&hellip;]<\/p>\n","protected":false},"author":1,"featured_media":0,"comment_status":"open","ping_status":"open","sticky":false,"template":"","format":"standard","meta":{"ocean_post_layout":"","ocean_both_sidebars_style":"","ocean_both_sidebars_content_width":0,"ocean_both_sidebars_sidebars_width":0,"ocean_sidebar":"","ocean_second_sidebar":"","ocean_disable_margins":"enable","ocean_add_body_class":"","ocean_shortcode_before_top_bar":"","ocean_shortcode_after_top_bar":"","ocean_shortcode_before_header":"","ocean_shortcode_after_header":"","ocean_has_shortcode":"","ocean_shortcode_after_title":"","ocean_shortcode_before_footer_widgets":"","ocean_shortcode_after_footer_widgets":"","ocean_shortcode_before_footer_bottom":"","ocean_shortcode_after_footer_bottom":"","ocean_display_top_bar":"default","ocean_display_header":"default","ocean_header_style":"","ocean_center_header_left_menu":"","ocean_custom_header_template":"","ocean_custom_logo":0,"ocean_custom_retina_logo":0,"ocean_custom_logo_max_width":0,"ocean_custom_logo_tablet_max_width":0,"ocean_custom_logo_mobile_max_width":0,"ocean_custom_logo_max_height":0,"ocean_custom_logo_tablet_max_height":0,"ocean_custom_logo_mobile_max_height":0,"ocean_header_custom_menu":"","ocean_menu_typo_font_family":"","ocean_menu_typo_font_subset":"","ocean_menu_typo_font_size":0,"ocean_menu_typo_font_size_tablet":0,"ocean_menu_typo_font_size_mobile":0,"ocean_menu_typo_font_size_unit":"px","ocean_menu_typo_font_weight":"","ocean_menu_typo_font_weight_tablet":"","ocean_menu_typo_font_weight_mobile":"","ocean_menu_typo_transform":"","ocean_menu_typo_transform_tablet":"","ocean_menu_typo_transform_mobile":"","ocean_menu_typo_line_height":0,"ocean_menu_typo_line_height_tablet":0,"ocean_menu_typo_line_height_mobile":0,"ocean_menu_typo_line_height_unit":"","ocean_menu_typo_spacing":0,"ocean_menu_typo_spacing_tablet":0,"ocean_menu_typo_spacing_mobile":0,"ocean_menu_typo_spacing_unit":"","ocean_menu_link_color":"","ocean_menu_link_color_hover":"","ocean_menu_link_color_active":"","ocean_menu_link_background":"","ocean_menu_link_hover_background":"","ocean_menu_link_active_background":"","ocean_menu_social_links_bg":"","ocean_menu_social_hover_links_bg":"","ocean_menu_social_links_color":"","ocean_menu_social_hover_links_color":"","ocean_disable_title":"default","ocean_disable_heading":"default","ocean_post_title":"","ocean_post_subheading":"","ocean_post_title_style":"","ocean_post_title_background_color":"","ocean_post_title_background":0,"ocean_post_title_bg_image_position":"","ocean_post_title_bg_image_attachment":"","ocean_post_title_bg_image_repeat":"","ocean_post_title_bg_image_size":"","ocean_post_title_height":0,"ocean_post_title_bg_overlay":0.5,"ocean_post_title_bg_overlay_color":"","ocean_disable_breadcrumbs":"default","ocean_breadcrumbs_color":"","ocean_breadcrumbs_separator_color":"","ocean_breadcrumbs_links_color":"","ocean_breadcrumbs_links_hover_color":"","ocean_display_footer_widgets":"default","ocean_display_footer_bottom":"default","ocean_custom_footer_template":"","ocean_post_oembed":"","ocean_post_self_hosted_media":"","ocean_post_video_embed":"","ocean_link_format":"","ocean_link_format_target":"self","ocean_quote_format":"","ocean_quote_format_link":"post","ocean_gallery_link_images":"on","ocean_gallery_id":[]},"categories":[9],"tags":[3848,314,467],"acf":[],"_links":{"self":[{"href":"https:\/\/www.simepe.com.br\/novo\/wp-json\/wp\/v2\/posts\/56969"}],"collection":[{"href":"https:\/\/www.simepe.com.br\/novo\/wp-json\/wp\/v2\/posts"}],"about":[{"href":"https:\/\/www.simepe.com.br\/novo\/wp-json\/wp\/v2\/types\/post"}],"author":[{"embeddable":true,"href":"https:\/\/www.simepe.com.br\/novo\/wp-json\/wp\/v2\/users\/1"}],"replies":[{"embeddable":true,"href":"https:\/\/www.simepe.com.br\/novo\/wp-json\/wp\/v2\/comments?post=56969"}],"version-history":[{"count":1,"href":"https:\/\/www.simepe.com.br\/novo\/wp-json\/wp\/v2\/posts\/56969\/revisions"}],"predecessor-version":[{"id":56970,"href":"https:\/\/www.simepe.com.br\/novo\/wp-json\/wp\/v2\/posts\/56969\/revisions\/56970"}],"wp:attachment":[{"href":"https:\/\/www.simepe.com.br\/novo\/wp-json\/wp\/v2\/media?parent=56969"}],"wp:term":[{"taxonomy":"category","embeddable":true,"href":"https:\/\/www.simepe.com.br\/novo\/wp-json\/wp\/v2\/categories?post=56969"},{"taxonomy":"post_tag","embeddable":true,"href":"https:\/\/www.simepe.com.br\/novo\/wp-json\/wp\/v2\/tags?post=56969"}],"curies":[{"name":"wp","href":"https:\/\/api.w.org\/{rel}","templated":true}]}}