{"id":56971,"date":"2021-01-15T12:33:48","date_gmt":"2021-01-15T15:33:48","guid":{"rendered":"https:\/\/www.simepe.com.br\/novo\/?p=56971"},"modified":"2021-01-15T12:33:48","modified_gmt":"2021-01-15T15:33:48","slug":"comite-aprova-plano-de-vacinacao-contra-covid-19-em-pernambuco","status":"publish","type":"post","link":"https:\/\/www.simepe.com.br\/novo\/comite-aprova-plano-de-vacinacao-contra-covid-19-em-pernambuco\/","title":{"rendered":"Comit\u00ea aprova plano de vacina\u00e7\u00e3o contra Covid-19 em Pernambuco"},"content":{"rendered":"<p style=\"text-align: justify;\"><em>Idosos com mais de 80 anos e com mais de 60 em institui\u00e7\u00f5es de longa perman\u00eancia ser\u00e3o priorizados, segundo a Secretaria Estadual de Sa\u00fade<\/em><\/p>\n<p style=\"text-align: justify;\">O plano de imuniza\u00e7\u00e3o contra a Covid-19 em Pernambuco foi aprovado pelo comit\u00ea t\u00e9cnico estadual para acompanhamento da vacina\u00e7\u00e3o, nesta quinta-feira (14).<\/p>\n<p style=\"text-align: justify;\">Ser\u00e3o quatro etapas com 2,9 milh\u00f5es de pessoas nos grupos priorit\u00e1rios. Em reuni\u00e3o com prefeitos, o ministro da Sa\u00fade, Eduardo Pazuello, informou que a campanha dever\u00e1 come\u00e7ar na pr\u00f3xima quarta-feira (20), \u00e0s 10h. O dia e hora dependem do aval da Ag\u00eancia Nacional de Vigil\u00e2ncia Sanit\u00e1ria (Anvisa) sobre as vacinas cujos pedidos de uso emergencial est\u00e3o em an\u00e1lise.<\/p>\n<p style=\"text-align: justify;\">Entre os pontos acordados pelo comit\u00ea na reuni\u00e3o desta quinta-feira, chefiada pelo secret\u00e1rio estadual de Sa\u00fade, Andr\u00e9 Longo, est\u00e1 a poss\u00edvel prioriza\u00e7\u00e3o da vacina para idosos a partir dos 80 anos ou a partir dos 60 que estejam em institui\u00e7\u00f5es de longa perman\u00eancia.<\/p>\n<p style=\"text-align: justify;\">Na primeira etapa, tamb\u00e9m dever\u00e3o ser priorizados os profissionais de sa\u00fade que atuam em UTIs de unidades de refer\u00eancia para a Covid-19 e popula\u00e7\u00f5es ind\u00edgenas aldeadas.<\/p>\n<p style=\"text-align: justify;\">De acordo com a Secretaria Estadual de Sa\u00fade de Pernambuco (SES-PE), a prioriza\u00e7\u00e3o dos grupos est\u00e1 em fase de acordo, pois h\u00e1 previs\u00e3o de que o Minist\u00e9rio da Sa\u00fade n\u00e3o encaminhar\u00e1 na primeira remessa todas as doses para a primeira fase, com 627 mil pernambucanos beneficiados.<\/p>\n<p style=\"text-align: justify;\">Em coletiva de imprensa nessa quarta-feira (13), Andr\u00e9 Longo anunciou que o Estado dever\u00e1 receber inicialmente 360 mil doses da vacina &#8211; ainda n\u00e3o se sabe se ser\u00e1 a Coronavac\/Butantan ou a de Oxford\/AstraZeneca\/Fiocruz.<\/p>\n<p style=\"text-align: justify;\">O total corresponde \u00e0 proporcionalidade prometida pelo Minist\u00e9rio da Sa\u00fade na distribui\u00e7\u00e3o por estados. Pernambuco abriga 4,57% da popula\u00e7\u00e3o brasileira.<\/p>\n<p style=\"text-align: justify;\">Na pr\u00f3xima segunda-feira (18), o comit\u00ea estadual enviar\u00e1 o plano para a Comiss\u00e3o Intergestores Bipartite (CIB), \u00f3rg\u00e3o que re\u00fane as representa\u00e7\u00f5es das secretarias municipais para pactua\u00e7\u00f5es junto ao Estado.<\/p>\n<p style=\"text-align: justify;\">&#8220;Fizemos uma discuss\u00e3o sobre as sugest\u00f5es de aprimoramento do nosso plano operacional de vacina\u00e7\u00e3o aqui em Pernambuco, alinhamos e pactuamos uma s\u00e9rie de decis\u00f5es e, hoje, a gente pode dizer que n\u00f3s temos o plano operativo pronto [&#8230;] para que a gente possa, efetivamente, a partir da chegada das vacinas, distribuir aos munic\u00edpios para vacina\u00e7\u00e3o do primeiro grupo priorit\u00e1rio&#8221;, afirmou Andr\u00e9 Longo sobre o resultado da reuni\u00e3o.<\/p>\n<p style=\"text-align: justify;\">O secret\u00e1rio ainda destaca que o plano pretende nortear as a\u00e7\u00f5es e garantir a seguran\u00e7a das atividades e o acesso a todos aqueles contemplados nos grupos priorit\u00e1rios em todos os 184 munic\u00edpios do Estado.<\/p>\n<p style=\"text-align: justify;\">O comit\u00ea far\u00e1 reuni\u00f5es peri\u00f3dicas para liberar as quest\u00f5es necess\u00e1rias ao longo da campanha, em raz\u00e3o da dinamicidade da vacina\u00e7\u00e3o contra a Covid-19 em todo o mundo.<\/p>\n<p style=\"text-align: justify;\">&#8220;Estamos aguardando o pronunciamento do Minist\u00e9rio da Sa\u00fade quanto ao quantitativo de doses a serem encaminhadas para o Estado para a vacina\u00e7\u00e3o deste primeiro grupo priorit\u00e1rio. Refor\u00e7amos que, caso recebamos um quantitativo inferior ao grupo priorit\u00e1rio, estaremos estabelecendo novas prioridades at\u00e9 que o Minist\u00e9rio da Sa\u00fade consiga entregar todo o quantitativo de doses necess\u00e1rias&#8221;, pontuou a superintendente de Imuniza\u00e7\u00f5es da SES-PE, Ana Catarina de Melo.<\/p>\n<p style=\"text-align: justify;\">Pernambuco possui atualmente 1,5 milh\u00e3o de seringas em estoque para serem distribu\u00eddas aos munic\u00edpios. H\u00e1 ainda outras 2,5 milh\u00f5es em estoque, 2,8 milh\u00f5es adquiridas que dever\u00e3o chegar ainda em janeiro e outras 7,5 milh\u00f5es para chegar em fevereiro.<\/p>\n<p style=\"text-align: justify;\">A superintendente lembrou da import\u00e2ncia da popula\u00e7\u00e3o respeitar a ordem de prioridade e a ades\u00e3o daqueles que s\u00e3o mais vulner\u00e1veis ao coronav\u00edrus Sars-CoV-2.<\/p>\n<p style=\"text-align: justify;\">&#8220;\u00c9 muito importante que, de fato, os primeiros grupos que ser\u00e3o contemplados realizem a vacina\u00e7\u00e3o. Essa \u00e9 uma medida de controle que n\u00f3s temos para come\u00e7ar a mudar nossa realidade e tentar voltar \u00e0 vida normal, mas refor\u00e7ando que, nesse primeiro momento, n\u00f3s vamos estar vacinando, mas as pessoas precisam manter a utiliza\u00e7\u00e3o de m\u00e1scara e o distanciamento social, at\u00e9 porque n\u00f3s vamos fazer duas doses da vacina&#8221;, completa.<\/p>\n<p style=\"text-align: justify;\">Fonte: Folha de Pernambuco<\/p>\n","protected":false},"excerpt":{"rendered":"<p>Idosos com mais de 80 anos e com mais de 60 em institui\u00e7\u00f5es de longa perman\u00eancia ser\u00e3o priorizados, segundo a Secretaria Estadual de Sa\u00fade O plano de imuniza\u00e7\u00e3o contra a Covid-19 em Pernambuco foi aprovado pelo comit\u00ea t\u00e9cnico estadual para acompanhamento da vacina\u00e7\u00e3o, nesta quinta-feira (14). Ser\u00e3o quatro etapas com 2,9 milh\u00f5es de pessoas nos [&hellip;]<\/p>\n","protected":false},"author":1,"featured_media":0,"comment_status":"open","ping_status":"open","sticky":false,"template":"","format":"standard","meta":{"ocean_post_layout":"","ocean_both_sidebars_style":"","ocean_both_sidebars_content_width":0,"ocean_both_sidebars_sidebars_width":0,"ocean_sidebar":"","ocean_second_sidebar":"","ocean_disable_margins":"enable","ocean_add_body_class":"","ocean_shortcode_before_top_bar":"","ocean_shortcode_after_top_bar":"","ocean_shortcode_before_header":"","ocean_shortcode_after_header":"","ocean_has_shortcode":"","ocean_shortcode_after_title":"","ocean_shortcode_before_footer_widgets":"","ocean_shortcode_after_footer_widgets":"","ocean_shortcode_before_footer_bottom":"","ocean_shortcode_after_footer_bottom":"","ocean_display_top_bar":"default","ocean_display_header":"default","ocean_header_style":"","ocean_center_header_left_menu":"","ocean_custom_header_template":"","ocean_custom_logo":0,"ocean_custom_retina_logo":0,"ocean_custom_logo_max_width":0,"ocean_custom_logo_tablet_max_width":0,"ocean_custom_logo_mobile_max_width":0,"ocean_custom_logo_max_height":0,"ocean_custom_logo_tablet_max_height":0,"ocean_custom_logo_mobile_max_height":0,"ocean_header_custom_menu":"","ocean_menu_typo_font_family":"","ocean_menu_typo_font_subset":"","ocean_menu_typo_font_size":0,"ocean_menu_typo_font_size_tablet":0,"ocean_menu_typo_font_size_mobile":0,"ocean_menu_typo_font_size_unit":"px","ocean_menu_typo_font_weight":"","ocean_menu_typo_font_weight_tablet":"","ocean_menu_typo_font_weight_mobile":"","ocean_menu_typo_transform":"","ocean_menu_typo_transform_tablet":"","ocean_menu_typo_transform_mobile":"","ocean_menu_typo_line_height":0,"ocean_menu_typo_line_height_tablet":0,"ocean_menu_typo_line_height_mobile":0,"ocean_menu_typo_line_height_unit":"","ocean_menu_typo_spacing":0,"ocean_menu_typo_spacing_tablet":0,"ocean_menu_typo_spacing_mobile":0,"ocean_menu_typo_spacing_unit":"","ocean_menu_link_color":"","ocean_menu_link_color_hover":"","ocean_menu_link_color_active":"","ocean_menu_link_background":"","ocean_menu_link_hover_background":"","ocean_menu_link_active_background":"","ocean_menu_social_links_bg":"","ocean_menu_social_hover_links_bg":"","ocean_menu_social_links_color":"","ocean_menu_social_hover_links_color":"","ocean_disable_title":"default","ocean_disable_heading":"default","ocean_post_title":"","ocean_post_subheading":"","ocean_post_title_style":"","ocean_post_title_background_color":"","ocean_post_title_background":0,"ocean_post_title_bg_image_position":"","ocean_post_title_bg_image_attachment":"","ocean_post_title_bg_image_repeat":"","ocean_post_title_bg_image_size":"","ocean_post_title_height":0,"ocean_post_title_bg_overlay":0.5,"ocean_post_title_bg_overlay_color":"","ocean_disable_breadcrumbs":"default","ocean_breadcrumbs_color":"","ocean_breadcrumbs_separator_color":"","ocean_breadcrumbs_links_color":"","ocean_breadcrumbs_links_hover_color":"","ocean_display_footer_widgets":"default","ocean_display_footer_bottom":"default","ocean_custom_footer_template":"","ocean_post_oembed":"","ocean_post_self_hosted_media":"","ocean_post_video_embed":"","ocean_link_format":"","ocean_link_format_target":"self","ocean_quote_format":"","ocean_quote_format_link":"post","ocean_gallery_link_images":"on","ocean_gallery_id":[]},"categories":[9],"tags":[3848,338,3850],"acf":[],"_links":{"self":[{"href":"https:\/\/www.simepe.com.br\/novo\/wp-json\/wp\/v2\/posts\/56971"}],"collection":[{"href":"https:\/\/www.simepe.com.br\/novo\/wp-json\/wp\/v2\/posts"}],"about":[{"href":"https:\/\/www.simepe.com.br\/novo\/wp-json\/wp\/v2\/types\/post"}],"author":[{"embeddable":true,"href":"https:\/\/www.simepe.com.br\/novo\/wp-json\/wp\/v2\/users\/1"}],"replies":[{"embeddable":true,"href":"https:\/\/www.simepe.com.br\/novo\/wp-json\/wp\/v2\/comments?post=56971"}],"version-history":[{"count":1,"href":"https:\/\/www.simepe.com.br\/novo\/wp-json\/wp\/v2\/posts\/56971\/revisions"}],"predecessor-version":[{"id":56972,"href":"https:\/\/www.simepe.com.br\/novo\/wp-json\/wp\/v2\/posts\/56971\/revisions\/56972"}],"wp:attachment":[{"href":"https:\/\/www.simepe.com.br\/novo\/wp-json\/wp\/v2\/media?parent=56971"}],"wp:term":[{"taxonomy":"category","embeddable":true,"href":"https:\/\/www.simepe.com.br\/novo\/wp-json\/wp\/v2\/categories?post=56971"},{"taxonomy":"post_tag","embeddable":true,"href":"https:\/\/www.simepe.com.br\/novo\/wp-json\/wp\/v2\/tags?post=56971"}],"curies":[{"name":"wp","href":"https:\/\/api.w.org\/{rel}","templated":true}]}}