{"id":56973,"date":"2021-01-15T12:38:24","date_gmt":"2021-01-15T15:38:24","guid":{"rendered":"https:\/\/www.simepe.com.br\/novo\/?p=56973"},"modified":"2021-01-15T12:38:24","modified_gmt":"2021-01-15T15:38:24","slug":"covid-19-samu-recife-envia-mais-de-65-mil-ambulancias-para-atendimento-de-casos-graves-em-2020","status":"publish","type":"post","link":"https:\/\/www.simepe.com.br\/novo\/covid-19-samu-recife-envia-mais-de-65-mil-ambulancias-para-atendimento-de-casos-graves-em-2020\/","title":{"rendered":"Covid-19: Samu Recife envia mais de 6,5 mil ambul\u00e2ncias para atendimento de casos graves em 2020"},"content":{"rendered":"<p style=\"text-align: justify;\">Ao longo de todo o ano passado, desde o in\u00edcio das suspeitas pela covid-19, o Samu Recife registrou 12.559 chamados por causas respirat\u00f3rias, condi\u00e7\u00e3o que inclui as pessoas com sintomas sugestivos da infec\u00e7\u00e3o<\/p>\n<p style=\"text-align: justify;\">O Samu Metropolitano do Recife registrou 12.559 chamados por causas respirat\u00f3rias ao longo de 2020, a contar do atendimento do primeiro caso suspeito de covid-19 na cidade, no dia 25 de fevereiro do ano passado. Esses chamados resultaram em 6.510 acionamentos de ambul\u00e2ncias para prestar socorro a pacientes com s\u00edndrome respirat\u00f3ria aguda grave (srag) suspeita da infec\u00e7\u00e3o pelo novo coronav\u00edrus.<\/p>\n<p style=\"text-align: justify;\">Diante do cen\u00e1rio vivenciado pela crise da assist\u00eancia \u00e0 sa\u00fade, devido \u00e0 pandemia de covid-19, o Samu 192 Recife tornou-se a porta de entrada para pacientes com sintomas sugestivos da doen\u00e7a. Al\u00e9m disso, o servi\u00e7o tornou-se o respons\u00e1vel pelo transporte entre as unidades de atendimento inicial e os hospitais de refer\u00eancia para o atendimento a infectados pelo v\u00edrus, na linha de frente do enfrentamento \u00e0 covid-19.<\/p>\n<p style=\"text-align: justify;\">No m de outubro do ano passado, quando Recife come\u00e7ou a dar os primeiros sinais de repique da covid-19, o Samu despontou, assim como no in\u00edcio da pandemia na capital, como um dos principais term\u00f4metros da covid-19 no Recife. Naquele m\u00eas, paralelamente \u00e0 percep\u00e7\u00e3o de aumento de casos sugestivos da doen\u00e7a, em hospitais e demais servi\u00e7os, o Samu voltou a registrar curva ascendente de chamados para atendimento a casos suspeitos.<\/p>\n<p style=\"text-align: justify;\">\n&#8220;O Samu \u00e9 um dos melhores observat\u00f3rios de emerg\u00eancia de qualquer modelo da \u00e1rea de sa\u00fade, porque (o fen\u00f4meno) grita primeiro na gente. Apesar da investiga\u00e7\u00e3o epidemiol\u00f3gica muitas vezes preceder surtos ou, at\u00e9 mesmo, s\u00f3 chegar depois para poder identicar a situa\u00e7\u00e3o, o Samu grita antes&#8221;, diz o m\u00e9dico Leonardo Gomes, diretor-geral do Samu Metropolitano do Recife. &#8220;No come\u00e7o da pandemia, a gente apontou para a quest\u00e3o das ILPIs (institui\u00e7\u00f5es de longa perman\u00eancia para idosos, onde vivem pessoas do grupo de risco para agravamento pela covid-19). Conseguimos indicar fen\u00f4menos, e isso vale para a pandemia, para acidentes e para o dia a dia&#8221;, acrescenta.<\/p>\n<p style=\"text-align: justify;\">Fonte: Jornal do Commercio<\/p>\n","protected":false},"excerpt":{"rendered":"<p>Ao longo de todo o ano passado, desde o in\u00edcio das suspeitas pela covid-19, o Samu Recife registrou 12.559 chamados por causas respirat\u00f3rias, condi\u00e7\u00e3o que inclui as pessoas com sintomas sugestivos da infec\u00e7\u00e3o O Samu Metropolitano do Recife registrou 12.559 chamados por causas respirat\u00f3rias ao longo de 2020, a contar do atendimento do primeiro caso [&hellip;]<\/p>\n","protected":false},"author":1,"featured_media":0,"comment_status":"open","ping_status":"open","sticky":false,"template":"","format":"standard","meta":{"ocean_post_layout":"","ocean_both_sidebars_style":"","ocean_both_sidebars_content_width":0,"ocean_both_sidebars_sidebars_width":0,"ocean_sidebar":"","ocean_second_sidebar":"","ocean_disable_margins":"enable","ocean_add_body_class":"","ocean_shortcode_before_top_bar":"","ocean_shortcode_after_top_bar":"","ocean_shortcode_before_header":"","ocean_shortcode_after_header":"","ocean_has_shortcode":"","ocean_shortcode_after_title":"","ocean_shortcode_before_footer_widgets":"","ocean_shortcode_after_footer_widgets":"","ocean_shortcode_before_footer_bottom":"","ocean_shortcode_after_footer_bottom":"","ocean_display_top_bar":"default","ocean_display_header":"default","ocean_header_style":"","ocean_center_header_left_menu":"","ocean_custom_header_template":"","ocean_custom_logo":0,"ocean_custom_retina_logo":0,"ocean_custom_logo_max_width":0,"ocean_custom_logo_tablet_max_width":0,"ocean_custom_logo_mobile_max_width":0,"ocean_custom_logo_max_height":0,"ocean_custom_logo_tablet_max_height":0,"ocean_custom_logo_mobile_max_height":0,"ocean_header_custom_menu":"","ocean_menu_typo_font_family":"","ocean_menu_typo_font_subset":"","ocean_menu_typo_font_size":0,"ocean_menu_typo_font_size_tablet":0,"ocean_menu_typo_font_size_mobile":0,"ocean_menu_typo_font_size_unit":"px","ocean_menu_typo_font_weight":"","ocean_menu_typo_font_weight_tablet":"","ocean_menu_typo_font_weight_mobile":"","ocean_menu_typo_transform":"","ocean_menu_typo_transform_tablet":"","ocean_menu_typo_transform_mobile":"","ocean_menu_typo_line_height":0,"ocean_menu_typo_line_height_tablet":0,"ocean_menu_typo_line_height_mobile":0,"ocean_menu_typo_line_height_unit":"","ocean_menu_typo_spacing":0,"ocean_menu_typo_spacing_tablet":0,"ocean_menu_typo_spacing_mobile":0,"ocean_menu_typo_spacing_unit":"","ocean_menu_link_color":"","ocean_menu_link_color_hover":"","ocean_menu_link_color_active":"","ocean_menu_link_background":"","ocean_menu_link_hover_background":"","ocean_menu_link_active_background":"","ocean_menu_social_links_bg":"","ocean_menu_social_hover_links_bg":"","ocean_menu_social_links_color":"","ocean_menu_social_hover_links_color":"","ocean_disable_title":"default","ocean_disable_heading":"default","ocean_post_title":"","ocean_post_subheading":"","ocean_post_title_style":"","ocean_post_title_background_color":"","ocean_post_title_background":0,"ocean_post_title_bg_image_position":"","ocean_post_title_bg_image_attachment":"","ocean_post_title_bg_image_repeat":"","ocean_post_title_bg_image_size":"","ocean_post_title_height":0,"ocean_post_title_bg_overlay":0.5,"ocean_post_title_bg_overlay_color":"","ocean_disable_breadcrumbs":"default","ocean_breadcrumbs_color":"","ocean_breadcrumbs_separator_color":"","ocean_breadcrumbs_links_color":"","ocean_breadcrumbs_links_hover_color":"","ocean_display_footer_widgets":"default","ocean_display_footer_bottom":"default","ocean_custom_footer_template":"","ocean_post_oembed":"","ocean_post_self_hosted_media":"","ocean_post_video_embed":"","ocean_link_format":"","ocean_link_format_target":"self","ocean_quote_format":"","ocean_quote_format_link":"post","ocean_gallery_link_images":"on","ocean_gallery_id":[]},"categories":[9],"tags":[276,3848,138],"acf":[],"_links":{"self":[{"href":"https:\/\/www.simepe.com.br\/novo\/wp-json\/wp\/v2\/posts\/56973"}],"collection":[{"href":"https:\/\/www.simepe.com.br\/novo\/wp-json\/wp\/v2\/posts"}],"about":[{"href":"https:\/\/www.simepe.com.br\/novo\/wp-json\/wp\/v2\/types\/post"}],"author":[{"embeddable":true,"href":"https:\/\/www.simepe.com.br\/novo\/wp-json\/wp\/v2\/users\/1"}],"replies":[{"embeddable":true,"href":"https:\/\/www.simepe.com.br\/novo\/wp-json\/wp\/v2\/comments?post=56973"}],"version-history":[{"count":1,"href":"https:\/\/www.simepe.com.br\/novo\/wp-json\/wp\/v2\/posts\/56973\/revisions"}],"predecessor-version":[{"id":56974,"href":"https:\/\/www.simepe.com.br\/novo\/wp-json\/wp\/v2\/posts\/56973\/revisions\/56974"}],"wp:attachment":[{"href":"https:\/\/www.simepe.com.br\/novo\/wp-json\/wp\/v2\/media?parent=56973"}],"wp:term":[{"taxonomy":"category","embeddable":true,"href":"https:\/\/www.simepe.com.br\/novo\/wp-json\/wp\/v2\/categories?post=56973"},{"taxonomy":"post_tag","embeddable":true,"href":"https:\/\/www.simepe.com.br\/novo\/wp-json\/wp\/v2\/tags?post=56973"}],"curies":[{"name":"wp","href":"https:\/\/api.w.org\/{rel}","templated":true}]}}