{"id":56987,"date":"2021-01-18T10:34:54","date_gmt":"2021-01-18T13:34:54","guid":{"rendered":"https:\/\/www.simepe.com.br\/novo\/?p=56987"},"modified":"2021-01-18T10:34:54","modified_gmt":"2021-01-18T13:34:54","slug":"estoques-de-oxigenio-devem-ser-informados-todos-os-dias-por-hospitais-publicos-e-privados-diz-cremepe","status":"publish","type":"post","link":"https:\/\/www.simepe.com.br\/novo\/estoques-de-oxigenio-devem-ser-informados-todos-os-dias-por-hospitais-publicos-e-privados-diz-cremepe\/","title":{"rendered":"Estoques de oxig\u00eanio devem ser informados todos os dias por hospitais p\u00fablicos e privados, diz Cremepe"},"content":{"rendered":"<p style=\"text-align: justify;\">Conselho Regional de Medicina informou, neste s\u00e1bado (16), que fez a notifica\u00e7\u00e3o de diretores de unidades para que tamb\u00e9m informem disponibilidade de equipamentos de prote\u00e7\u00e3o individual.<\/p>\n<p style=\"text-align: justify;\">O Conselho Regional de Medicina de Pernambuco (Cremepe) informou, neste s\u00e1bado (16), que notificou os diretores t\u00e9cnicos e diretores cl\u00ednicos de unidades de sa\u00fade p\u00fablicas e privadas, para que informem diariamente o estoque de oxig\u00eanio medicinal. Os estabelecimentos tamb\u00e9m dever\u00e3o informar a disponibilidade de equipamentos de prote\u00e7\u00e3o individual e insumos.<\/p>\n<p style=\"text-align: justify;\">Em nota divulgada pela diretoria, o \u00f3rg\u00e3o tamb\u00e9m disse que as medidas adotadas pelo governo do estado para preven\u00e7\u00e3o da Covid-19 &#8220;v\u00eam se comprovando ineficazes para diminui\u00e7\u00e3o da taxa de infec\u00e7\u00e3o e mortalidade&#8221; pela doen\u00e7a.<\/p>\n<p style=\"text-align: justify;\">A nota foi divulgada devido ao colapso do sistema de sa\u00fade em Manaus (AM), que teve recorde de interna\u00e7\u00f5es e falta de oxig\u00eanio nas unidades de sa\u00fade.<\/p>\n<p style=\"text-align: justify;\">O Hospital das Cl\u00ednicas do Recife, gerido pela Universidade Federal de Pernambuco, disponibilizou dez leitos para amazonenses com Covid-19 e as For\u00e7as Armadas enviaram um avi\u00e3o da capital pernambucana para montar um hospital de campanha.<\/p>\n<p style=\"text-align: justify;\">Na nota divulgada pelo Cremepe, o \u00f3rg\u00e3o afirma que a divulga\u00e7\u00e3o dos estoques de oxig\u00eanio e insumos deve ocorrer devido \u00e0 &#8220;urgente manuten\u00e7\u00e3o de estoques condizentes com o aumento esperado de pacientes graves para os pr\u00f3ximos meses&#8221;.<\/p>\n<p style=\"text-align: justify;\">A decis\u00e3o se baseia em resolu\u00e7\u00f5es do conselho que falam sobre a necessidade de atualiza\u00e7\u00e3o do sistema de notifica\u00e7\u00f5es de Covid-19.<\/p>\n<p style=\"text-align: justify;\">O Cremepe tamb\u00e9m afirma que devem prevalecer os princ\u00edpios que norteiam o tratamento do paciente com Covid-19, como &#8220;valoriza\u00e7\u00e3o da rela\u00e7\u00e3o m\u00e9dico-paciente, apoio irrestrito \u00e0s condutas propostas pelas sociedades nacionais de especialidades m\u00e9dicas e comunidade cient\u00edfica internacional, apoio incondicional \u00e0 conduta dos nossos m\u00e9dicos pela postura e autonomia \u00e9tica demonstradas em defesa dos seus pacientes, tendo por foco uma medicina baseada em crit\u00e9rios puramente t\u00e9cnico-cient\u00edficos&#8221;.<\/p>\n<p style=\"text-align: justify;\">A nota tamb\u00e9m afirma que a vacina\u00e7\u00e3o, que ainda n\u00e3o come\u00e7ou no Brasil devido \u00e0 falta de aprova\u00e7\u00e3o de imunizantes pela Ag\u00eancia Nacional de Vigil\u00e2ncia Sanit\u00e1ria (Anvisa), &#8220;deve ser fortemente estimulada no pa\u00eds, sendo um ato de prote\u00e7\u00e3o individual, mas, sobretudo, um ato c\u00edvico que beneficiar\u00e1 toda a popula\u00e7\u00e3o, devendo ser realizada pelo estado de forma compuls\u00f3ria&#8221;, conforme entendimento do Supremo Tribunal Federal.<\/p>\n<p style=\"text-align: justify;\"><strong>Resposta<\/strong><br \/>\nPor meio de nota, o governo disse que faz o monitoramento do estoques de insumos e oxig\u00eanio desde o in\u00edcio da pandemia, na rede estadual, e que &#8220;a rede de sa\u00fade sob gest\u00e3o direta da SES-PE tem um consumo mensal de oxig\u00eanio medicinal de aproximadamente 437 metros c\u00fabicos.<\/p>\n<p style=\"text-align: justify;\">Segundo o estado, em maio, &#8220;quando os servi\u00e7os registraram uso acelerado de oxig\u00eanio, com aumento de 18% no consumo em compara\u00e7\u00e3o a m\u00e9dia atual, n\u00e3o houve qualquer intercorr\u00eancia no fornecimento do insumo&#8221; e que &#8220;o principal fornecedor de oxig\u00eanio medicinal da Secretaria Estadual de Sa\u00fade tem um polo industrial em funcionamento em Pernambuco, que tamb\u00e9m \u00e9 respons\u00e1vel pelo abastecimento de outros tr\u00eas estados vizinhos&#8221;.<\/p>\n<p style=\"text-align: justify;\">Sobre as cr\u00edticas \u00e0 inefic\u00e1cia das medidas de preven\u00e7\u00e3o \u00e0 Covid-19, o estado disse que &#8220;tem atuado com total transpar\u00eancia e todas as medidas de enfrentamento ao novo coronav\u00edrus t\u00eam sido tomadas com base em dados epidemiol\u00f3gicos, evid\u00eancias cient\u00edficas e indicadores da doen\u00e7a&#8221;.<\/p>\n<p style=\"text-align: justify;\">&#8220;Neste sentido, a SES-PE informa que o monitoramento do cen\u00e1rio epidemiol\u00f3gico e dos indicadores da doen\u00e7a continua sendo feito diariamente e o Comit\u00ea de Enfrentamento \u00e0 Covid-19 em Pernambuco n\u00e3o hesitar\u00e1 em tomar qualquer medida mais restritiva, caso seja necess\u00e1rio, diante dos indicadores&#8221;, disse.<\/p>\n<p style=\"text-align: justify;\">Por fim, a o governo disse que &#8220;continua fiscalizando o abastecimento das unidades para assegurar os estoques e, assim, garantir a assist\u00eancia \u00e0 popula\u00e7\u00e3o pernambucana&#8221;.<\/p>\n<p style=\"text-align: justify;\"><strong>Pandemia em Pernambuco<\/strong><br \/>\nPernambuco registrou, neste s\u00e1bado (16), mais 1.450 casos da Covid-19 e 29 mortes de pacientes contaminados pelo novo coronav\u00edrus. No estado, h\u00e1 240.605 confirma\u00e7\u00f5es e 9.993 \u00f3bitos. Os dados come\u00e7aram a ser registrados em mar\u00e7o de 2020.<\/p>\n<p style=\"text-align: justify;\">Fonte: G1<\/p>\n","protected":false},"excerpt":{"rendered":"<p>Conselho Regional de Medicina informou, neste s\u00e1bado (16), que fez a notifica\u00e7\u00e3o de diretores de unidades para que tamb\u00e9m informem disponibilidade de equipamentos de prote\u00e7\u00e3o individual. O Conselho Regional de Medicina de Pernambuco (Cremepe) informou, neste s\u00e1bado (16), que notificou os diretores t\u00e9cnicos e diretores cl\u00ednicos de unidades de sa\u00fade p\u00fablicas e privadas, para que [&hellip;]<\/p>\n","protected":false},"author":1,"featured_media":0,"comment_status":"open","ping_status":"open","sticky":false,"template":"","format":"standard","meta":{"ocean_post_layout":"","ocean_both_sidebars_style":"","ocean_both_sidebars_content_width":0,"ocean_both_sidebars_sidebars_width":0,"ocean_sidebar":"","ocean_second_sidebar":"","ocean_disable_margins":"enable","ocean_add_body_class":"","ocean_shortcode_before_top_bar":"","ocean_shortcode_after_top_bar":"","ocean_shortcode_before_header":"","ocean_shortcode_after_header":"","ocean_has_shortcode":"","ocean_shortcode_after_title":"","ocean_shortcode_before_footer_widgets":"","ocean_shortcode_after_footer_widgets":"","ocean_shortcode_before_footer_bottom":"","ocean_shortcode_after_footer_bottom":"","ocean_display_top_bar":"default","ocean_display_header":"default","ocean_header_style":"","ocean_center_header_left_menu":"","ocean_custom_header_template":"","ocean_custom_logo":0,"ocean_custom_retina_logo":0,"ocean_custom_logo_max_width":0,"ocean_custom_logo_tablet_max_width":0,"ocean_custom_logo_mobile_max_width":0,"ocean_custom_logo_max_height":0,"ocean_custom_logo_tablet_max_height":0,"ocean_custom_logo_mobile_max_height":0,"ocean_header_custom_menu":"","ocean_menu_typo_font_family":"","ocean_menu_typo_font_subset":"","ocean_menu_typo_font_size":0,"ocean_menu_typo_font_size_tablet":0,"ocean_menu_typo_font_size_mobile":0,"ocean_menu_typo_font_size_unit":"px","ocean_menu_typo_font_weight":"","ocean_menu_typo_font_weight_tablet":"","ocean_menu_typo_font_weight_mobile":"","ocean_menu_typo_transform":"","ocean_menu_typo_transform_tablet":"","ocean_menu_typo_transform_mobile":"","ocean_menu_typo_line_height":0,"ocean_menu_typo_line_height_tablet":0,"ocean_menu_typo_line_height_mobile":0,"ocean_menu_typo_line_height_unit":"","ocean_menu_typo_spacing":0,"ocean_menu_typo_spacing_tablet":0,"ocean_menu_typo_spacing_mobile":0,"ocean_menu_typo_spacing_unit":"","ocean_menu_link_color":"","ocean_menu_link_color_hover":"","ocean_menu_link_color_active":"","ocean_menu_link_background":"","ocean_menu_link_hover_background":"","ocean_menu_link_active_background":"","ocean_menu_social_links_bg":"","ocean_menu_social_hover_links_bg":"","ocean_menu_social_links_color":"","ocean_menu_social_hover_links_color":"","ocean_disable_title":"default","ocean_disable_heading":"default","ocean_post_title":"","ocean_post_subheading":"","ocean_post_title_style":"","ocean_post_title_background_color":"","ocean_post_title_background":0,"ocean_post_title_bg_image_position":"","ocean_post_title_bg_image_attachment":"","ocean_post_title_bg_image_repeat":"","ocean_post_title_bg_image_size":"","ocean_post_title_height":0,"ocean_post_title_bg_overlay":0.5,"ocean_post_title_bg_overlay_color":"","ocean_disable_breadcrumbs":"default","ocean_breadcrumbs_color":"","ocean_breadcrumbs_separator_color":"","ocean_breadcrumbs_links_color":"","ocean_breadcrumbs_links_hover_color":"","ocean_display_footer_widgets":"default","ocean_display_footer_bottom":"default","ocean_custom_footer_template":"","ocean_post_oembed":"","ocean_post_self_hosted_media":"","ocean_post_video_embed":"","ocean_link_format":"","ocean_link_format_target":"self","ocean_quote_format":"","ocean_quote_format_link":"post","ocean_gallery_link_images":"on","ocean_gallery_id":[]},"categories":[9],"tags":[3848,3864,3865],"acf":[],"_links":{"self":[{"href":"https:\/\/www.simepe.com.br\/novo\/wp-json\/wp\/v2\/posts\/56987"}],"collection":[{"href":"https:\/\/www.simepe.com.br\/novo\/wp-json\/wp\/v2\/posts"}],"about":[{"href":"https:\/\/www.simepe.com.br\/novo\/wp-json\/wp\/v2\/types\/post"}],"author":[{"embeddable":true,"href":"https:\/\/www.simepe.com.br\/novo\/wp-json\/wp\/v2\/users\/1"}],"replies":[{"embeddable":true,"href":"https:\/\/www.simepe.com.br\/novo\/wp-json\/wp\/v2\/comments?post=56987"}],"version-history":[{"count":1,"href":"https:\/\/www.simepe.com.br\/novo\/wp-json\/wp\/v2\/posts\/56987\/revisions"}],"predecessor-version":[{"id":56988,"href":"https:\/\/www.simepe.com.br\/novo\/wp-json\/wp\/v2\/posts\/56987\/revisions\/56988"}],"wp:attachment":[{"href":"https:\/\/www.simepe.com.br\/novo\/wp-json\/wp\/v2\/media?parent=56987"}],"wp:term":[{"taxonomy":"category","embeddable":true,"href":"https:\/\/www.simepe.com.br\/novo\/wp-json\/wp\/v2\/categories?post=56987"},{"taxonomy":"post_tag","embeddable":true,"href":"https:\/\/www.simepe.com.br\/novo\/wp-json\/wp\/v2\/tags?post=56987"}],"curies":[{"name":"wp","href":"https:\/\/api.w.org\/{rel}","templated":true}]}}