{"id":57001,"date":"2021-01-18T10:45:46","date_gmt":"2021-01-18T13:45:46","guid":{"rendered":"https:\/\/www.simepe.com.br\/novo\/?p=57001"},"modified":"2021-01-18T10:45:46","modified_gmt":"2021-01-18T13:45:46","slug":"pe-estima-receber-270-mil-doses-de-vacina-contra-covid-19-e-beneficiar-pessoal-de-saude-idosos-e-indigenas","status":"publish","type":"post","link":"https:\/\/www.simepe.com.br\/novo\/pe-estima-receber-270-mil-doses-de-vacina-contra-covid-19-e-beneficiar-pessoal-de-saude-idosos-e-indigenas\/","title":{"rendered":"PE estima receber 270 mil doses de vacina contra Covid-19 e beneficiar pessoal de sa\u00fade, idosos e ind\u00edgenas"},"content":{"rendered":"<p style=\"text-align: justify;\">Com essa quantidade prevista no primeiro lote, segundo o governo do estado, 129 mil pessoas de grupos priorit\u00e1rios poder\u00e3o receber duas doses da Coronavac, aprovada neste domingo (17), pela Anvisa.<\/p>\n<p style=\"text-align: justify;\">Pernambuco estima receber, no primeiro lote, cerca de 270 mil doses da CoronaVac, vacina desenvolvida pelo laborat\u00f3rio chin\u00eas Sinovac em parceria com o Instituto Butantan. O imunizante teve o pedido de uso emergencial aprovado pela Ag\u00eancia Nacional de Vigil\u00e2ncia Sanit\u00e1ria (Anvisa), neste domingo (17).<\/p>\n<p style=\"text-align: justify;\">Isso seria suficiente para vacinar, com duas doses, 129 mil pessoas que fazem parte de grupos priorit\u00e1rios. Entre essas pessoas est\u00e3o profissionais de sa\u00fade, idosos com mais de 60 anos que est\u00e3o em asilos e ind\u00edgenas aldeados.<\/p>\n<p style=\"text-align: justify;\">A quantidade de pessoas imunizadas nesta primeira fase corresponde a cerca de 4,4% do total de 2,9 milh\u00f5es de pernambucanos inclu\u00eddos nos grupos priorit\u00e1rios. Essas informa\u00e7\u00f5es foram repassadas por meio de nota, divulgada na noite deste domingo.<\/p>\n<p style=\"text-align: justify;\">As doses que tiveram o uso emergencial aprovado foram importadas da China e est\u00e3o em S\u00e3o Paulo, na sede do Instituto Butantan. Elas foram requisitadas emergencialmente pelo Minist\u00e9rio da Sa\u00fade, depois do fracasso na tentativa de importa\u00e7\u00e3o de 2 milh\u00f5es de doses da vacina da Universidade de Oxford, que tamb\u00e9m foi aprovada neste domingo.<\/p>\n<p style=\"text-align: justify;\">Antes, o plano inicial divulgado pelo estado, que dividiu em quatro grupos a popula\u00e7\u00e3o priorit\u00e1ria, previa tamb\u00e9m a vacina\u00e7\u00e3o de idosos com 80 anos ou mais. O G1 questionou o estado sobre a mudan\u00e7a no plano de vacina\u00e7\u00e3o, mas n\u00e3o obteve resposta at\u00e9 a \u00faltima atualiza\u00e7\u00e3o desta reportagem.<\/p>\n<p style=\"text-align: justify;\">O governo informou, ainda, que o governador Paulo C\u00e2mara (PSB) vai acompanhar do Recife a cerim\u00f4nia de entrega das primeira doses da vacina, marcada para o in\u00edcio da manh\u00e3 da segunda-feira (18). No mesmo dia, haver\u00e1 reuni\u00e3o do Gabinete de Enfrentamento ao Novo Coronav\u00edrus, para finalizar o plano de operacionaliza\u00e7\u00e3o da vacina\u00e7\u00e3o.<\/p>\n<p style=\"text-align: justify;\">Esse plano foi aprovado por um comit\u00ea criado para acompanhar a imuniza\u00e7\u00e3o, mas detalhes log\u00edsticos n\u00e3o foram divulgados. O estado disse que organizaria a distribui\u00e7\u00e3o com os munic\u00edpios na segunda-feira (18).<\/p>\n<p style=\"text-align: justify;\">Tamb\u00e9m neste domingo, o prefeito do Recife, Jo\u00e3o Campos, anunciou que pode contratar at\u00e9 745 funcion\u00e1rios para atuar no plano de vacina\u00e7\u00e3o, se houver demanda. Esses profissionais passaram num concurso dois anos antes, em 2019, e aguardavam o chamamento.<\/p>\n<p style=\"text-align: justify;\"><strong>Pandemia em Pernambuco<\/strong><br \/>\nNo dia em que o Brasil teve a aprova\u00e7\u00e3o de uso emergencial de duas vacinas contra a Covid-19, Pernambuco ultrapassou, neste domingo (17), a marca de 10 mil mortes provocadas pela doen\u00e7a. Os dados est\u00e3o no boletim divulgado pela Secretaria Estadual de sa\u00fade (SES). Nas \u00faltimas 24 horas, de acordo com o boletim, foram confirmados 482 casos e 27 \u00f3bitos.<\/p>\n<p style=\"text-align: justify;\">As mortes confirmadas neste domingo ocorreram entre o dia 9 de junho de 2020, sete meses atr\u00e1s, e a sexta-feira (15). Segundo o governo, desde o in\u00edcio da pandemia, em mar\u00e7o Pernambuco registrou 241.087 casos do novo coronav\u00edrus e 10.020 \u00f3bitos.<\/p>\n<p style=\"text-align: justify;\">Fonte: G1<\/p>\n","protected":false},"excerpt":{"rendered":"<p>Com essa quantidade prevista no primeiro lote, segundo o governo do estado, 129 mil pessoas de grupos priorit\u00e1rios poder\u00e3o receber duas doses da Coronavac, aprovada neste domingo (17), pela Anvisa. Pernambuco estima receber, no primeiro lote, cerca de 270 mil doses da CoronaVac, vacina desenvolvida pelo laborat\u00f3rio chin\u00eas Sinovac em parceria com o Instituto Butantan. [&hellip;]<\/p>\n","protected":false},"author":1,"featured_media":0,"comment_status":"open","ping_status":"open","sticky":false,"template":"","format":"standard","meta":{"ocean_post_layout":"","ocean_both_sidebars_style":"","ocean_both_sidebars_content_width":0,"ocean_both_sidebars_sidebars_width":0,"ocean_sidebar":"","ocean_second_sidebar":"","ocean_disable_margins":"enable","ocean_add_body_class":"","ocean_shortcode_before_top_bar":"","ocean_shortcode_after_top_bar":"","ocean_shortcode_before_header":"","ocean_shortcode_after_header":"","ocean_has_shortcode":"","ocean_shortcode_after_title":"","ocean_shortcode_before_footer_widgets":"","ocean_shortcode_after_footer_widgets":"","ocean_shortcode_before_footer_bottom":"","ocean_shortcode_after_footer_bottom":"","ocean_display_top_bar":"default","ocean_display_header":"default","ocean_header_style":"","ocean_center_header_left_menu":"","ocean_custom_header_template":"","ocean_custom_logo":0,"ocean_custom_retina_logo":0,"ocean_custom_logo_max_width":0,"ocean_custom_logo_tablet_max_width":0,"ocean_custom_logo_mobile_max_width":0,"ocean_custom_logo_max_height":0,"ocean_custom_logo_tablet_max_height":0,"ocean_custom_logo_mobile_max_height":0,"ocean_header_custom_menu":"","ocean_menu_typo_font_family":"","ocean_menu_typo_font_subset":"","ocean_menu_typo_font_size":0,"ocean_menu_typo_font_size_tablet":0,"ocean_menu_typo_font_size_mobile":0,"ocean_menu_typo_font_size_unit":"px","ocean_menu_typo_font_weight":"","ocean_menu_typo_font_weight_tablet":"","ocean_menu_typo_font_weight_mobile":"","ocean_menu_typo_transform":"","ocean_menu_typo_transform_tablet":"","ocean_menu_typo_transform_mobile":"","ocean_menu_typo_line_height":0,"ocean_menu_typo_line_height_tablet":0,"ocean_menu_typo_line_height_mobile":0,"ocean_menu_typo_line_height_unit":"","ocean_menu_typo_spacing":0,"ocean_menu_typo_spacing_tablet":0,"ocean_menu_typo_spacing_mobile":0,"ocean_menu_typo_spacing_unit":"","ocean_menu_link_color":"","ocean_menu_link_color_hover":"","ocean_menu_link_color_active":"","ocean_menu_link_background":"","ocean_menu_link_hover_background":"","ocean_menu_link_active_background":"","ocean_menu_social_links_bg":"","ocean_menu_social_hover_links_bg":"","ocean_menu_social_links_color":"","ocean_menu_social_hover_links_color":"","ocean_disable_title":"default","ocean_disable_heading":"default","ocean_post_title":"","ocean_post_subheading":"","ocean_post_title_style":"","ocean_post_title_background_color":"","ocean_post_title_background":0,"ocean_post_title_bg_image_position":"","ocean_post_title_bg_image_attachment":"","ocean_post_title_bg_image_repeat":"","ocean_post_title_bg_image_size":"","ocean_post_title_height":0,"ocean_post_title_bg_overlay":0.5,"ocean_post_title_bg_overlay_color":"","ocean_disable_breadcrumbs":"default","ocean_breadcrumbs_color":"","ocean_breadcrumbs_separator_color":"","ocean_breadcrumbs_links_color":"","ocean_breadcrumbs_links_hover_color":"","ocean_display_footer_widgets":"default","ocean_display_footer_bottom":"default","ocean_custom_footer_template":"","ocean_post_oembed":"","ocean_post_self_hosted_media":"","ocean_post_video_embed":"","ocean_link_format":"","ocean_link_format_target":"self","ocean_quote_format":"","ocean_quote_format_link":"post","ocean_gallery_link_images":"on","ocean_gallery_id":[]},"categories":[9],"tags":[3848,3867,411],"acf":[],"_links":{"self":[{"href":"https:\/\/www.simepe.com.br\/novo\/wp-json\/wp\/v2\/posts\/57001"}],"collection":[{"href":"https:\/\/www.simepe.com.br\/novo\/wp-json\/wp\/v2\/posts"}],"about":[{"href":"https:\/\/www.simepe.com.br\/novo\/wp-json\/wp\/v2\/types\/post"}],"author":[{"embeddable":true,"href":"https:\/\/www.simepe.com.br\/novo\/wp-json\/wp\/v2\/users\/1"}],"replies":[{"embeddable":true,"href":"https:\/\/www.simepe.com.br\/novo\/wp-json\/wp\/v2\/comments?post=57001"}],"version-history":[{"count":1,"href":"https:\/\/www.simepe.com.br\/novo\/wp-json\/wp\/v2\/posts\/57001\/revisions"}],"predecessor-version":[{"id":57003,"href":"https:\/\/www.simepe.com.br\/novo\/wp-json\/wp\/v2\/posts\/57001\/revisions\/57003"}],"wp:attachment":[{"href":"https:\/\/www.simepe.com.br\/novo\/wp-json\/wp\/v2\/media?parent=57001"}],"wp:term":[{"taxonomy":"category","embeddable":true,"href":"https:\/\/www.simepe.com.br\/novo\/wp-json\/wp\/v2\/categories?post=57001"},{"taxonomy":"post_tag","embeddable":true,"href":"https:\/\/www.simepe.com.br\/novo\/wp-json\/wp\/v2\/tags?post=57001"}],"curies":[{"name":"wp","href":"https:\/\/api.w.org\/{rel}","templated":true}]}}