{"id":57018,"date":"2021-01-18T11:36:27","date_gmt":"2021-01-18T14:36:27","guid":{"rendered":"https:\/\/www.simepe.com.br\/novo\/?p=57018"},"modified":"2021-01-18T11:36:27","modified_gmt":"2021-01-18T14:36:27","slug":"em-oficio-ao-ministerio-da-saude-sindicato-solicita-atuacao-como-posto-de-vacinacao-contra-covid-19-para-medicos","status":"publish","type":"post","link":"https:\/\/www.simepe.com.br\/novo\/em-oficio-ao-ministerio-da-saude-sindicato-solicita-atuacao-como-posto-de-vacinacao-contra-covid-19-para-medicos\/","title":{"rendered":"Em of\u00edcio ao Minist\u00e9rio da Sa\u00fade, Sindicato solicita atua\u00e7\u00e3o como posto de vacina\u00e7\u00e3o contra Covid-19 para m\u00e9dicos"},"content":{"rendered":"<p>Nesta segunda-feira (11), o Sindicato dos M\u00e9dicos do Cear\u00e1 enviou of\u00edcio para o Minist\u00e9rio da Sa\u00fade no qual se coloca \u00e0 disposi\u00e7\u00e3o para colaborar com a vacina\u00e7\u00e3o dos m\u00e9dicos cearenses que est\u00e3o atuando na linha de frente no combate \u00e0 Covid-19. A institui\u00e7\u00e3o oferece espa\u00e7o f\u00edsico pr\u00f3prio, al\u00e9m de armazenamento e aplica\u00e7\u00e3o da vacina, seguindo todo protocolo necess\u00e1rio.<\/p>\n<p>Para o presidente do Sindicato, Dr. Edmar Fernandes, a iniciativa \u00e9 vantajosa, porque pretende descentralizar o m\u00e1ximo poss\u00edvel a vacina\u00e7\u00e3o para al\u00e9m das Unidades B\u00e1sicas de Sa\u00fade (UBS), com o objetivo de evitar aglomera\u00e7\u00f5es e, ao mesmo tempo, vacinar o maior n\u00famero de pessoas relacionadas \u00e0 FASE 1 do p\u00fablico-alvo da campanha, como os profissionais da Sa\u00fade.<\/p>\n<p>No documento, o Sindicato tamb\u00e9m solicita todas as orienta\u00e7\u00f5es necess\u00e1rias, como o correto manuseio e armazenamento do material, por exemplo, para que seja consolidada uma parceria entre a entidade e o Minist\u00e9rio da Sa\u00fade. &#8220;Desde o in\u00edcio da pandemia, o Sindicato vem desenvolvendo a\u00e7\u00f5es para atenuar a crise do coronav\u00edrus no Cear\u00e1, principalmente quando se trata da seguran\u00e7a dos nossos m\u00e9dicos. Agora, queremos estar participando do processo de imuniza\u00e7\u00e3o destes profissionais. \u00c9 vantajoso para o Minist\u00e9rio da Sa\u00fade e para os m\u00e9dicos\u201d, explica o presidente.<\/p>\n<p>A entidade reafirma o seu trabalho em prol da prote\u00e7\u00e3o e seguran\u00e7a dos m\u00e9dicos, principalmente, quando se trata dos profissionais que est\u00e3o na linha de frente contra a Covid-19.<\/p>\n<p>Fonte: Assessoria de Comunica\u00e7\u00e3o do Sindicato dos M\u00e9dicos do Cear\u00e1.<\/p>\n","protected":false},"excerpt":{"rendered":"<p>Nesta segunda-feira (11), o Sindicato dos M\u00e9dicos do Cear\u00e1 enviou of\u00edcio para o Minist\u00e9rio da Sa\u00fade no qual se coloca \u00e0 disposi\u00e7\u00e3o para colaborar com a vacina\u00e7\u00e3o dos m\u00e9dicos cearenses que est\u00e3o atuando na linha de frente no combate \u00e0 Covid-19. A institui\u00e7\u00e3o oferece espa\u00e7o f\u00edsico pr\u00f3prio, al\u00e9m de armazenamento e aplica\u00e7\u00e3o da vacina, seguindo [&hellip;]<\/p>\n","protected":false},"author":1,"featured_media":57019,"comment_status":"open","ping_status":"open","sticky":false,"template":"","format":"standard","meta":{"ocean_post_layout":"","ocean_both_sidebars_style":"","ocean_both_sidebars_content_width":0,"ocean_both_sidebars_sidebars_width":0,"ocean_sidebar":"","ocean_second_sidebar":"","ocean_disable_margins":"enable","ocean_add_body_class":"","ocean_shortcode_before_top_bar":"","ocean_shortcode_after_top_bar":"","ocean_shortcode_before_header":"","ocean_shortcode_after_header":"","ocean_has_shortcode":"","ocean_shortcode_after_title":"","ocean_shortcode_before_footer_widgets":"","ocean_shortcode_after_footer_widgets":"","ocean_shortcode_before_footer_bottom":"","ocean_shortcode_after_footer_bottom":"","ocean_display_top_bar":"default","ocean_display_header":"default","ocean_header_style":"","ocean_center_header_left_menu":"","ocean_custom_header_template":"","ocean_custom_logo":0,"ocean_custom_retina_logo":0,"ocean_custom_logo_max_width":0,"ocean_custom_logo_tablet_max_width":0,"ocean_custom_logo_mobile_max_width":0,"ocean_custom_logo_max_height":0,"ocean_custom_logo_tablet_max_height":0,"ocean_custom_logo_mobile_max_height":0,"ocean_header_custom_menu":"","ocean_menu_typo_font_family":"","ocean_menu_typo_font_subset":"","ocean_menu_typo_font_size":0,"ocean_menu_typo_font_size_tablet":0,"ocean_menu_typo_font_size_mobile":0,"ocean_menu_typo_font_size_unit":"px","ocean_menu_typo_font_weight":"","ocean_menu_typo_font_weight_tablet":"","ocean_menu_typo_font_weight_mobile":"","ocean_menu_typo_transform":"","ocean_menu_typo_transform_tablet":"","ocean_menu_typo_transform_mobile":"","ocean_menu_typo_line_height":0,"ocean_menu_typo_line_height_tablet":0,"ocean_menu_typo_line_height_mobile":0,"ocean_menu_typo_line_height_unit":"","ocean_menu_typo_spacing":0,"ocean_menu_typo_spacing_tablet":0,"ocean_menu_typo_spacing_mobile":0,"ocean_menu_typo_spacing_unit":"","ocean_menu_link_color":"","ocean_menu_link_color_hover":"","ocean_menu_link_color_active":"","ocean_menu_link_background":"","ocean_menu_link_hover_background":"","ocean_menu_link_active_background":"","ocean_menu_social_links_bg":"","ocean_menu_social_hover_links_bg":"","ocean_menu_social_links_color":"","ocean_menu_social_hover_links_color":"","ocean_disable_title":"default","ocean_disable_heading":"default","ocean_post_title":"","ocean_post_subheading":"","ocean_post_title_style":"","ocean_post_title_background_color":"","ocean_post_title_background":0,"ocean_post_title_bg_image_position":"","ocean_post_title_bg_image_attachment":"","ocean_post_title_bg_image_repeat":"","ocean_post_title_bg_image_size":"","ocean_post_title_height":0,"ocean_post_title_bg_overlay":0.5,"ocean_post_title_bg_overlay_color":"","ocean_disable_breadcrumbs":"default","ocean_breadcrumbs_color":"","ocean_breadcrumbs_separator_color":"","ocean_breadcrumbs_links_color":"","ocean_breadcrumbs_links_hover_color":"","ocean_display_footer_widgets":"default","ocean_display_footer_bottom":"default","ocean_custom_footer_template":"","ocean_post_oembed":"","ocean_post_self_hosted_media":"","ocean_post_video_embed":"","ocean_link_format":"","ocean_link_format_target":"self","ocean_quote_format":"","ocean_quote_format_link":"post","ocean_gallery_link_images":"on","ocean_gallery_id":[]},"categories":[1],"tags":[],"acf":[],"_links":{"self":[{"href":"https:\/\/www.simepe.com.br\/novo\/wp-json\/wp\/v2\/posts\/57018"}],"collection":[{"href":"https:\/\/www.simepe.com.br\/novo\/wp-json\/wp\/v2\/posts"}],"about":[{"href":"https:\/\/www.simepe.com.br\/novo\/wp-json\/wp\/v2\/types\/post"}],"author":[{"embeddable":true,"href":"https:\/\/www.simepe.com.br\/novo\/wp-json\/wp\/v2\/users\/1"}],"replies":[{"embeddable":true,"href":"https:\/\/www.simepe.com.br\/novo\/wp-json\/wp\/v2\/comments?post=57018"}],"version-history":[{"count":1,"href":"https:\/\/www.simepe.com.br\/novo\/wp-json\/wp\/v2\/posts\/57018\/revisions"}],"predecessor-version":[{"id":57020,"href":"https:\/\/www.simepe.com.br\/novo\/wp-json\/wp\/v2\/posts\/57018\/revisions\/57020"}],"wp:featuredmedia":[{"embeddable":true,"href":"https:\/\/www.simepe.com.br\/novo\/wp-json\/wp\/v2\/media\/57019"}],"wp:attachment":[{"href":"https:\/\/www.simepe.com.br\/novo\/wp-json\/wp\/v2\/media?parent=57018"}],"wp:term":[{"taxonomy":"category","embeddable":true,"href":"https:\/\/www.simepe.com.br\/novo\/wp-json\/wp\/v2\/categories?post=57018"},{"taxonomy":"post_tag","embeddable":true,"href":"https:\/\/www.simepe.com.br\/novo\/wp-json\/wp\/v2\/tags?post=57018"}],"curies":[{"name":"wp","href":"https:\/\/api.w.org\/{rel}","templated":true}]}}