{"id":57031,"date":"2021-01-19T11:37:46","date_gmt":"2021-01-19T14:37:46","guid":{"rendered":"https:\/\/www.simepe.com.br\/novo\/?p=57031"},"modified":"2021-01-19T11:37:46","modified_gmt":"2021-01-19T14:37:46","slug":"apos-atraso-e-cinco-voos-todas-as-doses-do-primeiro-lote-de-vacinas-da-covid-19-chegam-ao-rj","status":"publish","type":"post","link":"https:\/\/www.simepe.com.br\/novo\/apos-atraso-e-cinco-voos-todas-as-doses-do-primeiro-lote-de-vacinas-da-covid-19-chegam-ao-rj\/","title":{"rendered":"Ap\u00f3s atraso e cinco voos, todas as doses do primeiro lote de vacinas da Covid-19 chegam ao RJ"},"content":{"rendered":"<p><em>\u00daltimo avi\u00e3o com doses pousou no Gale\u00e3o \u00e0s 4h30 desta ter\u00e7a-feira (19).<\/em><\/p>\n<p>Todas as doses do primeiro lote das vacinas da Covid-19 reservado para o Rio de Janeiro j\u00e1 est\u00e3o no estado. Ap\u00f3s uma confus\u00e3o log\u00edstica, atraso na remessa e cinco voos depois, o governo j\u00e1 recebeu as quase 488 mil doses prometidas pelo Minist\u00e9rio da Sa\u00fade.<\/p>\n<p>A entrega foi conclu\u00edda \u00e0s 4h30 desta ter\u00e7a-feira (19), 21 horas depois do in\u00edcio da opera\u00e7\u00e3o, na manh\u00e3 desta segunda (18), no Aeroporto de Guarulhos (SP) \u2014 a 40 minutos de dist\u00e2ncia dos aeroportos do Rio.<\/p>\n<p><strong>Resumo da confus\u00e3o<\/strong><br \/>\nHouve atraso na entrega porque, segundo o ministro da Sa\u00fade, Eduardo Pazuello, foi preciso alterar voos com as doses para os estados. Mas a confus\u00e3o come\u00e7ou cedo:<\/p>\n<p>Antes da cerim\u00f4nia em Guarulhos, em entrevista ao Bom Dia Rio, o governador em exerc\u00edcio Cl\u00e1udio Castro tinha falado em levar 590 mil doses. Mas a planilha do Minist\u00e9rio da Sa\u00fade, divulgada minutos depois, mostrava 487.520, 102 mil a menos do anunciado por Castro. No terminal paulista, o governo fez imagens de caixas da vacina com a bandeira do RJ e disse que a carga chegaria \u00e0s 13h ao Rio. \u00c0s 12h50, no entanto, Castro desembarcava no Santos Dumont, sem caixa alguma nem ideia de onde estava a remessa. Sem previs\u00e3o do minist\u00e9rio, um suplente de senador cedeu um jatinho. Dez caixas \u2014 de um total de 203 \u2014 enfim chegaram, quatro horas depois do previsto. A cerim\u00f4nia no Cristo come\u00e7a com meia hora de atraso.<\/p>\n<p><strong>Remessa pingada<\/strong><br \/>\nAs 487.520 doses chegaram ao RJ nessas viagens:<\/p>\n<p>17h: jatinho cedido por um suplente de senador, 10 caixas;<br \/>\n20h30: jatinho, 10 caixas;<br \/>\n23h: voo da Gol, 50 caixas;<br \/>\n23h50: voo da Latam, 80 caixas;<br \/>\n4h30: voo da Azul, 53 caixas.<br \/>\nTodas essas caixas foram levadas para a Coordena\u00e7\u00e3o-Geral de Armazenamento da Secretaria Estadual de Sa\u00fade, em Niter\u00f3i. L\u00e1, s\u00e3o repartidas entre os munic\u00edpios (veja no fim da reportagem como ficou a divis\u00e3o).<\/p>\n<p>A vacina\u00e7\u00e3o no estado come\u00e7ou \u00e0s 17h desta segunda, em uma cerim\u00f4nia simb\u00f3lica aos p\u00e9s do Cristo Redentor.<\/p>\n<p>A idosa Terezinha da Concei\u00e7\u00e3o, de 80 anos, e a t\u00e9cnica de enfermagem Dulcin\u00e9ia da Silva, de 59 anos, receberam as duas primeiras doses fluminenses.<\/p>\n<p>N\u00e3o \u00e9 para ir para o posto ainda<br \/>\nAs quase 488 mil doses que chegaram v\u00e3o para grupos priorit\u00e1rios e ser\u00e3o aplicadas internamente. N\u00e3o haver\u00e1 vacina\u00e7\u00e3o nos postos por enquanto.<\/p>\n<p>Segundo o estado, 5,5 milh\u00f5es de fluminenses ser\u00e3o imunizados primeiro. Esse contingente foi divido em quatro fases.<\/p>\n<p>As doses que chegaram s\u00e3o insuficientes para cobrir a primeira fase. Com isso, decidiu-se inocular:<\/p>\n<p>trabalhadores da Sa\u00fade que atendem diariamente pacientes com coronav\u00edrus (em CTI, enfermarias e emerg\u00eancias) \u2014 cerca de um ter\u00e7o dos profissionais da sa\u00fade;<br \/>\npessoas com 60 anos em asilos ou abrigos;<br \/>\npessoas com defici\u00eancia a partir de 18 anos moradores de abrigos e resid\u00eancias inclusivas;<br \/>\npopula\u00e7\u00e3o ind\u00edgena (ou quilombola) vivendo em terras ind\u00edgenas.<br \/>\nEsse grupo vai receber duas doses, com intervalo de duas ou tr\u00eas semanas.<\/p>\n<p>O governo pede que a popula\u00e7\u00e3o n\u00e3o v\u00e1 a postos de sa\u00fade para ser vacinada.<\/p>\n<p>N\u00e3o h\u00e1 vacina para todos os idosos nesse primeiro momento \u2013 somente para os que moram em 10 abrigos selecionados pelas autoridades.<\/p>\n<p>Tamb\u00e9m n\u00e3o h\u00e1 vacina ainda para todos os profissionais de sa\u00fade: s\u00f3 para um ter\u00e7o deles.<\/p>\n<p>Fonte: JC Online<\/p>\n","protected":false},"excerpt":{"rendered":"<p>\u00daltimo avi\u00e3o com doses pousou no Gale\u00e3o \u00e0s 4h30 desta ter\u00e7a-feira (19). Todas as doses do primeiro lote das vacinas da Covid-19 reservado para o Rio de Janeiro j\u00e1 est\u00e3o no estado. Ap\u00f3s uma confus\u00e3o log\u00edstica, atraso na remessa e cinco voos depois, o governo j\u00e1 recebeu as quase 488 mil doses prometidas pelo Minist\u00e9rio [&hellip;]<\/p>\n","protected":false},"author":1,"featured_media":0,"comment_status":"open","ping_status":"open","sticky":false,"template":"","format":"standard","meta":{"ocean_post_layout":"","ocean_both_sidebars_style":"","ocean_both_sidebars_content_width":0,"ocean_both_sidebars_sidebars_width":0,"ocean_sidebar":"","ocean_second_sidebar":"","ocean_disable_margins":"enable","ocean_add_body_class":"","ocean_shortcode_before_top_bar":"","ocean_shortcode_after_top_bar":"","ocean_shortcode_before_header":"","ocean_shortcode_after_header":"","ocean_has_shortcode":"","ocean_shortcode_after_title":"","ocean_shortcode_before_footer_widgets":"","ocean_shortcode_after_footer_widgets":"","ocean_shortcode_before_footer_bottom":"","ocean_shortcode_after_footer_bottom":"","ocean_display_top_bar":"default","ocean_display_header":"default","ocean_header_style":"","ocean_center_header_left_menu":"","ocean_custom_header_template":"","ocean_custom_logo":0,"ocean_custom_retina_logo":0,"ocean_custom_logo_max_width":0,"ocean_custom_logo_tablet_max_width":0,"ocean_custom_logo_mobile_max_width":0,"ocean_custom_logo_max_height":0,"ocean_custom_logo_tablet_max_height":0,"ocean_custom_logo_mobile_max_height":0,"ocean_header_custom_menu":"","ocean_menu_typo_font_family":"","ocean_menu_typo_font_subset":"","ocean_menu_typo_font_size":0,"ocean_menu_typo_font_size_tablet":0,"ocean_menu_typo_font_size_mobile":0,"ocean_menu_typo_font_size_unit":"px","ocean_menu_typo_font_weight":"","ocean_menu_typo_font_weight_tablet":"","ocean_menu_typo_font_weight_mobile":"","ocean_menu_typo_transform":"","ocean_menu_typo_transform_tablet":"","ocean_menu_typo_transform_mobile":"","ocean_menu_typo_line_height":0,"ocean_menu_typo_line_height_tablet":0,"ocean_menu_typo_line_height_mobile":0,"ocean_menu_typo_line_height_unit":"","ocean_menu_typo_spacing":0,"ocean_menu_typo_spacing_tablet":0,"ocean_menu_typo_spacing_mobile":0,"ocean_menu_typo_spacing_unit":"","ocean_menu_link_color":"","ocean_menu_link_color_hover":"","ocean_menu_link_color_active":"","ocean_menu_link_background":"","ocean_menu_link_hover_background":"","ocean_menu_link_active_background":"","ocean_menu_social_links_bg":"","ocean_menu_social_hover_links_bg":"","ocean_menu_social_links_color":"","ocean_menu_social_hover_links_color":"","ocean_disable_title":"default","ocean_disable_heading":"default","ocean_post_title":"","ocean_post_subheading":"","ocean_post_title_style":"","ocean_post_title_background_color":"","ocean_post_title_background":0,"ocean_post_title_bg_image_position":"","ocean_post_title_bg_image_attachment":"","ocean_post_title_bg_image_repeat":"","ocean_post_title_bg_image_size":"","ocean_post_title_height":0,"ocean_post_title_bg_overlay":0.5,"ocean_post_title_bg_overlay_color":"","ocean_disable_breadcrumbs":"default","ocean_breadcrumbs_color":"","ocean_breadcrumbs_separator_color":"","ocean_breadcrumbs_links_color":"","ocean_breadcrumbs_links_hover_color":"","ocean_display_footer_widgets":"default","ocean_display_footer_bottom":"default","ocean_custom_footer_template":"","ocean_post_oembed":"","ocean_post_self_hosted_media":"","ocean_post_video_embed":"","ocean_link_format":"","ocean_link_format_target":"self","ocean_quote_format":"","ocean_quote_format_link":"post","ocean_gallery_link_images":"on","ocean_gallery_id":[]},"categories":[9],"tags":[1420,1490,82],"acf":[],"_links":{"self":[{"href":"https:\/\/www.simepe.com.br\/novo\/wp-json\/wp\/v2\/posts\/57031"}],"collection":[{"href":"https:\/\/www.simepe.com.br\/novo\/wp-json\/wp\/v2\/posts"}],"about":[{"href":"https:\/\/www.simepe.com.br\/novo\/wp-json\/wp\/v2\/types\/post"}],"author":[{"embeddable":true,"href":"https:\/\/www.simepe.com.br\/novo\/wp-json\/wp\/v2\/users\/1"}],"replies":[{"embeddable":true,"href":"https:\/\/www.simepe.com.br\/novo\/wp-json\/wp\/v2\/comments?post=57031"}],"version-history":[{"count":1,"href":"https:\/\/www.simepe.com.br\/novo\/wp-json\/wp\/v2\/posts\/57031\/revisions"}],"predecessor-version":[{"id":57037,"href":"https:\/\/www.simepe.com.br\/novo\/wp-json\/wp\/v2\/posts\/57031\/revisions\/57037"}],"wp:attachment":[{"href":"https:\/\/www.simepe.com.br\/novo\/wp-json\/wp\/v2\/media?parent=57031"}],"wp:term":[{"taxonomy":"category","embeddable":true,"href":"https:\/\/www.simepe.com.br\/novo\/wp-json\/wp\/v2\/categories?post=57031"},{"taxonomy":"post_tag","embeddable":true,"href":"https:\/\/www.simepe.com.br\/novo\/wp-json\/wp\/v2\/tags?post=57031"}],"curies":[{"name":"wp","href":"https:\/\/api.w.org\/{rel}","templated":true}]}}