{"id":57040,"date":"2021-01-19T11:45:41","date_gmt":"2021-01-19T14:45:41","guid":{"rendered":"https:\/\/www.simepe.com.br\/novo\/?p=57040"},"modified":"2021-01-19T11:45:41","modified_gmt":"2021-01-19T14:45:41","slug":"apos-atraso-vacina-deve-chegar-a-todos-os-estados-hoje-veja-cronograma","status":"publish","type":"post","link":"https:\/\/www.simepe.com.br\/novo\/apos-atraso-vacina-deve-chegar-a-todos-os-estados-hoje-veja-cronograma\/","title":{"rendered":"Ap\u00f3s atraso, vacina deve chegar a todos os estados hoje; veja cronograma"},"content":{"rendered":"<p>Ap\u00f3s press\u00e3o de governadores, o ministro da Sa\u00fade, Eduardo Pazuello, antecipou, de amanh\u00e3 para ontem, o in\u00edcio da vacina\u00e7\u00e3o contra a Covid-19, mas falhas de log\u00edstica atrasaram a distribui\u00e7\u00e3o das doses da CoronaVac. At\u00e9 as 22h de ontem, apenas 13 unidades da Federa\u00e7\u00e3o tinham recebido o produto: Paran\u00e1, Tocantins, Piau\u00ed, Cear\u00e1, Pernambuco, Maranh\u00e3o, Esp\u00edrito Santo, Rio de Janeiro, Minas Gerais, Santa Catarina, Mato Grosso do Sul, Goi\u00e1s e o Distrito Federal. S\u00e3o Paulo j\u00e1 estava com o 1,4 milh\u00e3o de doses que lhe cabe, do total de 6 milh\u00f5es que o pa\u00eds tem.<\/p>\n<p>Conhecido por ser especialista em log\u00edstica, Pazuello afirmou que o atraso na distribui\u00e7\u00e3o foi motivado pela mudan\u00e7a no cronograma de entregas, que seria realizado ao longo do dia de ontem. \u201cN\u00f3s t\u00ednhamos a previs\u00e3o de fazer toda a log\u00edstica hoje (ontem), e os estados fazerem amanh\u00e3 (hoje) para os munic\u00edpios e, a partir da\u00ed, a gente iniciar a campanha na quarta-feira. Os governadores, em comum acordo, me solicitaram que eu acelerasse, ao m\u00e1ximo, a distribui\u00e7\u00e3o, que eles come\u00e7assem imediatamente ainda hoje (ontem)\u201d, disse.<\/p>\n<p>Assim, de acordo com Pazuello, o que havia sido planejado teve que ser \u201cencurtado\u201d para atender ao pedido dos governadores. \u201cVoc\u00ea imagina a mudan\u00e7a da log\u00edstica para 26 estados num pa\u00eds continental. Aeronaves, planos de voo, novas aeronaves contratadas. Em alguns casos, uma aeronave pequena que n\u00e3o pode levar numa perna s\u00f3 tem de fazer dois voos. A aeronave grande que faria um voo s\u00f3 chegaria apenas de noite. Ent\u00e3o, voc\u00ea fraciona, entrega a primeira parte, para iniciar, e, na sequ\u00eancia, chega com a segunda parte\u201d, justificou.<\/p>\n<p>No novo cronograma do minist\u00e9rio, com os atrasos previstos, o \u00faltimo que receberia as doses seria Rond\u00f4nia, \u00e0s 8h de hoje. Outros estados que tamb\u00e9m n\u00e3o receberam as doses ontem, como prometido pelo ministro, foram Acre, cuja previs\u00e3o era entregar \u00e0s 3h50 de hoje, e o Amap\u00e1, com hor\u00e1rio previsto para chegada do avi\u00e3o da For\u00e7a A\u00e9rea Brasileira (FAB) \u00e0 1h.<br \/>\nO atraso gerou constrangimentos entre os governadores, que tiveram de adiar o in\u00edcio da vacina\u00e7\u00e3o para hoje. Foi o caso do Rio Grande do Norte. A governadora F\u00e1tima Bezerra (PT) definiu que o ato simb\u00f3lico para in\u00edcio da imuniza\u00e7\u00e3o ficou para esta ter\u00e7a-feira, \u00e0s 10h.<\/p>\n<p>No Par\u00e1, a previs\u00e3o inicial de entrega era ontem, \u00e0s 15h40, mas passou para as 23h. O governador do estado, Helder Barbalho (MDB), que chegou a anunciar que a vacina\u00e7\u00e3o come\u00e7aria ontem, teve de se retratar mais tarde. \u201cLamento profundamente. \u00c9 inaceit\u00e1vel que o minist\u00e9rio nos informe um hor\u00e1rio e acabou nos levando a transmitir a informa\u00e7\u00e3o para a popula\u00e7\u00e3o e para a imprensa\u201d, disse. O governador passou o in\u00edcio da imuniza\u00e7\u00e3o para hoje, \u00e0s 7h.<\/p>\n<p>As primeiras unidades da Federa\u00e7\u00e3o a receber as doses foram Goi\u00e1s e Santa Catarina, no fim da manh\u00e3, e o Distrito Federal, no in\u00edcio da tarde. Por volta das 15h30, o Piau\u00ed, governado por Wellington Dias (PT), coordenador da tem\u00e1tica de Vacina no F\u00f3rum Nacional de Governadores, j\u00e1 havia recebido suas doses.<\/p>\n<p>No Esp\u00edrito Santo, as doses chegaram no in\u00edcio da noite de ontem. \u201cA primeira remessa de vacinas est\u00e1 sendo descarregada, neste momento, no Aeroporto de Vit\u00f3ria. Ainda hoje (ontem), daremos in\u00edcio \u00e0 vacina\u00e7\u00e3o no ES, come\u00e7ando pelo grupo priorit\u00e1rio do Hospital Jayme Santos Neves. Cada segundo \u00e9 primordial para salvarmos vidas\u201d, escreveu o governador Renato Casagrande (PSB), no Twitter.<\/p>\n<p>As doses da CoronaVac tamb\u00e9m chegaram ao Rio de Janeiro no final da tarde de ontem, ap\u00f3s atraso de quatro horas. O estado iniciou a vacina\u00e7\u00e3o aos p\u00e9s do Cristo Redentor, com a aplica\u00e7\u00e3o em duas moradoras do estado fluminense. As primeiras pessoas imunizadas foram a t\u00e9cnica de enfermagem Dulcineia da Silva, de 59 anos, e a idosa Teresinha da Concei\u00e7\u00e3o, de 80 anos, moradora de um abrigo.<\/p>\n<p><strong>Corrida<\/strong><br \/>\nO uso emergencial da CoronaVac, da farmac\u00eautica chinesa Sinovac, produzida no Brasil em parceria com o Instituto Butantan, foi aprovado pela Ag\u00eancia Nacional de Vigil\u00e2ncia Sanit\u00e1ria (Anvisa) no \u00faltimo domingo. Tamb\u00e9m foi dada autoriza\u00e7\u00e3o para o uso emergencial do imunizante da Oxford\/AstraZeneca, que, no Brasil, ser\u00e1 produzido em parceria com a Funda\u00e7\u00e3o Oswaldo Cruz (Fiocruz).<\/p>\n<p>Logo ap\u00f3s a aprova\u00e7\u00e3o, o governador de S\u00e3o Paulo, Jo\u00e3o Doria (PSDB), come\u00e7ou a vacina\u00e7\u00e3o no estado. O in\u00edcio da imuniza\u00e7\u00e3o pelas m\u00e3os do tucano foi uma grande derrota para o governo federal. No domingo, Pazuello criticou o gestor paulista, acusando-o de fazer \u201cjogada de marketing\u201d.<\/p>\n<p>Fonte: Diario de Pernambuco<\/p>\n","protected":false},"excerpt":{"rendered":"<p>Ap\u00f3s press\u00e3o de governadores, o ministro da Sa\u00fade, Eduardo Pazuello, antecipou, de amanh\u00e3 para ontem, o in\u00edcio da vacina\u00e7\u00e3o contra a Covid-19, mas falhas de log\u00edstica atrasaram a distribui\u00e7\u00e3o das doses da CoronaVac. At\u00e9 as 22h de ontem, apenas 13 unidades da Federa\u00e7\u00e3o tinham recebido o produto: Paran\u00e1, Tocantins, Piau\u00ed, Cear\u00e1, Pernambuco, Maranh\u00e3o, Esp\u00edrito Santo, [&hellip;]<\/p>\n","protected":false},"author":1,"featured_media":0,"comment_status":"open","ping_status":"open","sticky":false,"template":"","format":"standard","meta":{"ocean_post_layout":"","ocean_both_sidebars_style":"","ocean_both_sidebars_content_width":0,"ocean_both_sidebars_sidebars_width":0,"ocean_sidebar":"","ocean_second_sidebar":"","ocean_disable_margins":"enable","ocean_add_body_class":"","ocean_shortcode_before_top_bar":"","ocean_shortcode_after_top_bar":"","ocean_shortcode_before_header":"","ocean_shortcode_after_header":"","ocean_has_shortcode":"","ocean_shortcode_after_title":"","ocean_shortcode_before_footer_widgets":"","ocean_shortcode_after_footer_widgets":"","ocean_shortcode_before_footer_bottom":"","ocean_shortcode_after_footer_bottom":"","ocean_display_top_bar":"default","ocean_display_header":"default","ocean_header_style":"","ocean_center_header_left_menu":"","ocean_custom_header_template":"","ocean_custom_logo":0,"ocean_custom_retina_logo":0,"ocean_custom_logo_max_width":0,"ocean_custom_logo_tablet_max_width":0,"ocean_custom_logo_mobile_max_width":0,"ocean_custom_logo_max_height":0,"ocean_custom_logo_tablet_max_height":0,"ocean_custom_logo_mobile_max_height":0,"ocean_header_custom_menu":"","ocean_menu_typo_font_family":"","ocean_menu_typo_font_subset":"","ocean_menu_typo_font_size":0,"ocean_menu_typo_font_size_tablet":0,"ocean_menu_typo_font_size_mobile":0,"ocean_menu_typo_font_size_unit":"px","ocean_menu_typo_font_weight":"","ocean_menu_typo_font_weight_tablet":"","ocean_menu_typo_font_weight_mobile":"","ocean_menu_typo_transform":"","ocean_menu_typo_transform_tablet":"","ocean_menu_typo_transform_mobile":"","ocean_menu_typo_line_height":0,"ocean_menu_typo_line_height_tablet":0,"ocean_menu_typo_line_height_mobile":0,"ocean_menu_typo_line_height_unit":"","ocean_menu_typo_spacing":0,"ocean_menu_typo_spacing_tablet":0,"ocean_menu_typo_spacing_mobile":0,"ocean_menu_typo_spacing_unit":"","ocean_menu_link_color":"","ocean_menu_link_color_hover":"","ocean_menu_link_color_active":"","ocean_menu_link_background":"","ocean_menu_link_hover_background":"","ocean_menu_link_active_background":"","ocean_menu_social_links_bg":"","ocean_menu_social_hover_links_bg":"","ocean_menu_social_links_color":"","ocean_menu_social_hover_links_color":"","ocean_disable_title":"default","ocean_disable_heading":"default","ocean_post_title":"","ocean_post_subheading":"","ocean_post_title_style":"","ocean_post_title_background_color":"","ocean_post_title_background":0,"ocean_post_title_bg_image_position":"","ocean_post_title_bg_image_attachment":"","ocean_post_title_bg_image_repeat":"","ocean_post_title_bg_image_size":"","ocean_post_title_height":0,"ocean_post_title_bg_overlay":0.5,"ocean_post_title_bg_overlay_color":"","ocean_disable_breadcrumbs":"default","ocean_breadcrumbs_color":"","ocean_breadcrumbs_separator_color":"","ocean_breadcrumbs_links_color":"","ocean_breadcrumbs_links_hover_color":"","ocean_display_footer_widgets":"default","ocean_display_footer_bottom":"default","ocean_custom_footer_template":"","ocean_post_oembed":"","ocean_post_self_hosted_media":"","ocean_post_video_embed":"","ocean_link_format":"","ocean_link_format_target":"self","ocean_quote_format":"","ocean_quote_format_link":"post","ocean_gallery_link_images":"on","ocean_gallery_id":[]},"categories":[9],"tags":[1420,1490,82],"acf":[],"_links":{"self":[{"href":"https:\/\/www.simepe.com.br\/novo\/wp-json\/wp\/v2\/posts\/57040"}],"collection":[{"href":"https:\/\/www.simepe.com.br\/novo\/wp-json\/wp\/v2\/posts"}],"about":[{"href":"https:\/\/www.simepe.com.br\/novo\/wp-json\/wp\/v2\/types\/post"}],"author":[{"embeddable":true,"href":"https:\/\/www.simepe.com.br\/novo\/wp-json\/wp\/v2\/users\/1"}],"replies":[{"embeddable":true,"href":"https:\/\/www.simepe.com.br\/novo\/wp-json\/wp\/v2\/comments?post=57040"}],"version-history":[{"count":1,"href":"https:\/\/www.simepe.com.br\/novo\/wp-json\/wp\/v2\/posts\/57040\/revisions"}],"predecessor-version":[{"id":57041,"href":"https:\/\/www.simepe.com.br\/novo\/wp-json\/wp\/v2\/posts\/57040\/revisions\/57041"}],"wp:attachment":[{"href":"https:\/\/www.simepe.com.br\/novo\/wp-json\/wp\/v2\/media?parent=57040"}],"wp:term":[{"taxonomy":"category","embeddable":true,"href":"https:\/\/www.simepe.com.br\/novo\/wp-json\/wp\/v2\/categories?post=57040"},{"taxonomy":"post_tag","embeddable":true,"href":"https:\/\/www.simepe.com.br\/novo\/wp-json\/wp\/v2\/tags?post=57040"}],"curies":[{"name":"wp","href":"https:\/\/api.w.org\/{rel}","templated":true}]}}