{"id":57069,"date":"2021-01-20T10:39:25","date_gmt":"2021-01-20T13:39:25","guid":{"rendered":"https:\/\/www.simepe.com.br\/novo\/?p=57069"},"modified":"2021-01-20T10:39:25","modified_gmt":"2021-01-20T13:39:25","slug":"em-jupi-mppe-investiga-denuncia-de-vacinacao-em-pessoa-fora-do-grupo-prioritario","status":"publish","type":"post","link":"https:\/\/www.simepe.com.br\/novo\/em-jupi-mppe-investiga-denuncia-de-vacinacao-em-pessoa-fora-do-grupo-prioritario\/","title":{"rendered":"Em Jupi, MPPE investiga den\u00fancia de vacina\u00e7\u00e3o em pessoa fora do grupo priorit\u00e1rio"},"content":{"rendered":"<p style=\"text-align: justify;\">Ap\u00f3s uma den\u00fancia ocorrida no munic\u00edpio de Jupi, no Agreste pernambucano, de que um cidad\u00e3o fora do grupo priorit\u00e1rio teria recebido uma dose da vacina contra a Covid-19, o Minist\u00e9rio P\u00fablico de Pernambuco (MPPE) vai fiscalizar e monitorar a realiza\u00e7\u00e3o da vacina\u00e7\u00e3o contra a doen\u00e7a no Estado. Atualmente, est\u00e1 estabelecido pelo Plano Nacional de Imuniza\u00e7\u00e3o (PNI) e por diretrizes estaduais, que apenas pessoas do grupo priorit\u00e1rio receber\u00e3o o imunizante neste fase inicial, o que inclui idosos com mais de 75 anos, ind\u00edgenas aldeados, idosos com mais de 60 anos que moram em asilos e profissionais de sa\u00fade.<\/p>\n<p style=\"text-align: justify;\">&#8220;Estamos vivenciando um caso de emerg\u00eancia em sa\u00fade p\u00fablica em todo solo nacional e \u00e9 inadmiss\u00edvel que, considerando o quantitativo de vacinas recebidas pelo Estado de Pernambuco, haja qualquer descumprimento das normas estabelecidas pelo Plano Nacional de Imuniza\u00e7\u00e3o, bem como pactua\u00e7\u00f5es locais. Estamos formatando uma recomenda\u00e7\u00e3o que ir\u00e1 orientar os membros de todo o Estado nesse processo de fiscaliza\u00e7\u00e3o&#8221;, explicou o procurador-geral de Justi\u00e7a, Paulo Augusto Freitas.<\/p>\n<p style=\"text-align: justify;\">De acordo com o MPPE, ser\u00e1 instaurado um procedimento para apurar a conduta, no \u00e2mbito civil e criminal, \u201cuma vez que houve o desrespeito \u00e0s normas contidas no Plano Nacional de Imuniza\u00e7\u00e3o e as pactua\u00e7\u00f5es locais acerca do cronograma de vacina\u00e7\u00e3o\u201d.<\/p>\n<p style=\"text-align: justify;\"><strong>Entenda o caso<\/strong><\/p>\n<p style=\"text-align: justify;\">O MPPE, por meio da Promotoria de Justi\u00e7a de Jupi, recebeu a den\u00fancia de que um cidad\u00e3o, fora do grupo priorit\u00e1rio estabelecido pelo Plano Nacional de Imuniza\u00e7\u00e3o e diretrizes estaduais de vacina\u00e7\u00e3o contra a Covid-19, recebeu dose da vacina.<\/p>\n<p style=\"text-align: justify;\">&#8220;Recebemos essa den\u00fancia por meio de um v\u00eddeo apontando que um cidad\u00e3o fora do grupo recebeu a vacina. Vamos oficiar a Secretaria Municipal de Sa\u00fade para prestar esclarecimentos, bem como os profissionais de sa\u00fade que realizaram o procedimento, al\u00e9m da delegacia local para apurar conduta penal acerca do caso&#8221;, disse a promotora de Justi\u00e7a da cidade, Adna Vasconcelos.<\/p>\n<p style=\"text-align: justify;\"><strong>Investiga\u00e7\u00e3o<\/strong><\/p>\n<p style=\"text-align: justify;\">De acordo com Minist\u00e9rio P\u00fablico, o procurador-geral de Justi\u00e7a entrou em contato com promotora de Justi\u00e7a de Jupi, e disponibilizou a equipe do Centro Operacional de Apoio \u00e0s Promotorias de Defesa da Sa\u00fade (CAOP Sa\u00fade), e seus assessores para o apoio necess\u00e1rio.<\/p>\n<p style=\"text-align: justify;\">Ainda segundo o MPPE, haver\u00e1 acompanhamento da apura\u00e7\u00e3o do fato, a fim de adotar as medidas que se fizerem necess\u00e1rias na esfera criminal, na hip\u00f3tese de haver envolvimento de agente com prerrogativa de foro.<\/p>\n<p style=\"text-align: justify;\">Fonte: Diario de Pernambuco<\/p>\n","protected":false},"excerpt":{"rendered":"<p>Ap\u00f3s uma den\u00fancia ocorrida no munic\u00edpio de Jupi, no Agreste pernambucano, de que um cidad\u00e3o fora do grupo priorit\u00e1rio teria recebido uma dose da vacina contra a Covid-19, o Minist\u00e9rio P\u00fablico de Pernambuco (MPPE) vai fiscalizar e monitorar a realiza\u00e7\u00e3o da vacina\u00e7\u00e3o contra a doen\u00e7a no Estado. Atualmente, est\u00e1 estabelecido pelo Plano Nacional de Imuniza\u00e7\u00e3o [&hellip;]<\/p>\n","protected":false},"author":1,"featured_media":0,"comment_status":"open","ping_status":"open","sticky":false,"template":"","format":"standard","meta":{"ocean_post_layout":"","ocean_both_sidebars_style":"","ocean_both_sidebars_content_width":0,"ocean_both_sidebars_sidebars_width":0,"ocean_sidebar":"","ocean_second_sidebar":"","ocean_disable_margins":"enable","ocean_add_body_class":"","ocean_shortcode_before_top_bar":"","ocean_shortcode_after_top_bar":"","ocean_shortcode_before_header":"","ocean_shortcode_after_header":"","ocean_has_shortcode":"","ocean_shortcode_after_title":"","ocean_shortcode_before_footer_widgets":"","ocean_shortcode_after_footer_widgets":"","ocean_shortcode_before_footer_bottom":"","ocean_shortcode_after_footer_bottom":"","ocean_display_top_bar":"default","ocean_display_header":"default","ocean_header_style":"","ocean_center_header_left_menu":"","ocean_custom_header_template":"","ocean_custom_logo":0,"ocean_custom_retina_logo":0,"ocean_custom_logo_max_width":0,"ocean_custom_logo_tablet_max_width":0,"ocean_custom_logo_mobile_max_width":0,"ocean_custom_logo_max_height":0,"ocean_custom_logo_tablet_max_height":0,"ocean_custom_logo_mobile_max_height":0,"ocean_header_custom_menu":"","ocean_menu_typo_font_family":"","ocean_menu_typo_font_subset":"","ocean_menu_typo_font_size":0,"ocean_menu_typo_font_size_tablet":0,"ocean_menu_typo_font_size_mobile":0,"ocean_menu_typo_font_size_unit":"px","ocean_menu_typo_font_weight":"","ocean_menu_typo_font_weight_tablet":"","ocean_menu_typo_font_weight_mobile":"","ocean_menu_typo_transform":"","ocean_menu_typo_transform_tablet":"","ocean_menu_typo_transform_mobile":"","ocean_menu_typo_line_height":0,"ocean_menu_typo_line_height_tablet":0,"ocean_menu_typo_line_height_mobile":0,"ocean_menu_typo_line_height_unit":"","ocean_menu_typo_spacing":0,"ocean_menu_typo_spacing_tablet":0,"ocean_menu_typo_spacing_mobile":0,"ocean_menu_typo_spacing_unit":"","ocean_menu_link_color":"","ocean_menu_link_color_hover":"","ocean_menu_link_color_active":"","ocean_menu_link_background":"","ocean_menu_link_hover_background":"","ocean_menu_link_active_background":"","ocean_menu_social_links_bg":"","ocean_menu_social_hover_links_bg":"","ocean_menu_social_links_color":"","ocean_menu_social_hover_links_color":"","ocean_disable_title":"default","ocean_disable_heading":"default","ocean_post_title":"","ocean_post_subheading":"","ocean_post_title_style":"","ocean_post_title_background_color":"","ocean_post_title_background":0,"ocean_post_title_bg_image_position":"","ocean_post_title_bg_image_attachment":"","ocean_post_title_bg_image_repeat":"","ocean_post_title_bg_image_size":"","ocean_post_title_height":0,"ocean_post_title_bg_overlay":0.5,"ocean_post_title_bg_overlay_color":"","ocean_disable_breadcrumbs":"default","ocean_breadcrumbs_color":"","ocean_breadcrumbs_separator_color":"","ocean_breadcrumbs_links_color":"","ocean_breadcrumbs_links_hover_color":"","ocean_display_footer_widgets":"default","ocean_display_footer_bottom":"default","ocean_custom_footer_template":"","ocean_post_oembed":"","ocean_post_self_hosted_media":"","ocean_post_video_embed":"","ocean_link_format":"","ocean_link_format_target":"self","ocean_quote_format":"","ocean_quote_format_link":"post","ocean_gallery_link_images":"on","ocean_gallery_id":[]},"categories":[9],"tags":[3848,3874,105,467],"acf":[],"_links":{"self":[{"href":"https:\/\/www.simepe.com.br\/novo\/wp-json\/wp\/v2\/posts\/57069"}],"collection":[{"href":"https:\/\/www.simepe.com.br\/novo\/wp-json\/wp\/v2\/posts"}],"about":[{"href":"https:\/\/www.simepe.com.br\/novo\/wp-json\/wp\/v2\/types\/post"}],"author":[{"embeddable":true,"href":"https:\/\/www.simepe.com.br\/novo\/wp-json\/wp\/v2\/users\/1"}],"replies":[{"embeddable":true,"href":"https:\/\/www.simepe.com.br\/novo\/wp-json\/wp\/v2\/comments?post=57069"}],"version-history":[{"count":1,"href":"https:\/\/www.simepe.com.br\/novo\/wp-json\/wp\/v2\/posts\/57069\/revisions"}],"predecessor-version":[{"id":57070,"href":"https:\/\/www.simepe.com.br\/novo\/wp-json\/wp\/v2\/posts\/57069\/revisions\/57070"}],"wp:attachment":[{"href":"https:\/\/www.simepe.com.br\/novo\/wp-json\/wp\/v2\/media?parent=57069"}],"wp:term":[{"taxonomy":"category","embeddable":true,"href":"https:\/\/www.simepe.com.br\/novo\/wp-json\/wp\/v2\/categories?post=57069"},{"taxonomy":"post_tag","embeddable":true,"href":"https:\/\/www.simepe.com.br\/novo\/wp-json\/wp\/v2\/tags?post=57069"}],"curies":[{"name":"wp","href":"https:\/\/api.w.org\/{rel}","templated":true}]}}