{"id":57105,"date":"2021-01-21T11:02:45","date_gmt":"2021-01-21T14:02:45","guid":{"rendered":"https:\/\/www.simepe.com.br\/novo\/?p=57105"},"modified":"2021-01-21T11:02:45","modified_gmt":"2021-01-21T14:02:45","slug":"vacinacao-contra-covid-19-em-manaus-e-suspensa-para-replanejamento","status":"publish","type":"post","link":"https:\/\/www.simepe.com.br\/novo\/vacinacao-contra-covid-19-em-manaus-e-suspensa-para-replanejamento\/","title":{"rendered":"Vacina\u00e7\u00e3o contra Covid-19 em Manaus \u00e9 suspensa para replanejamento"},"content":{"rendered":"<p><em>Objetivo \u00e9 discutir os crit\u00e9rios que definir\u00e3o quais profissionais de sa\u00fade t\u00eam prioridade para receber as doses, j\u00e1 que a quantidade de vacinas disponibilizada pelo governo federal \u00e9 insuficiente e h\u00e1 den\u00fancias de irregularidades.<\/em><\/p>\n<p>A vacina\u00e7\u00e3o contra a Covid-19 em Manaus foi suspensa nesta quinta-feira (21) para replanejamento da campanha. O objetivo \u00e9 discutir os crit\u00e9rios que definir\u00e3o quais profissionais de sa\u00fade e de quais unidades t\u00eam prioridade para receber as primeiras doses, j\u00e1 que a quantidade de vacinas disponibilizada pelo governo federal \u00e9 insuficiente. Somente profissionais que atuam no Samu seguem recebendo o imunizante.<\/p>\n<p>Ap\u00f3s a defini\u00e7\u00e3o dos crit\u00e9rios, as unidades de sa\u00fade dever\u00e3o enviar a lista nominal dos profissionais, com o setor em que cada um trabalha, para a Secretaria da Sa\u00fade de Manaus reprogramar a vacina\u00e7\u00e3o. A previs\u00e3o \u00e9 que os trabalhos sejam retomados na sexta-feira (22).<\/p>\n<p>A suspens\u00e3o da campanha foi definida pelas secretarias de sa\u00fade de Manaus e do Amazonas, ap\u00f3s uma reuni\u00e3o na noite de quarta-feira (20) com \u00f3rg\u00e3os de controle do estado: Minist\u00e9rio P\u00fablico Estadual, do Minist\u00e9rio P\u00fablico Federal, da Defensoria P\u00fablica Estadual, da Defensoria P\u00fablica da Uni\u00e3o e do Minist\u00e9rio P\u00fablico do Trabalho.<\/p>\n<p>Os participantes da reuni\u00e3o conclu\u00edram que devem ser priorizados os profissionais mais expostos ao coronav\u00edrus e que trabalhem em unidades de refer\u00eancia de m\u00e9dia e alta complexidade, que tenham contato direto com pacientes com Covid, considerando tamb\u00e9m comorbidades e idade. Foi definido ainda que ser\u00e1 garantida a segunda dose para os profissionais que j\u00e1 foram vacinados at\u00e9 esta quarta-feira.<\/p>\n<p>A secret\u00e1ria municipal da Sa\u00fade, Sh\u00e1dia Fraxe, afirmou a prefeitura organizou 50 equipes de vacina\u00e7\u00e3o, com 200 profissionais, por\u00e9m a defini\u00e7\u00e3o de locais e de quem deve ser vacinado \u00e9 de responsabilidade do governo do estado.<\/p>\n<p>J\u00e1 a Secretaria do Amazonas havia divulgado que a responsabilidade pela campanha era das prefeituras e que n\u00e3o era respons\u00e1vel pela defini\u00e7\u00e3o das pessoas que receber\u00e3o as doses, apenas entregava o imunizante aos munic\u00edpios.<\/p>\n<p>De acordo com a prefeitura de Manaus, nos primeiros dois dias de vacina\u00e7\u00e3o na capital, 1.140 profissionais de sa\u00fade receberam a primeira dose da CoronaVac. A Prefeitura recebeu, para esta primeira etapa da campanha, um total de 40.072 doses de vacina.<\/p>\n<p><strong>Crise na sa\u00fade<\/strong><br \/>\nO Amazonas tem mais de 238 mil casos e 6,5 mil mortes por Covid-19. A capital enfrenta colapso no sistema de sa\u00fade por falta de oxig\u00eanio nos hospitais: a demanda pelo produto cresceu ap\u00f3s o recorde de interna\u00e7\u00f5es.<\/p>\n<p>Na quinta-feira, o prefeito David Almeida disse que iria proibir imagens de pessoas recebendo a vacina, depois que parentes de empres\u00e1rios locais postaram fotos sendo imunizadas em redes sociais. A prefeitura diz que n\u00e3o h\u00e1 irregularidade. O Minist\u00e9rio P\u00fablico do Amazonas est\u00e1 investigando as den\u00fancias.<\/p>\n<p>Fonte: G1<\/p>\n","protected":false},"excerpt":{"rendered":"<p>Objetivo \u00e9 discutir os crit\u00e9rios que definir\u00e3o quais profissionais de sa\u00fade t\u00eam prioridade para receber as doses, j\u00e1 que a quantidade de vacinas disponibilizada pelo governo federal \u00e9 insuficiente e h\u00e1 den\u00fancias de irregularidades. A vacina\u00e7\u00e3o contra a Covid-19 em Manaus foi suspensa nesta quinta-feira (21) para replanejamento da campanha. O objetivo \u00e9 discutir os [&hellip;]<\/p>\n","protected":false},"author":1,"featured_media":0,"comment_status":"open","ping_status":"open","sticky":false,"template":"","format":"standard","meta":{"ocean_post_layout":"","ocean_both_sidebars_style":"","ocean_both_sidebars_content_width":0,"ocean_both_sidebars_sidebars_width":0,"ocean_sidebar":"","ocean_second_sidebar":"","ocean_disable_margins":"enable","ocean_add_body_class":"","ocean_shortcode_before_top_bar":"","ocean_shortcode_after_top_bar":"","ocean_shortcode_before_header":"","ocean_shortcode_after_header":"","ocean_has_shortcode":"","ocean_shortcode_after_title":"","ocean_shortcode_before_footer_widgets":"","ocean_shortcode_after_footer_widgets":"","ocean_shortcode_before_footer_bottom":"","ocean_shortcode_after_footer_bottom":"","ocean_display_top_bar":"default","ocean_display_header":"default","ocean_header_style":"","ocean_center_header_left_menu":"","ocean_custom_header_template":"","ocean_custom_logo":0,"ocean_custom_retina_logo":0,"ocean_custom_logo_max_width":0,"ocean_custom_logo_tablet_max_width":0,"ocean_custom_logo_mobile_max_width":0,"ocean_custom_logo_max_height":0,"ocean_custom_logo_tablet_max_height":0,"ocean_custom_logo_mobile_max_height":0,"ocean_header_custom_menu":"","ocean_menu_typo_font_family":"","ocean_menu_typo_font_subset":"","ocean_menu_typo_font_size":0,"ocean_menu_typo_font_size_tablet":0,"ocean_menu_typo_font_size_mobile":0,"ocean_menu_typo_font_size_unit":"px","ocean_menu_typo_font_weight":"","ocean_menu_typo_font_weight_tablet":"","ocean_menu_typo_font_weight_mobile":"","ocean_menu_typo_transform":"","ocean_menu_typo_transform_tablet":"","ocean_menu_typo_transform_mobile":"","ocean_menu_typo_line_height":0,"ocean_menu_typo_line_height_tablet":0,"ocean_menu_typo_line_height_mobile":0,"ocean_menu_typo_line_height_unit":"","ocean_menu_typo_spacing":0,"ocean_menu_typo_spacing_tablet":0,"ocean_menu_typo_spacing_mobile":0,"ocean_menu_typo_spacing_unit":"","ocean_menu_link_color":"","ocean_menu_link_color_hover":"","ocean_menu_link_color_active":"","ocean_menu_link_background":"","ocean_menu_link_hover_background":"","ocean_menu_link_active_background":"","ocean_menu_social_links_bg":"","ocean_menu_social_hover_links_bg":"","ocean_menu_social_links_color":"","ocean_menu_social_hover_links_color":"","ocean_disable_title":"default","ocean_disable_heading":"default","ocean_post_title":"","ocean_post_subheading":"","ocean_post_title_style":"","ocean_post_title_background_color":"","ocean_post_title_background":0,"ocean_post_title_bg_image_position":"","ocean_post_title_bg_image_attachment":"","ocean_post_title_bg_image_repeat":"","ocean_post_title_bg_image_size":"","ocean_post_title_height":0,"ocean_post_title_bg_overlay":0.5,"ocean_post_title_bg_overlay_color":"","ocean_disable_breadcrumbs":"default","ocean_breadcrumbs_color":"","ocean_breadcrumbs_separator_color":"","ocean_breadcrumbs_links_color":"","ocean_breadcrumbs_links_hover_color":"","ocean_display_footer_widgets":"default","ocean_display_footer_bottom":"default","ocean_custom_footer_template":"","ocean_post_oembed":"","ocean_post_self_hosted_media":"","ocean_post_video_embed":"","ocean_link_format":"","ocean_link_format_target":"self","ocean_quote_format":"","ocean_quote_format_link":"post","ocean_gallery_link_images":"on","ocean_gallery_id":[]},"categories":[9],"tags":[1420,1490,82],"acf":[],"_links":{"self":[{"href":"https:\/\/www.simepe.com.br\/novo\/wp-json\/wp\/v2\/posts\/57105"}],"collection":[{"href":"https:\/\/www.simepe.com.br\/novo\/wp-json\/wp\/v2\/posts"}],"about":[{"href":"https:\/\/www.simepe.com.br\/novo\/wp-json\/wp\/v2\/types\/post"}],"author":[{"embeddable":true,"href":"https:\/\/www.simepe.com.br\/novo\/wp-json\/wp\/v2\/users\/1"}],"replies":[{"embeddable":true,"href":"https:\/\/www.simepe.com.br\/novo\/wp-json\/wp\/v2\/comments?post=57105"}],"version-history":[{"count":2,"href":"https:\/\/www.simepe.com.br\/novo\/wp-json\/wp\/v2\/posts\/57105\/revisions"}],"predecessor-version":[{"id":57107,"href":"https:\/\/www.simepe.com.br\/novo\/wp-json\/wp\/v2\/posts\/57105\/revisions\/57107"}],"wp:attachment":[{"href":"https:\/\/www.simepe.com.br\/novo\/wp-json\/wp\/v2\/media?parent=57105"}],"wp:term":[{"taxonomy":"category","embeddable":true,"href":"https:\/\/www.simepe.com.br\/novo\/wp-json\/wp\/v2\/categories?post=57105"},{"taxonomy":"post_tag","embeddable":true,"href":"https:\/\/www.simepe.com.br\/novo\/wp-json\/wp\/v2\/tags?post=57105"}],"curies":[{"name":"wp","href":"https:\/\/api.w.org\/{rel}","templated":true}]}}