{"id":57127,"date":"2021-01-22T10:53:11","date_gmt":"2021-01-22T13:53:11","guid":{"rendered":"https:\/\/www.simepe.com.br\/novo\/?p=57127"},"modified":"2021-01-22T10:53:11","modified_gmt":"2021-01-22T13:53:11","slug":"apos-lobby-caminhoneiros-e-motoristas-viram-prioridade-e-serao-vacinados-antes","status":"publish","type":"post","link":"https:\/\/www.simepe.com.br\/novo\/apos-lobby-caminhoneiros-e-motoristas-viram-prioridade-e-serao-vacinados-antes\/","title":{"rendered":"Ap\u00f3s lobby, caminhoneiros e motoristas viram prioridade e ser\u00e3o vacinados antes"},"content":{"rendered":"<p><em>Segundo a CNT (Confedera\u00e7\u00e3o Nacional do Transporte), a inten\u00e7\u00e3o \u00e9 vacinar 2 milh\u00f5es de pessoas do setor na fase quatro do grupo priorit\u00e1rio.<\/em><\/p>\n<p>Apesar de minimizar as chances de greve dos caminhoneiros no in\u00edcio de fevereiro, o governo federal cedeu a uma s\u00e9rie de itens da pauta de reivindica\u00e7\u00f5es dos profissionais de transporte.<\/p>\n<p>Uma das promessas \u00e9, por exemplo, a inclus\u00e3o da categoria no grupo priorit\u00e1rio de vacina\u00e7\u00e3o contra a Covid-19. Exclu\u00eddos do primeiro plano de vacina\u00e7\u00e3o do Minist\u00e9rio da Sa\u00fade apresentado ao STF (Supremo Tribunal Federal), trabalhadores do transporte coletivo e transportadores rodovi\u00e1rios de carga foram inclu\u00eddos na segunda vers\u00e3o apresentada em 16 de dezembro.<\/p>\n<p>Nesta semana, um novo informe t\u00e9cnico especificou que fazem parte do transporte coletivo rodovi\u00e1rio motoristas e cobradores, inclu\u00eddos os profissionais que percorrem um longo trajeto.<\/p>\n<p>Al\u00e9m disso, a pasta acrescentou trabalhadores portu\u00e1rios &#8211; at\u00e9 mesmo da \u00e1rea administrativa -, funcion\u00e1rios de companhias a\u00e9reas nacionais, funcion\u00e1rios de empresas metroferrovi\u00e1rias de passageiros e de cargas e funcion\u00e1rios de empresas brasileiras de navega\u00e7\u00e3o.<\/p>\n<p>A reportagem apurou que t\u00eam ocorrido intensas negocia\u00e7\u00f5es do setor com o Minist\u00e9rio da Sa\u00fade desde dezembro. O Minist\u00e9rio da Infraestrutura tamb\u00e9m tem colaborado com as tratativas.<\/p>\n<p>Segundo a CNT (Confedera\u00e7\u00e3o Nacional do Transporte), a inten\u00e7\u00e3o \u00e9 vacinar 2 milh\u00f5es de pessoas do setor na fase quatro do grupo priorit\u00e1rio. Entretanto, a categoria aguarda confirma\u00e7\u00e3o e o cronograma de vacina\u00e7\u00e3o.<\/p>\n<p>Ao serem inclu\u00eddos no grupo priorit\u00e1rio, eles ser\u00e3o vacinados antes de pelo menos 100 milh\u00f5es de brasileiros, que n\u00e3o constam de qualquer grupo priorit\u00e1rio.<\/p>\n<p>Para o presidente da CNT, Vander Costa, as reivindica\u00e7\u00f5es do setor foram atendidas porque, em mar\u00e7o de 2020, uma norma do governo considerou o servi\u00e7o de transporte como essencial para o pa\u00eds.<\/p>\n<p>&#8220;Esse \u00e9 um reconhecimento da import\u00e2ncia do trabalho que vem sendo desempenhado pelo setor, essencial para a manuten\u00e7\u00e3o das atividades de todo o pa\u00eds.&#8221;<\/p>\n<p>No Brasil, foram disponibilizadas at\u00e9 o momento 6 milh\u00f5es de doses. Est\u00e3o sendo contemplados idosos acima de 60 anos institucionalizados, pessoas com defici\u00eancia com mais de 18 anos institucionalizadas e ind\u00edgenas aldeados em terras homologadas.<\/p>\n<p>Os profissionais de sa\u00fade tamb\u00e9m entraram nessa primeira fase, mas, at\u00e9 o momento, houve a disponibilidade de vacina para apenas 34% do grupo.<\/p>\n<p>Pela falta de vacinas e aus\u00eancia de diretriz no plano de vacina\u00e7\u00e3o de quais seriam vacinados primeiro, estados e munic\u00edpios t\u00eam adotado crit\u00e9rios pr\u00f3prios e aberto espa\u00e7o para que v\u00e1rias categorias profissionais, de professores de educa\u00e7\u00e3o f\u00edsica a tatuadores, pe\u00e7am prioridade na fila da vacina\u00e7\u00e3o.<\/p>\n<p>Em S\u00e3o Paulo, m\u00e9dicos de hospitais p\u00fablicos e privados da cidade tem criticado a falta de vacina em raz\u00e3o de informa\u00e7\u00f5es de que at\u00e9 mesmo profissionais que n\u00e3o s\u00e3o da linha de frente no atendimento \u00e0 Covid-19 est\u00e3o sendo vacinados no Hospital das Cl\u00ednicas de S\u00e3o Paulo, que estaria sendo privilegiado no calend\u00e1rio de imuniza\u00e7\u00f5es.<\/p>\n<p>Apesar de idosos com 75 anos ou mais e povos e comunidades tradicionais ribeirinhas estarem inclu\u00eddos na primeira fase, eles n\u00e3o receberam parte das doses distribu\u00eddas.<\/p>\n<p>Na segunda fase constam pessoas de 60 a 74 anos. A terceira fase prev\u00ea a imuniza\u00e7\u00e3o de pessoas com comorbidades que apresentam maior chance para agravamento da doen\u00e7a (como portadores de doen\u00e7as renais cr\u00f4nicas, cardiovasculares, entre outras).<\/p>\n<p>J\u00e1 a quarta deve abranger professores, for\u00e7as de seguran\u00e7a e salvamento, funcion\u00e1rios do sistema prisional e pessoas privadas de liberdade, pessoas com defici\u00eancia severa, professores, pessoas em situa\u00e7\u00e3o de rua e trabalhadores do transporte.<\/p>\n<p>O Minist\u00e9rio da Sa\u00fade afirmou, em nota, que o plano de vacina\u00e7\u00e3o \u00e9 din\u00e2mico e por isso podem ocorrer ajustes necess\u00e1rios nas fases de distribui\u00e7\u00e3o das vacinas e nas indica\u00e7\u00f5es de p\u00fablico-alvo, de acordo os cen\u00e1rios j\u00e1 planejados, considerando a indica\u00e7\u00e3o de uso apresentada pelo fabricante, o quantitativo de doses entregues e os p\u00fablicos priorit\u00e1rios j\u00e1 definidos.<\/p>\n<p>&#8220;Atualmente, o PNI [Programa Nacional de Imuniza\u00e7\u00f5es] segue as orienta\u00e7\u00f5es dos laborat\u00f3rios produtores quanto \u00e0 aplica\u00e7\u00e3o das doses das vacinas. O objetivo principal do Minist\u00e9rio da Sa\u00fade \u00e9 otimizar o uso do imunizante, vacinando o maior n\u00famero de pessoas&#8221;, disse em nota.<\/p>\n<p>Questionada sobre os trabalhadores de transporte, a pasta disse apenas que a programa\u00e7\u00e3o para o in\u00edcio da imuniza\u00e7\u00e3o de cada fase depende do quantitativo de doses entregues pelos laborat\u00f3rios fornecedores de vacinas aprovadas pela Anvisa (Ag\u00eancia Nacional de Vigil\u00e2ncia Sanit\u00e1ria).<\/p>\n<p>Al\u00e9m da \u00e1rea da sa\u00fade, caminhoneiros tamb\u00e9m conseguiram benef\u00edcios em negocia\u00e7\u00e3o com o Minist\u00e9rio da Infraestrutura.<\/p>\n<p>No ano passado, a CNTA (Confedera\u00e7\u00e3o Nacional dos Transportadores Aut\u00f4nomos), principal representante da categoria, apresentou ao governo uma pauta com 18 itens.<\/p>\n<p>A entidade, assim como o governo, minimiza a influ\u00eancia dos que pretendiam fazer uma paralisa\u00e7\u00e3o nacional em fevereiro. No entanto, a amea\u00e7a de greve \u00e9 vista por representantes como um catalizador do atendimento das demandas represadas.<\/p>\n<p>Na noite desta quinta-feira (21), o presidente Jair Bolsonaro (sem partido) fez sua live acompanhado do ministro Tarc\u00edsio de Freitas (Infraestrutura). Ambos anunciaram promessas aos caminhoneiros.<\/p>\n<p>Foram relatadas medidas com isen\u00e7\u00e3o de tarifa de importa\u00e7\u00e3o para pneus, revis\u00e3o da norma de pesagem para que onere menos o caminhoneiro, elimina\u00e7\u00e3o de atravessadores, facilita\u00e7\u00e3o do recebimento do vale-ped\u00e1gio e substitui\u00e7\u00e3o de v\u00e1rios documentos por um \u00fanico, eletr\u00f4nico, que permitir\u00e1 transa\u00e7\u00f5es por Pix.<\/p>\n<p>&#8220;\u00c9 uma transforma\u00e7\u00e3o para este setor do transporte. A gente vai ter o caminhoneiro digitalizado, recebendo Pix, com acesso ao capital de giro&#8221;, disse Tarc\u00edsio.<\/p>\n<p>&#8220;O ministro citou os demais itens que comp\u00f5em a pauta de demandas. Refor\u00e7a a insanidade de se querer, por alguns poucos, se fazer uma paralisa\u00e7\u00e3o agora. N\u00e3o faz sentido&#8221;, disse Marlon Maues, assessor-executivo da CNTA.<\/p>\n<p>Fonte: Folha de Pernambuco.<\/p>\n","protected":false},"excerpt":{"rendered":"<p>Segundo a CNT (Confedera\u00e7\u00e3o Nacional do Transporte), a inten\u00e7\u00e3o \u00e9 vacinar 2 milh\u00f5es de pessoas do setor na fase quatro do grupo priorit\u00e1rio. Apesar de minimizar as chances de greve dos caminhoneiros no in\u00edcio de fevereiro, o governo federal cedeu a uma s\u00e9rie de itens da pauta de reivindica\u00e7\u00f5es dos profissionais de transporte. Uma das [&hellip;]<\/p>\n","protected":false},"author":1,"featured_media":0,"comment_status":"open","ping_status":"open","sticky":false,"template":"","format":"standard","meta":{"ocean_post_layout":"","ocean_both_sidebars_style":"","ocean_both_sidebars_content_width":0,"ocean_both_sidebars_sidebars_width":0,"ocean_sidebar":"","ocean_second_sidebar":"","ocean_disable_margins":"enable","ocean_add_body_class":"","ocean_shortcode_before_top_bar":"","ocean_shortcode_after_top_bar":"","ocean_shortcode_before_header":"","ocean_shortcode_after_header":"","ocean_has_shortcode":"","ocean_shortcode_after_title":"","ocean_shortcode_before_footer_widgets":"","ocean_shortcode_after_footer_widgets":"","ocean_shortcode_before_footer_bottom":"","ocean_shortcode_after_footer_bottom":"","ocean_display_top_bar":"default","ocean_display_header":"default","ocean_header_style":"","ocean_center_header_left_menu":"","ocean_custom_header_template":"","ocean_custom_logo":0,"ocean_custom_retina_logo":0,"ocean_custom_logo_max_width":0,"ocean_custom_logo_tablet_max_width":0,"ocean_custom_logo_mobile_max_width":0,"ocean_custom_logo_max_height":0,"ocean_custom_logo_tablet_max_height":0,"ocean_custom_logo_mobile_max_height":0,"ocean_header_custom_menu":"","ocean_menu_typo_font_family":"","ocean_menu_typo_font_subset":"","ocean_menu_typo_font_size":0,"ocean_menu_typo_font_size_tablet":0,"ocean_menu_typo_font_size_mobile":0,"ocean_menu_typo_font_size_unit":"px","ocean_menu_typo_font_weight":"","ocean_menu_typo_font_weight_tablet":"","ocean_menu_typo_font_weight_mobile":"","ocean_menu_typo_transform":"","ocean_menu_typo_transform_tablet":"","ocean_menu_typo_transform_mobile":"","ocean_menu_typo_line_height":0,"ocean_menu_typo_line_height_tablet":0,"ocean_menu_typo_line_height_mobile":0,"ocean_menu_typo_line_height_unit":"","ocean_menu_typo_spacing":0,"ocean_menu_typo_spacing_tablet":0,"ocean_menu_typo_spacing_mobile":0,"ocean_menu_typo_spacing_unit":"","ocean_menu_link_color":"","ocean_menu_link_color_hover":"","ocean_menu_link_color_active":"","ocean_menu_link_background":"","ocean_menu_link_hover_background":"","ocean_menu_link_active_background":"","ocean_menu_social_links_bg":"","ocean_menu_social_hover_links_bg":"","ocean_menu_social_links_color":"","ocean_menu_social_hover_links_color":"","ocean_disable_title":"default","ocean_disable_heading":"default","ocean_post_title":"","ocean_post_subheading":"","ocean_post_title_style":"","ocean_post_title_background_color":"","ocean_post_title_background":0,"ocean_post_title_bg_image_position":"","ocean_post_title_bg_image_attachment":"","ocean_post_title_bg_image_repeat":"","ocean_post_title_bg_image_size":"","ocean_post_title_height":0,"ocean_post_title_bg_overlay":0.5,"ocean_post_title_bg_overlay_color":"","ocean_disable_breadcrumbs":"default","ocean_breadcrumbs_color":"","ocean_breadcrumbs_separator_color":"","ocean_breadcrumbs_links_color":"","ocean_breadcrumbs_links_hover_color":"","ocean_display_footer_widgets":"default","ocean_display_footer_bottom":"default","ocean_custom_footer_template":"","ocean_post_oembed":"","ocean_post_self_hosted_media":"","ocean_post_video_embed":"","ocean_link_format":"","ocean_link_format_target":"self","ocean_quote_format":"","ocean_quote_format_link":"post","ocean_gallery_link_images":"on","ocean_gallery_id":[]},"categories":[9],"tags":[1420,1490,82],"acf":[],"_links":{"self":[{"href":"https:\/\/www.simepe.com.br\/novo\/wp-json\/wp\/v2\/posts\/57127"}],"collection":[{"href":"https:\/\/www.simepe.com.br\/novo\/wp-json\/wp\/v2\/posts"}],"about":[{"href":"https:\/\/www.simepe.com.br\/novo\/wp-json\/wp\/v2\/types\/post"}],"author":[{"embeddable":true,"href":"https:\/\/www.simepe.com.br\/novo\/wp-json\/wp\/v2\/users\/1"}],"replies":[{"embeddable":true,"href":"https:\/\/www.simepe.com.br\/novo\/wp-json\/wp\/v2\/comments?post=57127"}],"version-history":[{"count":1,"href":"https:\/\/www.simepe.com.br\/novo\/wp-json\/wp\/v2\/posts\/57127\/revisions"}],"predecessor-version":[{"id":57128,"href":"https:\/\/www.simepe.com.br\/novo\/wp-json\/wp\/v2\/posts\/57127\/revisions\/57128"}],"wp:attachment":[{"href":"https:\/\/www.simepe.com.br\/novo\/wp-json\/wp\/v2\/media?parent=57127"}],"wp:term":[{"taxonomy":"category","embeddable":true,"href":"https:\/\/www.simepe.com.br\/novo\/wp-json\/wp\/v2\/categories?post=57127"},{"taxonomy":"post_tag","embeddable":true,"href":"https:\/\/www.simepe.com.br\/novo\/wp-json\/wp\/v2\/tags?post=57127"}],"curies":[{"name":"wp","href":"https:\/\/api.w.org\/{rel}","templated":true}]}}