{"id":57143,"date":"2021-01-22T11:22:14","date_gmt":"2021-01-22T14:22:14","guid":{"rendered":"https:\/\/www.simepe.com.br\/novo\/?p=57143"},"modified":"2021-01-22T11:22:14","modified_gmt":"2021-01-22T14:22:14","slug":"lote-com-2-milhoes-de-vacinas-deve-chegar-hoje-da-india","status":"publish","type":"post","link":"https:\/\/www.simepe.com.br\/novo\/lote-com-2-milhoes-de-vacinas-deve-chegar-hoje-da-india\/","title":{"rendered":"Lote com 2 milh\u00f5es de vacinas deve chegar hoje da \u00cdndia"},"content":{"rendered":"<p>Chegam hoje ao Brasil o lote de dois milh\u00f5es de doses prontas da vacina desenvolvida pela Universidade de Oxford com a AstraZeneca, produzidas pelo Instituto Serum, da \u00cdndia. Entre o prazo anunciado pelo governo federal e a libera\u00e7\u00e3o dos imunizantes, cuja confirma\u00e7\u00e3o ocorreu no mesmo dia em que um inc\u00eandio atingiu o laborat\u00f3rio produtor, h\u00e1 um hiato de uma semana. A previs\u00e3o, segundo a Funda\u00e7\u00e3o Oswaldo Cruz (Fiocruz), \u00e9 de que as vacinas estejam prontas para distribui\u00e7\u00e3o amanh\u00e3, \u00e0 tarde.<\/p>\n<p>A informa\u00e7\u00e3o do embarque das doses foi comemorada pelo presidente Jair Bolsonaro, que anunciou, pela conta no Twitter, a chegada do carregamento. A carga ser\u00e1 transportada em voo comercial para o Aeroporto de Guarulhos (SP) e seguir\u00e1 para o aeroporto internacional Tom Jobim, no Rio de Janeiro, na mesma aeronave que havia sido destacada, semana passada, para ir buscar as doses em Mumbai.<\/p>\n<p>Antes de ser distribu\u00edda, a Fiocruz, respons\u00e1vel pela produ\u00e7\u00e3o da vacina no pa\u00eds, far\u00e1 uma checagem de qualidade e seguran\u00e7a antes de liberar a remessa para os estados, conforme prev\u00eaem as normas regulat\u00f3rias. Os imunizantes passar\u00e3o, ainda, por uma rotulagem, com etiquetagem das caixas com informa\u00e7\u00f5es em portugu\u00eas.<\/p>\n<p>\u201cEsse processo acontecer\u00e1 ao longo da madrugada e na manh\u00e3 de s\u00e1bado, e ser\u00e1 realizado por equipes treinadas em boas pr\u00e1ticas de produ\u00e7\u00e3o\u201d, informou a funda\u00e7\u00e3o. Caber\u00e1 ao Minist\u00e9rio da Sa\u00fade realizar a distribui\u00e7\u00e3o, o que deve ocorrer entre amanh\u00e3 e domingo, segundo a Fiocruz.<br \/>\nDiferentemente da CoronaVac, que precisa guardar metade das doses para a segunda aplica\u00e7\u00e3o, a instru\u00e7\u00e3o em rela\u00e7\u00e3o \u00e0 vacina de Oxford \u00e9 usar o lote de dois milh\u00f5es de unidades neste primeiro momento, j\u00e1 que o intervalo entre uma aplica\u00e7\u00e3o e outra \u00e9 de tr\u00eas meses.<\/p>\n<p><strong>Demora<\/strong><br \/>\nA expectativa do governo federal era come\u00e7ar o programa de imuniza\u00e7\u00e3o na \u00faltima segunda-feira, com a Oxford\/AstraZeneca. Uma opera\u00e7\u00e3o foi montada no \u00faltimo dia 14 para que um jato cargueiro sa\u00edsse de Recife para Mumbai assim que o governo indiano desse o sinal verde para a busca das doses. A aeronave deveria partir na noite do dia 15, com previs\u00e3o de chegada no territ\u00f3rio indiano no dia seguinte e de retorno ao Brasil no domingo seguinte (17).<br \/>\nMas foi quando veio a frustra\u00e7\u00e3o. Apesar de a carga estar pronta, precisava de autoriza\u00e7\u00e3o do governo indiano, que disse que priorizaria o seu pr\u00f3prio programa de imuniza\u00e7\u00e3o. Na ocasi\u00e3o, Bolsonaro afirmou que o avi\u00e3o sairia em \u201cdois ou tr\u00eas dias\u201d. Autoridades da \u00cdndia, por\u00e9m, afirmaram que houve precipita\u00e7\u00e3o por parte do Brasil.<\/p>\n<p>Na \u00faltima ter\u00e7a-feira, os indianos come\u00e7aram a exporta\u00e7\u00e3o das primeiras vacinas contra o novo coronav\u00edrus e deixou o Brasil de fora. Os imunizantes seriam enviados a pa\u00edses vizinhos: But\u00e3o, Bangladesh, Nepal, Maldivas, Seychelles e Mianmar. Novamente, n\u00e3o houve clareza sobre a n\u00e3o libera\u00e7\u00e3o da carga prevista para a Fiocruz, mas, nos bastidores diplom\u00e1ticos, a decis\u00e3o n\u00e3o foi apenas estrat\u00e9gica, ao beneficiar a popula\u00e7\u00e3o de pa\u00edses fronteiri\u00e7os, mas, sobretudo, pol\u00edtica.<br \/>\nIsso porque a \u00cdndia n\u00e3o teve o apoio do Brasil, no ano passado, quando apresentou \u00e0 Organiza\u00e7\u00e3o Mundial do Com\u00e9rcio (OMC) um pedido para quebra de patente para produtos relacionados ao combate ao novo coronav\u00edrus. O governo federal preferiu se alinhar aos Estados Unidos na quest\u00e3o e a proposta foi derrubada.<\/p>\n<p>Para destravar as doses, autoridades come\u00e7aram a se movimentar, ultrapassando o governo federal. Encabe\u00e7ado pelo governador do Piau\u00ed, Wellington Dias (PT), que coordena no F\u00f3rum de Governadores a estrat\u00e9gia contra covid-19, o grupo protocolou um of\u00edcio ao presidente Jair Bolsonaro solicitando que o governo se empenhasse nas negocia\u00e7\u00f5es com a \u00cdndia.<\/p>\n<p>Pouco antes da divulga\u00e7\u00e3o da informa\u00e7\u00e3o de que as vacinas seriam, finalmente, enviadas ao Brasil, o ministro da Sa\u00fade, Eduardo Pazuello, afirmou que ainda n\u00e3o havia data prevista para o recebimento das doses. \u201cCom rela\u00e7\u00e3o \u00e0 vinda das vacinas da \u00cdndia, as not\u00edcias s\u00e3o muito boas, mas n\u00e3o h\u00e1 data exata da decolagem. Ela ser\u00e1 dada nos pr\u00f3ximos dias. Pr\u00f3ximos dias \u00e9 muito pr\u00f3ximo, por causa da posi\u00e7\u00e3o indiana nesse desenho, n\u00e3o nosso\u201d, disse o ministro.<br \/>\nPazuello afirmou que o que estava pendente era a libera\u00e7\u00e3o do Minist\u00e9rio da Sa\u00fade da \u00cdndia. \u201cN\u00f3s queremos, n\u00f3s contratamos, n\u00f3s pagamos, fizemos o empenho, temos o documento de importa\u00e7\u00e3o e j\u00e1 temos o documento de exporta\u00e7\u00e3o. \u00c9 apenas nesse caso, sim, a libera\u00e7\u00e3o do Minist\u00e9rio da Sa\u00fade indiano que est\u00e1 sendo discutida\u201d, informou. Questionado pelo Correio se o problema era diplom\u00e1tico, o ministro afirmou: \u201cAcho que \u00e9 s\u00f3 per\u00edodo da vacina\u00e7\u00e3o na \u00cdndia, mais nada\u201d.<\/p>\n<p>Fonte: Diario de Pernambuco<\/p>\n","protected":false},"excerpt":{"rendered":"<p>Chegam hoje ao Brasil o lote de dois milh\u00f5es de doses prontas da vacina desenvolvida pela Universidade de Oxford com a AstraZeneca, produzidas pelo Instituto Serum, da \u00cdndia. Entre o prazo anunciado pelo governo federal e a libera\u00e7\u00e3o dos imunizantes, cuja confirma\u00e7\u00e3o ocorreu no mesmo dia em que um inc\u00eandio atingiu o laborat\u00f3rio produtor, h\u00e1 [&hellip;]<\/p>\n","protected":false},"author":1,"featured_media":0,"comment_status":"open","ping_status":"open","sticky":false,"template":"","format":"standard","meta":{"ocean_post_layout":"","ocean_both_sidebars_style":"","ocean_both_sidebars_content_width":0,"ocean_both_sidebars_sidebars_width":0,"ocean_sidebar":"","ocean_second_sidebar":"","ocean_disable_margins":"enable","ocean_add_body_class":"","ocean_shortcode_before_top_bar":"","ocean_shortcode_after_top_bar":"","ocean_shortcode_before_header":"","ocean_shortcode_after_header":"","ocean_has_shortcode":"","ocean_shortcode_after_title":"","ocean_shortcode_before_footer_widgets":"","ocean_shortcode_after_footer_widgets":"","ocean_shortcode_before_footer_bottom":"","ocean_shortcode_after_footer_bottom":"","ocean_display_top_bar":"default","ocean_display_header":"default","ocean_header_style":"","ocean_center_header_left_menu":"","ocean_custom_header_template":"","ocean_custom_logo":0,"ocean_custom_retina_logo":0,"ocean_custom_logo_max_width":0,"ocean_custom_logo_tablet_max_width":0,"ocean_custom_logo_mobile_max_width":0,"ocean_custom_logo_max_height":0,"ocean_custom_logo_tablet_max_height":0,"ocean_custom_logo_mobile_max_height":0,"ocean_header_custom_menu":"","ocean_menu_typo_font_family":"","ocean_menu_typo_font_subset":"","ocean_menu_typo_font_size":0,"ocean_menu_typo_font_size_tablet":0,"ocean_menu_typo_font_size_mobile":0,"ocean_menu_typo_font_size_unit":"px","ocean_menu_typo_font_weight":"","ocean_menu_typo_font_weight_tablet":"","ocean_menu_typo_font_weight_mobile":"","ocean_menu_typo_transform":"","ocean_menu_typo_transform_tablet":"","ocean_menu_typo_transform_mobile":"","ocean_menu_typo_line_height":0,"ocean_menu_typo_line_height_tablet":0,"ocean_menu_typo_line_height_mobile":0,"ocean_menu_typo_line_height_unit":"","ocean_menu_typo_spacing":0,"ocean_menu_typo_spacing_tablet":0,"ocean_menu_typo_spacing_mobile":0,"ocean_menu_typo_spacing_unit":"","ocean_menu_link_color":"","ocean_menu_link_color_hover":"","ocean_menu_link_color_active":"","ocean_menu_link_background":"","ocean_menu_link_hover_background":"","ocean_menu_link_active_background":"","ocean_menu_social_links_bg":"","ocean_menu_social_hover_links_bg":"","ocean_menu_social_links_color":"","ocean_menu_social_hover_links_color":"","ocean_disable_title":"default","ocean_disable_heading":"default","ocean_post_title":"","ocean_post_subheading":"","ocean_post_title_style":"","ocean_post_title_background_color":"","ocean_post_title_background":0,"ocean_post_title_bg_image_position":"","ocean_post_title_bg_image_attachment":"","ocean_post_title_bg_image_repeat":"","ocean_post_title_bg_image_size":"","ocean_post_title_height":0,"ocean_post_title_bg_overlay":0.5,"ocean_post_title_bg_overlay_color":"","ocean_disable_breadcrumbs":"default","ocean_breadcrumbs_color":"","ocean_breadcrumbs_separator_color":"","ocean_breadcrumbs_links_color":"","ocean_breadcrumbs_links_hover_color":"","ocean_display_footer_widgets":"default","ocean_display_footer_bottom":"default","ocean_custom_footer_template":"","ocean_post_oembed":"","ocean_post_self_hosted_media":"","ocean_post_video_embed":"","ocean_link_format":"","ocean_link_format_target":"self","ocean_quote_format":"","ocean_quote_format_link":"post","ocean_gallery_link_images":"on","ocean_gallery_id":[]},"categories":[9],"tags":[1420,1490,82],"acf":[],"_links":{"self":[{"href":"https:\/\/www.simepe.com.br\/novo\/wp-json\/wp\/v2\/posts\/57143"}],"collection":[{"href":"https:\/\/www.simepe.com.br\/novo\/wp-json\/wp\/v2\/posts"}],"about":[{"href":"https:\/\/www.simepe.com.br\/novo\/wp-json\/wp\/v2\/types\/post"}],"author":[{"embeddable":true,"href":"https:\/\/www.simepe.com.br\/novo\/wp-json\/wp\/v2\/users\/1"}],"replies":[{"embeddable":true,"href":"https:\/\/www.simepe.com.br\/novo\/wp-json\/wp\/v2\/comments?post=57143"}],"version-history":[{"count":1,"href":"https:\/\/www.simepe.com.br\/novo\/wp-json\/wp\/v2\/posts\/57143\/revisions"}],"predecessor-version":[{"id":57144,"href":"https:\/\/www.simepe.com.br\/novo\/wp-json\/wp\/v2\/posts\/57143\/revisions\/57144"}],"wp:attachment":[{"href":"https:\/\/www.simepe.com.br\/novo\/wp-json\/wp\/v2\/media?parent=57143"}],"wp:term":[{"taxonomy":"category","embeddable":true,"href":"https:\/\/www.simepe.com.br\/novo\/wp-json\/wp\/v2\/categories?post=57143"},{"taxonomy":"post_tag","embeddable":true,"href":"https:\/\/www.simepe.com.br\/novo\/wp-json\/wp\/v2\/tags?post=57143"}],"curies":[{"name":"wp","href":"https:\/\/api.w.org\/{rel}","templated":true}]}}