{"id":57157,"date":"2021-01-22T12:12:45","date_gmt":"2021-01-22T15:12:45","guid":{"rendered":"https:\/\/www.simepe.com.br\/novo\/?p=57157"},"modified":"2021-01-22T12:12:45","modified_gmt":"2021-01-22T15:12:45","slug":"em-cerimonia-online-simeam-empossa-nova-diretoria","status":"publish","type":"post","link":"https:\/\/www.simepe.com.br\/novo\/em-cerimonia-online-simeam-empossa-nova-diretoria\/","title":{"rendered":"EM CERIM\u00d4NIA ONLINE, SIMEAM EMPOSSA NOVA DIRETORIA"},"content":{"rendered":"<p style=\"text-align: justify;\">A presidente da Comiss\u00e3o Eleitoral do Pleito 2020 que elegeu a nova diretoria do Simeam (Sindicato dos M\u00e9dicos do Amazonas) para o quinqu\u00eanio 2021-2025, empossou a chapa denominada &#8216;Pelos M\u00e9dicos, Pela Vida&#8217;, durante cerim\u00f4nia virtual realizada nesta ter\u00e7a-feira, 22\/12.<\/p>\n<p style=\"text-align: justify;\">Eleita por aclama\u00e7\u00e3o, a chapa formada pelo presidente, Dr. Mario Vianna, pela vice-presidente, Dra. Patr\u00edcia Sicchar, e demais diretores, foi oficialmente empossada pela presidente da comiss\u00e3o eleitoral, Dra. Maria Grasiela Correa Leite, durante a live transmita direto do centro de m\u00eddias do Simeam.<\/p>\n<p style=\"text-align: justify;\">&#8220;Nos moldes do art. 119, do Estatuto Social do Sindicato dos M\u00e9dicos, declaro eleita, por aclama\u00e7\u00e3o, a \u00fanica chapa inscrita, tendo em vista que a mesma n\u00e3o sofreu nenhuma impugna\u00e7\u00e3o, para o quinqu\u00eanio 2021-2025&#8221;, declarou a presidente da comiss\u00e3o eleitoral, destacando que o evento aconteceu de forma virtual por conta da pandemia provocada pelo novo coronav\u00edrus.<\/p>\n<p style=\"text-align: justify;\">Num discurso breve, o presidente da chapa eleita, Dr. Mario Vianna agradeceu os diretores que participaram da gest\u00e3o que chegou ao fim, estendeu o agradecimento aos m\u00e9dicos que esolheram continuar na atividade sindical e deu boas vindas aos novos diretores que formam a chapa &#8216;Pelos M\u00e9dicos, Pela&#8217;, que represetam uma renova\u00e7\u00e3o de 50% da nova gest\u00e3o.<\/p>\n<p style=\"text-align: justify;\">Sens\u00edvel ao momento pelo qual a humanidade passa, Mario Vianna se solidarizou \u00e0s familias das v\u00edtimas mortas pela Covida-19, principalmente os m\u00e9dicos e demais profissionais de sa\u00fade, que desde o in\u00edcio da pandemia atuam no combate ao v\u00edrus estando na linha de frente.<\/p>\n<p style=\"text-align: justify;\">&#8220;O sindicato dos m\u00e9dicos se solidariza, mas n\u00e3o podemos deixar de cumprir o seu mister que \u00e9 defender a categoria m\u00e9dica do Amazonas. Nesse sentido, a nova gest\u00e3o n\u00e3o medir\u00e1 esfor\u00e7os para fazer o que est\u00e1 previsto no estatuto do sindicato dos m\u00e9dicos&#8221;, discursou M\u00e1rio Vianna, pedindo a ajuda de Deus nessa nova miss\u00e3o.<\/p>\n<p style=\"text-align: justify;\"><strong>Confira a cerim\u00f4nia completa:<\/strong><\/p>\n<p style=\"text-align: justify;\">https:\/\/www.youtube.com\/watch?v=6Eewhdz6nhA&#038;feature=youtu.be<\/p>\n<p style=\"text-align: justify;\">Fonte:\u00a0Sindicato dos M\u00e9dicos do Amazonas (Simeam)<\/p>\n","protected":false},"excerpt":{"rendered":"<p>A presidente da Comiss\u00e3o Eleitoral do Pleito 2020 que elegeu a nova diretoria do Simeam (Sindicato dos M\u00e9dicos do Amazonas) para o quinqu\u00eanio 2021-2025, empossou a chapa denominada &#8216;Pelos M\u00e9dicos, Pela Vida&#8217;, durante cerim\u00f4nia virtual realizada nesta ter\u00e7a-feira, 22\/12. Eleita por aclama\u00e7\u00e3o, a chapa formada pelo presidente, Dr. Mario Vianna, pela vice-presidente, Dra. Patr\u00edcia Sicchar, [&hellip;]<\/p>\n","protected":false},"author":1,"featured_media":57158,"comment_status":"open","ping_status":"open","sticky":false,"template":"","format":"standard","meta":{"ocean_post_layout":"","ocean_both_sidebars_style":"","ocean_both_sidebars_content_width":0,"ocean_both_sidebars_sidebars_width":0,"ocean_sidebar":"","ocean_second_sidebar":"","ocean_disable_margins":"enable","ocean_add_body_class":"","ocean_shortcode_before_top_bar":"","ocean_shortcode_after_top_bar":"","ocean_shortcode_before_header":"","ocean_shortcode_after_header":"","ocean_has_shortcode":"","ocean_shortcode_after_title":"","ocean_shortcode_before_footer_widgets":"","ocean_shortcode_after_footer_widgets":"","ocean_shortcode_before_footer_bottom":"","ocean_shortcode_after_footer_bottom":"","ocean_display_top_bar":"default","ocean_display_header":"default","ocean_header_style":"","ocean_center_header_left_menu":"","ocean_custom_header_template":"","ocean_custom_logo":0,"ocean_custom_retina_logo":0,"ocean_custom_logo_max_width":0,"ocean_custom_logo_tablet_max_width":0,"ocean_custom_logo_mobile_max_width":0,"ocean_custom_logo_max_height":0,"ocean_custom_logo_tablet_max_height":0,"ocean_custom_logo_mobile_max_height":0,"ocean_header_custom_menu":"","ocean_menu_typo_font_family":"","ocean_menu_typo_font_subset":"","ocean_menu_typo_font_size":0,"ocean_menu_typo_font_size_tablet":0,"ocean_menu_typo_font_size_mobile":0,"ocean_menu_typo_font_size_unit":"px","ocean_menu_typo_font_weight":"","ocean_menu_typo_font_weight_tablet":"","ocean_menu_typo_font_weight_mobile":"","ocean_menu_typo_transform":"","ocean_menu_typo_transform_tablet":"","ocean_menu_typo_transform_mobile":"","ocean_menu_typo_line_height":0,"ocean_menu_typo_line_height_tablet":0,"ocean_menu_typo_line_height_mobile":0,"ocean_menu_typo_line_height_unit":"","ocean_menu_typo_spacing":0,"ocean_menu_typo_spacing_tablet":0,"ocean_menu_typo_spacing_mobile":0,"ocean_menu_typo_spacing_unit":"","ocean_menu_link_color":"","ocean_menu_link_color_hover":"","ocean_menu_link_color_active":"","ocean_menu_link_background":"","ocean_menu_link_hover_background":"","ocean_menu_link_active_background":"","ocean_menu_social_links_bg":"","ocean_menu_social_hover_links_bg":"","ocean_menu_social_links_color":"","ocean_menu_social_hover_links_color":"","ocean_disable_title":"default","ocean_disable_heading":"default","ocean_post_title":"","ocean_post_subheading":"","ocean_post_title_style":"","ocean_post_title_background_color":"","ocean_post_title_background":0,"ocean_post_title_bg_image_position":"","ocean_post_title_bg_image_attachment":"","ocean_post_title_bg_image_repeat":"","ocean_post_title_bg_image_size":"","ocean_post_title_height":0,"ocean_post_title_bg_overlay":0.5,"ocean_post_title_bg_overlay_color":"","ocean_disable_breadcrumbs":"default","ocean_breadcrumbs_color":"","ocean_breadcrumbs_separator_color":"","ocean_breadcrumbs_links_color":"","ocean_breadcrumbs_links_hover_color":"","ocean_display_footer_widgets":"default","ocean_display_footer_bottom":"default","ocean_custom_footer_template":"","ocean_post_oembed":"","ocean_post_self_hosted_media":"","ocean_post_video_embed":"","ocean_link_format":"","ocean_link_format_target":"self","ocean_quote_format":"","ocean_quote_format_link":"post","ocean_gallery_link_images":"on","ocean_gallery_id":[]},"categories":[1],"tags":[],"acf":[],"_links":{"self":[{"href":"https:\/\/www.simepe.com.br\/novo\/wp-json\/wp\/v2\/posts\/57157"}],"collection":[{"href":"https:\/\/www.simepe.com.br\/novo\/wp-json\/wp\/v2\/posts"}],"about":[{"href":"https:\/\/www.simepe.com.br\/novo\/wp-json\/wp\/v2\/types\/post"}],"author":[{"embeddable":true,"href":"https:\/\/www.simepe.com.br\/novo\/wp-json\/wp\/v2\/users\/1"}],"replies":[{"embeddable":true,"href":"https:\/\/www.simepe.com.br\/novo\/wp-json\/wp\/v2\/comments?post=57157"}],"version-history":[{"count":1,"href":"https:\/\/www.simepe.com.br\/novo\/wp-json\/wp\/v2\/posts\/57157\/revisions"}],"predecessor-version":[{"id":57159,"href":"https:\/\/www.simepe.com.br\/novo\/wp-json\/wp\/v2\/posts\/57157\/revisions\/57159"}],"wp:featuredmedia":[{"embeddable":true,"href":"https:\/\/www.simepe.com.br\/novo\/wp-json\/wp\/v2\/media\/57158"}],"wp:attachment":[{"href":"https:\/\/www.simepe.com.br\/novo\/wp-json\/wp\/v2\/media?parent=57157"}],"wp:term":[{"taxonomy":"category","embeddable":true,"href":"https:\/\/www.simepe.com.br\/novo\/wp-json\/wp\/v2\/categories?post=57157"},{"taxonomy":"post_tag","embeddable":true,"href":"https:\/\/www.simepe.com.br\/novo\/wp-json\/wp\/v2\/tags?post=57157"}],"curies":[{"name":"wp","href":"https:\/\/api.w.org\/{rel}","templated":true}]}}