{"id":57189,"date":"2021-01-25T10:58:16","date_gmt":"2021-01-25T13:58:16","guid":{"rendered":"https:\/\/www.simepe.com.br\/novo\/?p=57189"},"modified":"2021-01-25T10:58:16","modified_gmt":"2021-01-25T13:58:16","slug":"com-chegada-de-84-mil-doses-da-vacina-de-oxford-pernambuco-dene-distribuicao-aos-municipios-nesta-segunda-feira","status":"publish","type":"post","link":"https:\/\/www.simepe.com.br\/novo\/com-chegada-de-84-mil-doses-da-vacina-de-oxford-pernambuco-dene-distribuicao-aos-municipios-nesta-segunda-feira\/","title":{"rendered":"Com chegada de 84 mil doses da vacina de Oxford, Pernambuco dene distribui\u00e7\u00e3o aos munic\u00edpios nesta segunda-feira"},"content":{"rendered":"<p style=\"text-align: justify;\"><em>Ao todo, 84 mil doses chegaram a Pernambuco na madrugada deste domingo (24)<\/em><\/p>\n<p style=\"text-align: justify;\">As primeiras doses da vacina da farmac\u00eautica AstraZeneca e da Universidade de Oxford, desenvolvida em parceria com a Funda\u00e7\u00e3o Oswaldo Cruz (Fiocruz) e produzidas pelo Instituto Serum, na \u00cdndia, chegaram a Pernambuco na madrugada deste domingo (24). Ao todo, s\u00e3o 84 mil doses para todo o Estado. Segundo a Secretaria Estadual de Sa\u00fade (SES), a estrat\u00e9gia de distribui\u00e7\u00e3o e de uso das doses ser\u00e1 discutida na pr\u00f3xima segunda-feira (25).<\/p>\n<p style=\"text-align: justify;\">As doses destinadas ao Estado devem desembarcar no Aeroporto Internacional do Recife\/Guararapes &#8211; Gilberto Freyre \u00e0s 0h25, em voo operado pela companhia a\u00e9rea GOL, que vai partir do aeroporto do Gale\u00e3o, no Rio de Janeiro. Elas ser\u00e3o levadas para a central de armazenamento de vacinas da Secretaria Estadual de Sa\u00fade (SES-PE).<\/p>\n<p style=\"text-align: justify;\">\nSegundo a SES, o secret\u00e1rio estadual de Sa\u00fade, Andr\u00e9 Longo, j\u00e1 convocou reuni\u00f5es extraordin\u00e1rias do Comit\u00ea T\u00e9cnico Estadual para Acompanhamento da Vacina\u00e7\u00e3o contra a Covid-19 e da Comiss\u00e3o Intergestores Bipartite (CIB), na tarde da segunda-feira (25), para tratar da distribui\u00e7\u00e3o. Ap\u00f3s as deni\u00e7\u00f5es nos espa\u00e7os de pactua\u00e7\u00e3o, as doses ser\u00e3o encaminhadas para as cidades pernambucanas, para que sejam aplicadas na popula\u00e7\u00e3o.<\/p>\n<p style=\"text-align: justify;\">\n\u201cEsta nova remessa de vacinas nos d\u00e1 a possibilidade de ampliar e acelerar o processo de imuniza\u00e7\u00e3o em Pernambuco. Ainda aguardamos informe t\u00e9cnico do Minist\u00e9rio da Sa\u00fade, bem como a bula da nova vacina. Al\u00e9m disso, iremos pactuar com o Comit\u00ea T\u00e9cnico Estadual e com a representa\u00e7\u00e3o dos munic\u00edpios a estrat\u00e9gia para utiliza\u00e7\u00e3o destas novas doses\u201d, explicou Andr\u00e9 Longo.<\/p>\n<p style=\"text-align: justify;\">Em entrevista \u00e0 CNN Brasil, Longo informou que, com rela\u00e7\u00e3o \u00e0 vacina Oxford\/AstraZeneca\/Fiocruz, a expectativa \u00e9 que se tenha um intervalo maior entre as doses, que \u00e9 de 4 a 12 semanas. &#8220;Ou seja, ter\u00edamos at\u00e9 tr\u00eas meses para aplicar segunda dose, e isso permitiria usar todo o quantitativo que est\u00e1 vindo neste primeiro momento para ampliar o processo de vacina\u00e7\u00e3o, imunizando, no caso de Pernambuco, 84 mil pessoas. N\u00f3s vacinar\u00edamos e aguardar\u00edamos a produ\u00e7\u00e3o da Fiocruz, que prev\u00ea entregar at\u00e9 50 milh\u00f5es de doses at\u00e9 abril.&#8221;<\/p>\n<p style=\"text-align: justify;\">&#8220;Eu acho que \u00e9 (uma decis\u00e3o) acertada. Espero que venha, no informe t\u00e9cnico do Minist\u00e9rio da Sa\u00fade, essa arma\u00e7\u00e3o para que possamos usar todas as doses deste primeiro momento para ampliar o p\u00fablico-alvo&#8221;, frisou. Al\u00e9m disso, Andr\u00e9 Longo, que \u00e9 tamb\u00e9m vice-presidente do Conselho Nacional de Secret\u00e1rios de Sa\u00fade (Conass) para a Regi\u00e3o Nordeste, informou que cobrar\u00e1 do governo federal um efetivo cronograma para o calend\u00e1rio de imuniza\u00e7\u00e3o contra a covid-19 para os grupos priorit\u00e1rios das quatro fases previstas da campanha.<\/p>\n<p style=\"text-align: justify;\">\n<strong>Campanha de vacina\u00e7\u00e3o em Pernambuco<\/strong><br \/>\nO secret\u00e1rio estadual de Sa\u00fade ressaltou que a vacina\u00e7\u00e3o segue normalmente no Estado. \u201cOs munic\u00edpios e as unidades estaduais continuam o processo de vacina\u00e7\u00e3o normalmente, j\u00e1 que ainda possuem doses da vacina Coronavac\u201d, armou. As 270 mil doses da CoronaVac, desenvolvidas em parceria com o Instituto Butantan, chegaram ao Estado na \u00faltima segunda-feira e foram disponibilizadas em 18 horas a todos os 184 munic\u00edpios pernambucanos, al\u00e9m do Arquip\u00e9lago de Fernando de Noronha. As gest\u00f5es municipais receberam de forma equ\u00e2nime quantitativo suciente para as duas doses da vacina, que, no caso da CoronaVac, devem ser administradas em um per\u00edodo de 14 a 28 dias entre a primeira e a segunda. O Minist\u00e9rio da Sa\u00fade estabeleceu que a prioridade dessa remessa da CoronaVac deveria ser os idosos acima de 60 anos e pessoas com deci\u00eancia assistidos em institui\u00e7\u00f5es de longa perman\u00eancia, ind\u00edgenas aldeados e trabalhadores da sa\u00fade envolvidos no atendimento aos pacientes com o novo coronav\u00edrus.<\/p>\n<p style=\"text-align: justify;\">\nAt\u00e9 a \u00faltima sexta-feira (22\/01), 34.336 pessoas que fazem parte do p\u00fablico priorit\u00e1rio da primeira fase foram imunizadas contra a Covid-19 em Pernambuco. Deste total, 28.712 eram trabalhadores da sa\u00fade (sendo 5.298 prossionais que atuam nos hospitais do Governo de Pernambuco); 3.265, ind\u00edgenas; 2.278, idosos institucionalizados; e 81 pertencem ao grupo de pessoas com deci\u00eancia institucionalizadas.<\/p>\n<p style=\"text-align: justify;\">\n<strong>Doses para todo o Brasil<\/strong><br \/>\nAs vacinas, que chegaram na \u00faltima sexta-feira (22) ao Rio de Janeiro, vindas da \u00cdndia, come\u00e7aram a ser distribu\u00eddas neste s\u00e1bado (23). Ao todo, s\u00e3o 2 milh\u00f5es de doses, compradas pelo governo do Instituto Serum. De acordo com a previs\u00e3o do governo federal, todos os Estados devem receber suas respectivas doses do imunizante neste domingo (24), para darem in\u00edcio \u00e0 vacina\u00e7\u00e3o.<\/p>\n<p style=\"text-align: justify;\">Fonte: Jornal do Commercio<\/p>\n","protected":false},"excerpt":{"rendered":"<p>Ao todo, 84 mil doses chegaram a Pernambuco na madrugada deste domingo (24) As primeiras doses da vacina da farmac\u00eautica AstraZeneca e da Universidade de Oxford, desenvolvida em parceria com a Funda\u00e7\u00e3o Oswaldo Cruz (Fiocruz) e produzidas pelo Instituto Serum, na \u00cdndia, chegaram a Pernambuco na madrugada deste domingo (24). Ao todo, s\u00e3o 84 mil [&hellip;]<\/p>\n","protected":false},"author":1,"featured_media":57195,"comment_status":"open","ping_status":"open","sticky":false,"template":"","format":"standard","meta":{"ocean_post_layout":"","ocean_both_sidebars_style":"","ocean_both_sidebars_content_width":0,"ocean_both_sidebars_sidebars_width":0,"ocean_sidebar":"","ocean_second_sidebar":"","ocean_disable_margins":"enable","ocean_add_body_class":"","ocean_shortcode_before_top_bar":"","ocean_shortcode_after_top_bar":"","ocean_shortcode_before_header":"","ocean_shortcode_after_header":"","ocean_has_shortcode":"","ocean_shortcode_after_title":"","ocean_shortcode_before_footer_widgets":"","ocean_shortcode_after_footer_widgets":"","ocean_shortcode_before_footer_bottom":"","ocean_shortcode_after_footer_bottom":"","ocean_display_top_bar":"default","ocean_display_header":"default","ocean_header_style":"","ocean_center_header_left_menu":"","ocean_custom_header_template":"","ocean_custom_logo":0,"ocean_custom_retina_logo":0,"ocean_custom_logo_max_width":0,"ocean_custom_logo_tablet_max_width":0,"ocean_custom_logo_mobile_max_width":0,"ocean_custom_logo_max_height":0,"ocean_custom_logo_tablet_max_height":0,"ocean_custom_logo_mobile_max_height":0,"ocean_header_custom_menu":"","ocean_menu_typo_font_family":"","ocean_menu_typo_font_subset":"","ocean_menu_typo_font_size":0,"ocean_menu_typo_font_size_tablet":0,"ocean_menu_typo_font_size_mobile":0,"ocean_menu_typo_font_size_unit":"px","ocean_menu_typo_font_weight":"","ocean_menu_typo_font_weight_tablet":"","ocean_menu_typo_font_weight_mobile":"","ocean_menu_typo_transform":"","ocean_menu_typo_transform_tablet":"","ocean_menu_typo_transform_mobile":"","ocean_menu_typo_line_height":0,"ocean_menu_typo_line_height_tablet":0,"ocean_menu_typo_line_height_mobile":0,"ocean_menu_typo_line_height_unit":"","ocean_menu_typo_spacing":0,"ocean_menu_typo_spacing_tablet":0,"ocean_menu_typo_spacing_mobile":0,"ocean_menu_typo_spacing_unit":"","ocean_menu_link_color":"","ocean_menu_link_color_hover":"","ocean_menu_link_color_active":"","ocean_menu_link_background":"","ocean_menu_link_hover_background":"","ocean_menu_link_active_background":"","ocean_menu_social_links_bg":"","ocean_menu_social_hover_links_bg":"","ocean_menu_social_links_color":"","ocean_menu_social_hover_links_color":"","ocean_disable_title":"default","ocean_disable_heading":"default","ocean_post_title":"","ocean_post_subheading":"","ocean_post_title_style":"","ocean_post_title_background_color":"","ocean_post_title_background":0,"ocean_post_title_bg_image_position":"","ocean_post_title_bg_image_attachment":"","ocean_post_title_bg_image_repeat":"","ocean_post_title_bg_image_size":"","ocean_post_title_height":0,"ocean_post_title_bg_overlay":0.5,"ocean_post_title_bg_overlay_color":"","ocean_disable_breadcrumbs":"default","ocean_breadcrumbs_color":"","ocean_breadcrumbs_separator_color":"","ocean_breadcrumbs_links_color":"","ocean_breadcrumbs_links_hover_color":"","ocean_display_footer_widgets":"default","ocean_display_footer_bottom":"default","ocean_custom_footer_template":"","ocean_post_oembed":"","ocean_post_self_hosted_media":"","ocean_post_video_embed":"","ocean_link_format":"","ocean_link_format_target":"self","ocean_quote_format":"","ocean_quote_format_link":"post","ocean_gallery_link_images":"on","ocean_gallery_id":[]},"categories":[9],"tags":[3875,411,467],"acf":[],"_links":{"self":[{"href":"https:\/\/www.simepe.com.br\/novo\/wp-json\/wp\/v2\/posts\/57189"}],"collection":[{"href":"https:\/\/www.simepe.com.br\/novo\/wp-json\/wp\/v2\/posts"}],"about":[{"href":"https:\/\/www.simepe.com.br\/novo\/wp-json\/wp\/v2\/types\/post"}],"author":[{"embeddable":true,"href":"https:\/\/www.simepe.com.br\/novo\/wp-json\/wp\/v2\/users\/1"}],"replies":[{"embeddable":true,"href":"https:\/\/www.simepe.com.br\/novo\/wp-json\/wp\/v2\/comments?post=57189"}],"version-history":[{"count":1,"href":"https:\/\/www.simepe.com.br\/novo\/wp-json\/wp\/v2\/posts\/57189\/revisions"}],"predecessor-version":[{"id":57196,"href":"https:\/\/www.simepe.com.br\/novo\/wp-json\/wp\/v2\/posts\/57189\/revisions\/57196"}],"wp:featuredmedia":[{"embeddable":true,"href":"https:\/\/www.simepe.com.br\/novo\/wp-json\/wp\/v2\/media\/57195"}],"wp:attachment":[{"href":"https:\/\/www.simepe.com.br\/novo\/wp-json\/wp\/v2\/media?parent=57189"}],"wp:term":[{"taxonomy":"category","embeddable":true,"href":"https:\/\/www.simepe.com.br\/novo\/wp-json\/wp\/v2\/categories?post=57189"},{"taxonomy":"post_tag","embeddable":true,"href":"https:\/\/www.simepe.com.br\/novo\/wp-json\/wp\/v2\/tags?post=57189"}],"curies":[{"name":"wp","href":"https:\/\/api.w.org\/{rel}","templated":true}]}}