{"id":57191,"date":"2021-01-25T10:57:15","date_gmt":"2021-01-25T13:57:15","guid":{"rendered":"https:\/\/www.simepe.com.br\/novo\/?p=57191"},"modified":"2021-01-25T10:57:15","modified_gmt":"2021-01-25T13:57:15","slug":"em-colapso-rondonia-anuncia-transferencia-de-doentes-com-covid-19-e-pede-medicos","status":"publish","type":"post","link":"https:\/\/www.simepe.com.br\/novo\/em-colapso-rondonia-anuncia-transferencia-de-doentes-com-covid-19-e-pede-medicos\/","title":{"rendered":"Em colapso, Rond\u00f4nia anuncia transfer\u00eancia de doentes com Covid-19 e pede m\u00e9dicos"},"content":{"rendered":"<p>O governador de Rond\u00f4nia, Marcos Rocha (PSL), anunciou em pronunciamento s\u00e1bado (23) \u00e0 noite que chegou a um acordo com o governo federal para transferir pacientes que est\u00e3o em fila de espera para tratamento da Covid-19. Sem vagas para mais atendimentos, ele fez ainda um apelo para que m\u00e9dicos v\u00e3o at\u00e9 o estado ajudar as equipes de sa\u00fade.<\/p>\n<p>&#8220;Temos equipes, mas tem uma profiss\u00e3o que faz grande falta: os m\u00e9dicos, aqueles que v\u00e3o comandar essas equipes. Eu fa\u00e7o um apelo ao senhor doutor, a senhora doutor que, por favor, venha nos ajudar, ajudar os rondonienses porque n\u00f3s temos os leitos, mas est\u00e1 faltando o senhor e a senhora para ajudar os demais integrantes da equipe de sa\u00fade&#8221;, afirmou.<\/p>\n<p>Segundo Rocha, um contato feito ontem com o ministro da Sa\u00fade, Eduardo Pazuello, garantiu que o governo federal deve transferir pacientes e ajudar a desafogar a rede de sa\u00fade sem vagas para novos pacientes. No s\u00e1bado, 543 pessoas estavam internadas tratando a doen\u00e7a em hospitais de Rond\u00f4nia.<\/p>\n<p>&#8220;N\u00f3s passamos o dia em contato com o governo federal, com o general Pazuello, e ele de pronto disse que iria atender o nosso pedido e de fazer a transfer\u00eancia dos pacientes que est\u00e3o na fila de espera e quantos mais forem necess\u00e1rios para outros hospitais federais do nosso pa\u00eds&#8221;, disse.<\/p>\n<p>O estado enfrenta um aumento sem precedentes no n\u00famero de casos confirmados, que mais que quintuplicou em apenas tr\u00eas semanas: em 1\u00ba de janeiro foram confirmados 270 casos, e na sexta foram 1.422. Ontem o estado confirmou mais 933 casos e 12 mortes.<\/p>\n<p>Diante do cen\u00e1rio, o governador fez um apelo para que a popula\u00e7\u00e3o n\u00e3o fa\u00e7a festas e aglomera\u00e7\u00f5es. &#8220;Eu tive essa doen\u00e7a, sei como ela \u00e9 ruim. Eu perdi amigos, perdi ontem, inclusive, um grande amigo. N\u00e3o podemos permitir que essa doen\u00e7a se amplie. Ent\u00e3o, rondonienses, vamos manter a uni\u00e3o de nao disseminarmos esse v\u00edrus maldito que tem dilacerado fam\u00edlias. Esse v\u00edrus n\u00e3o escolhe rico ou pobre; homem ou mulher; preto ou branco&#8221;, diz.<\/p>\n<p>Ontem, o prefeito de Porto Velho, Hildon Chaves (PSDB), disse que o sistema de sa\u00fade da capital e do estado de Rond\u00f4nia est\u00e3o em colapso. A suspeita \u00e9 que a nova variante com origem no estado vizinho, o Amazonas, seja respons\u00e1vel pela explos\u00e3o de casos.<\/p>\n<p>&#8220;A situa\u00e7\u00e3o hoje \u00e9 muito mais grave daquela que tivemos no auge da pandemia em junho e julho. Hoje o sistema de sa\u00fade de Porto Velho est\u00e1 em colapso, todos os leitos da prefeitura e do governo est\u00e3o ocupados. Provavelmente viveremos uma situa\u00e7\u00e3o parecida com a que vimos no Amazonas&#8221;, diz.<\/p>\n<p>Segundo o prefeito, assim como relataram m\u00e9dicos ao UOL, os casos atuais que chegam de covid-19 est\u00e3o com maior gravidade e com avan\u00e7o muito mais r\u00e1pido que visto na primeira onda.<\/p>\n<p>&#8220;N\u00f3s n\u00e3o temos a confirma\u00e7\u00e3o cient\u00edfica ainda [que a nova cepa de origem do Amazonas] est\u00e1 circulando aqui, mas a probabilidade e os sintomas hoje s\u00e3o muito parecidos: h\u00e1 um agravamento muito r\u00e1pido; o que antes levava uma semana a 10 hoje est\u00e1 em coisa de 3, 4 dias. Isso leva a um estresse muito r\u00e1pido a rede&#8221;, afirma.<\/p>\n<p>Fonte: Folha de Pernambuco<\/p>\n<p>&nbsp;<\/p>\n<p>&nbsp;<\/p>\n","protected":false},"excerpt":{"rendered":"<p>O governador de Rond\u00f4nia, Marcos Rocha (PSL), anunciou em pronunciamento s\u00e1bado (23) \u00e0 noite que chegou a um acordo com o governo federal para transferir pacientes que est\u00e3o em fila de espera para tratamento da Covid-19. Sem vagas para mais atendimentos, ele fez ainda um apelo para que m\u00e9dicos v\u00e3o at\u00e9 o estado ajudar as [&hellip;]<\/p>\n","protected":false},"author":1,"featured_media":0,"comment_status":"open","ping_status":"open","sticky":false,"template":"","format":"standard","meta":{"ocean_post_layout":"","ocean_both_sidebars_style":"","ocean_both_sidebars_content_width":0,"ocean_both_sidebars_sidebars_width":0,"ocean_sidebar":"","ocean_second_sidebar":"","ocean_disable_margins":"enable","ocean_add_body_class":"","ocean_shortcode_before_top_bar":"","ocean_shortcode_after_top_bar":"","ocean_shortcode_before_header":"","ocean_shortcode_after_header":"","ocean_has_shortcode":"","ocean_shortcode_after_title":"","ocean_shortcode_before_footer_widgets":"","ocean_shortcode_after_footer_widgets":"","ocean_shortcode_before_footer_bottom":"","ocean_shortcode_after_footer_bottom":"","ocean_display_top_bar":"default","ocean_display_header":"default","ocean_header_style":"","ocean_center_header_left_menu":"","ocean_custom_header_template":"","ocean_custom_logo":0,"ocean_custom_retina_logo":0,"ocean_custom_logo_max_width":0,"ocean_custom_logo_tablet_max_width":0,"ocean_custom_logo_mobile_max_width":0,"ocean_custom_logo_max_height":0,"ocean_custom_logo_tablet_max_height":0,"ocean_custom_logo_mobile_max_height":0,"ocean_header_custom_menu":"","ocean_menu_typo_font_family":"","ocean_menu_typo_font_subset":"","ocean_menu_typo_font_size":0,"ocean_menu_typo_font_size_tablet":0,"ocean_menu_typo_font_size_mobile":0,"ocean_menu_typo_font_size_unit":"px","ocean_menu_typo_font_weight":"","ocean_menu_typo_font_weight_tablet":"","ocean_menu_typo_font_weight_mobile":"","ocean_menu_typo_transform":"","ocean_menu_typo_transform_tablet":"","ocean_menu_typo_transform_mobile":"","ocean_menu_typo_line_height":0,"ocean_menu_typo_line_height_tablet":0,"ocean_menu_typo_line_height_mobile":0,"ocean_menu_typo_line_height_unit":"","ocean_menu_typo_spacing":0,"ocean_menu_typo_spacing_tablet":0,"ocean_menu_typo_spacing_mobile":0,"ocean_menu_typo_spacing_unit":"","ocean_menu_link_color":"","ocean_menu_link_color_hover":"","ocean_menu_link_color_active":"","ocean_menu_link_background":"","ocean_menu_link_hover_background":"","ocean_menu_link_active_background":"","ocean_menu_social_links_bg":"","ocean_menu_social_hover_links_bg":"","ocean_menu_social_links_color":"","ocean_menu_social_hover_links_color":"","ocean_disable_title":"default","ocean_disable_heading":"default","ocean_post_title":"","ocean_post_subheading":"","ocean_post_title_style":"","ocean_post_title_background_color":"","ocean_post_title_background":0,"ocean_post_title_bg_image_position":"","ocean_post_title_bg_image_attachment":"","ocean_post_title_bg_image_repeat":"","ocean_post_title_bg_image_size":"","ocean_post_title_height":0,"ocean_post_title_bg_overlay":0.5,"ocean_post_title_bg_overlay_color":"","ocean_disable_breadcrumbs":"default","ocean_breadcrumbs_color":"","ocean_breadcrumbs_separator_color":"","ocean_breadcrumbs_links_color":"","ocean_breadcrumbs_links_hover_color":"","ocean_display_footer_widgets":"default","ocean_display_footer_bottom":"default","ocean_custom_footer_template":"","ocean_post_oembed":"","ocean_post_self_hosted_media":"","ocean_post_video_embed":"","ocean_link_format":"","ocean_link_format_target":"self","ocean_quote_format":"","ocean_quote_format_link":"post","ocean_gallery_link_images":"on","ocean_gallery_id":[]},"categories":[9],"tags":[1420,1490,82],"acf":[],"_links":{"self":[{"href":"https:\/\/www.simepe.com.br\/novo\/wp-json\/wp\/v2\/posts\/57191"}],"collection":[{"href":"https:\/\/www.simepe.com.br\/novo\/wp-json\/wp\/v2\/posts"}],"about":[{"href":"https:\/\/www.simepe.com.br\/novo\/wp-json\/wp\/v2\/types\/post"}],"author":[{"embeddable":true,"href":"https:\/\/www.simepe.com.br\/novo\/wp-json\/wp\/v2\/users\/1"}],"replies":[{"embeddable":true,"href":"https:\/\/www.simepe.com.br\/novo\/wp-json\/wp\/v2\/comments?post=57191"}],"version-history":[{"count":1,"href":"https:\/\/www.simepe.com.br\/novo\/wp-json\/wp\/v2\/posts\/57191\/revisions"}],"predecessor-version":[{"id":57192,"href":"https:\/\/www.simepe.com.br\/novo\/wp-json\/wp\/v2\/posts\/57191\/revisions\/57192"}],"wp:attachment":[{"href":"https:\/\/www.simepe.com.br\/novo\/wp-json\/wp\/v2\/media?parent=57191"}],"wp:term":[{"taxonomy":"category","embeddable":true,"href":"https:\/\/www.simepe.com.br\/novo\/wp-json\/wp\/v2\/categories?post=57191"},{"taxonomy":"post_tag","embeddable":true,"href":"https:\/\/www.simepe.com.br\/novo\/wp-json\/wp\/v2\/tags?post=57191"}],"curies":[{"name":"wp","href":"https:\/\/api.w.org\/{rel}","templated":true}]}}