{"id":57194,"date":"2021-01-25T10:59:24","date_gmt":"2021-01-25T13:59:24","guid":{"rendered":"https:\/\/www.simepe.com.br\/novo\/?p=57194"},"modified":"2021-01-25T10:59:24","modified_gmt":"2021-01-25T13:59:24","slug":"pernambuco-registra-537-novos-casos-da-covid-e-16-mortes","status":"publish","type":"post","link":"https:\/\/www.simepe.com.br\/novo\/pernambuco-registra-537-novos-casos-da-covid-e-16-mortes\/","title":{"rendered":"Pernambuco registra 537 novos casos da Covid e 16 mortes"},"content":{"rendered":"<p>A Secretaria Estadual de Sa\u00fade (SES-PE) registrou, neste domingo (24\/01), 537 casos da Covid-19. Entre os confirmados hoje, 56 (10%) s\u00e3o casos de S\u00edndrome Respirat\u00f3ria Aguda Grave (SRAG) e 481 (90%) s\u00e3o leves. Agora, Pernambuco totaliza 250.702 casos confirmados da doen\u00e7a, sendo 30.686 graves e 220.016 leves, que est\u00e3o distribu\u00eddos por todos os 184 munic\u00edpios pernambucanos, al\u00e9m do arquip\u00e9lago de Fernando de Noronha.<\/p>\n<p>Al\u00e9m disso, o boletim registra um total de 213.559 pacientes recuperados da doen\u00e7a. Destes, 18.930 eram pacientes graves, que necessitaram de internamento hospitalar, e 194.629 eram casos leves. Tamb\u00e9m foram confirmados laboratorialmente 16 novos \u00f3bitos (12 masculinos e 4 femininos), registrados entre os dias 11\/01 e 23\/01. As novas mortes s\u00e3o de pessoas residentes dos munic\u00edpios do Cabo de Santo Agostinho (2), Cust\u00f3dia (1), Garanhuns (2), Ibimirim (1), Jaboat\u00e3o dos Guararapes (2), Petrol\u00e2ndia (1), Recife (5), Santa Cruz da Baixa Verde (1) e Tacaratu (1). Com isso, o Estado totaliza 10.193 mortes pela doen\u00e7a.<\/p>\n<p>Os pacientes tinham idades entre 37 e 84 anos. As faixas et\u00e1rias s\u00e3o: 30 a 39 (1), 50 a 59 (2), 60 a 69 (3), 70 a 79 (5) e 80 ou mais (5). Do total, 13 tinham doen\u00e7as pr\u00e9-existentes: doen\u00e7a cardiovascular (8), diabetes (4), hipertens\u00e3o (2), obesidade (2), tabagismo (2), Alzheimer (1), AVC (1), doen\u00e7a renal<br \/>\n(1), doen\u00e7a respirat\u00f3ria (1) &#8211; um paciente pode ter mais de uma comorbidade. Um paciente n\u00e3o tinha comorbidades e os demais est\u00e3o em investiga\u00e7\u00e3o.<br \/>\nCom rela\u00e7\u00e3o \u00e0 testagem dos profissionais de sa\u00fade com sintomas de gripe, em Pernambuco, at\u00e9 agora, 25.149 casos foram confirmados e 44.961 descartados. As testagens entre os trabalhadores do setor abrangem os profissionais de todas as unidades de sa\u00fade, sejam da rede p\u00fablica (estadual e<br \/>\nmunicipal) ou privada. O Governo de Pernambuco foi o primeiro do pa\u00eds a criar um protocolo para testar e afastar os profissionais da \u00e1rea da sa\u00fade com sintomas gripais.<\/p>\n<p>AMAZONAS &#8211; Est\u00e3o est\u00e1veis os cinco pacientes provenientes do Amazonas internados na UTI do Hospital de Refer\u00eancia \u00e0 Covid-19 \u2013 unidade Boa Viagem (antigo Alfa). S\u00e3o tr\u00eas homens e duas mulheres com idades entre 38 e 50 anos. Al\u00e9m de realizarem coleta de material para an\u00e1lise em<br \/>\nlaborat\u00f3rio (biologia molecular\/RT-PCR), todos passaram pelos exames necess\u00e1rios, como tomografia, ecocardiograma e ultrassom, e est\u00e3o sendo acompanhados pela equipe multiprofissional da unidade.<\/p>\n<p>Devido \u00e0 dist\u00e2ncia de suas fam\u00edlias, a equipe do servi\u00e7o est\u00e1 realizando contato por chamada de v\u00eddeo ou \u00e1udio com os familiares dos pacientes para passar a evolu\u00e7\u00e3o do quadro e diminuir o impacto emocional do isolamento. Quatro pacientes j\u00e1 tiveram contato com os familiares e um preferiu n\u00e3o realizar a intera\u00e7\u00e3o.<\/p>\n<p>Os pacientes e as equipes de sa\u00fade que os atenderam est\u00e3o sendo monitorados pelas Vigil\u00e2ncias em Sa\u00fade das secretarias do Estado e do Recife. O material biol\u00f3gico dos pacientes ainda passar\u00e3o por sequenciamento gen\u00e9tico no Instituto Aggeu Magalh\u00e3es\/Fiocruz-PE.<\/p>\n<p>Opera\u00e7\u00e3o &#8211; Al\u00e9m desses cinco pacientes no Hospital de Refer\u00eancia, outros cinco foram encaminhados ao Hospital das Cl\u00ednicas (HC), que possui gest\u00e3o federal. Todos chegaram ao Recife em avi\u00e3o da For\u00e7a A\u00e9rea Brasileira (FAB), que aterrissou na Base A\u00e9rea do Recife, no bairro do Jord\u00e3o, por volta das 22h do \u00faltimo s\u00e1bado (23\/01). No local, equipes do Servi\u00e7o de Atendimento M\u00e9dico de Urg\u00eancia (Samu192) e do HC fizeram a triagem dos pacientes para posterior remo\u00e7\u00e3o. Ao todo, 20 ambul\u00e2ncias foram deslocadas para ajudar na opera\u00e7\u00e3o, sendo 4 do Samu (2 b\u00e1sicas e 2 avan\u00e7adas, equipadas como uma<br \/>\nUTI), 1 avan\u00e7ada do HC e 15 da Secretaria Estadual de Sa\u00fade (SES-PE), sendo 8 b\u00e1sicas e 7 equipadas como UTI.<\/p>\n<p>O secret\u00e1rio estadual de Sa\u00fade, Andr\u00e9 Longo, refor\u00e7ou a import\u00e2ncia da parceria entre os Estados para o enfrentamento \u00e0 Covid-19 no Brasil. \u201cEsta \u00e9 uma ajuda humanit\u00e1ria. Os servi\u00e7os do SUS devem atender a todos os brasileiros, independente de serem ou n\u00e3o moradores daquela cidade ou Estado, o que ratifica o preceito da universalidade do nosso sistema de sa\u00fade p\u00fablica. Com a crise vivenciada pelo Estado do Amazonas, o governador Paulo C\u00e2mara, de imediato, se colocou \u00e0 disposi\u00e7\u00e3o para ajudar e, em parceria com a Prefeitura do Recife, encaminhamos 200 concentradores de oxig\u00eanio para a rede hospitalar amazonense no \u00faltimo dia 15. Agora, apoiamos toda a log\u00edstica para chegada destes 10 pacientes para as unidades pernambucanas e ainda disponibilizamos leitos na rede pr\u00f3pria.<\/p>\n<p>Acreditamos que \u00e9 indispens\u00e1vel a solidariedade entre todos os entes da federa\u00e7\u00e3o para que possamos salvar mais vidas e trazer esperan\u00e7a para todos neste momento de pandemia\u201d, frisou Longo. J\u00e1 o coordenador geral do Samu Metropolitano do Recife, Leonardo Gomes, ressaltou a log\u00edstica montada para receber os pacientes amazonenses. \u201cEssa \u00e9 a primeira opera\u00e7\u00e3o, desse tamanho e desse porte, que o Samu do Recife realiza. A gente conseguiu colocar em pr\u00e1tica toda a estrutura e o planejamento que fizemos para que esses 10 pacientes que vieram de Manaus pudessem ser transportados da melhor forma poss\u00edvel at\u00e9 o Hospital das Cl\u00ednicas e o Hospital Alfa. O Samu, que trabalha h\u00e1 11 meses na pandemia, deu mais uma amostra do que ele consegue fazer no atendimento a m\u00faltiplas v\u00edtimas, mesmo que estas estejam infectadas pelo coronav\u00edrus\u201d, pontuou.<\/p>\n<p>A opera\u00e7\u00e3o foi uma for\u00e7a-tarefa que envolveu a SES-PE, Secretaria de Sa\u00fade do Recife (Sesau\/PCR), Samu-192, Hospital das Cl\u00ednicas, CTTU, Centro Integrado de Opera\u00e7\u00f5es de Defesa Social (CIODS), Centro Integrado de Comando e Controle Regional de Pernambuco (CICCR), BPTran, Ag\u00eancia Nacional de Vigil\u00e2ncia Sanit\u00e1ria (Anvisa), Minist\u00e9rio da Sa\u00fade, FAB e White Martins, que est\u00e1 fornecendo oxig\u00eanio para a a\u00e7\u00e3o.<\/p>\n<p>Fonte: Folha de Pernambuco<\/p>\n","protected":false},"excerpt":{"rendered":"<p>A Secretaria Estadual de Sa\u00fade (SES-PE) registrou, neste domingo (24\/01), 537 casos da Covid-19. Entre os confirmados hoje, 56 (10%) s\u00e3o casos de S\u00edndrome Respirat\u00f3ria Aguda Grave (SRAG) e 481 (90%) s\u00e3o leves. Agora, Pernambuco totaliza 250.702 casos confirmados da doen\u00e7a, sendo 30.686 graves e 220.016 leves, que est\u00e3o distribu\u00eddos por todos os 184 munic\u00edpios [&hellip;]<\/p>\n","protected":false},"author":1,"featured_media":0,"comment_status":"open","ping_status":"open","sticky":false,"template":"","format":"standard","meta":{"ocean_post_layout":"","ocean_both_sidebars_style":"","ocean_both_sidebars_content_width":0,"ocean_both_sidebars_sidebars_width":0,"ocean_sidebar":"","ocean_second_sidebar":"","ocean_disable_margins":"enable","ocean_add_body_class":"","ocean_shortcode_before_top_bar":"","ocean_shortcode_after_top_bar":"","ocean_shortcode_before_header":"","ocean_shortcode_after_header":"","ocean_has_shortcode":"","ocean_shortcode_after_title":"","ocean_shortcode_before_footer_widgets":"","ocean_shortcode_after_footer_widgets":"","ocean_shortcode_before_footer_bottom":"","ocean_shortcode_after_footer_bottom":"","ocean_display_top_bar":"default","ocean_display_header":"default","ocean_header_style":"","ocean_center_header_left_menu":"","ocean_custom_header_template":"","ocean_custom_logo":0,"ocean_custom_retina_logo":0,"ocean_custom_logo_max_width":0,"ocean_custom_logo_tablet_max_width":0,"ocean_custom_logo_mobile_max_width":0,"ocean_custom_logo_max_height":0,"ocean_custom_logo_tablet_max_height":0,"ocean_custom_logo_mobile_max_height":0,"ocean_header_custom_menu":"","ocean_menu_typo_font_family":"","ocean_menu_typo_font_subset":"","ocean_menu_typo_font_size":0,"ocean_menu_typo_font_size_tablet":0,"ocean_menu_typo_font_size_mobile":0,"ocean_menu_typo_font_size_unit":"px","ocean_menu_typo_font_weight":"","ocean_menu_typo_font_weight_tablet":"","ocean_menu_typo_font_weight_mobile":"","ocean_menu_typo_transform":"","ocean_menu_typo_transform_tablet":"","ocean_menu_typo_transform_mobile":"","ocean_menu_typo_line_height":0,"ocean_menu_typo_line_height_tablet":0,"ocean_menu_typo_line_height_mobile":0,"ocean_menu_typo_line_height_unit":"","ocean_menu_typo_spacing":0,"ocean_menu_typo_spacing_tablet":0,"ocean_menu_typo_spacing_mobile":0,"ocean_menu_typo_spacing_unit":"","ocean_menu_link_color":"","ocean_menu_link_color_hover":"","ocean_menu_link_color_active":"","ocean_menu_link_background":"","ocean_menu_link_hover_background":"","ocean_menu_link_active_background":"","ocean_menu_social_links_bg":"","ocean_menu_social_hover_links_bg":"","ocean_menu_social_links_color":"","ocean_menu_social_hover_links_color":"","ocean_disable_title":"default","ocean_disable_heading":"default","ocean_post_title":"","ocean_post_subheading":"","ocean_post_title_style":"","ocean_post_title_background_color":"","ocean_post_title_background":0,"ocean_post_title_bg_image_position":"","ocean_post_title_bg_image_attachment":"","ocean_post_title_bg_image_repeat":"","ocean_post_title_bg_image_size":"","ocean_post_title_height":0,"ocean_post_title_bg_overlay":0.5,"ocean_post_title_bg_overlay_color":"","ocean_disable_breadcrumbs":"default","ocean_breadcrumbs_color":"","ocean_breadcrumbs_separator_color":"","ocean_breadcrumbs_links_color":"","ocean_breadcrumbs_links_hover_color":"","ocean_display_footer_widgets":"default","ocean_display_footer_bottom":"default","ocean_custom_footer_template":"","ocean_post_oembed":"","ocean_post_self_hosted_media":"","ocean_post_video_embed":"","ocean_link_format":"","ocean_link_format_target":"self","ocean_quote_format":"","ocean_quote_format_link":"post","ocean_gallery_link_images":"on","ocean_gallery_id":[]},"categories":[9],"tags":[1420,1490,82],"acf":[],"_links":{"self":[{"href":"https:\/\/www.simepe.com.br\/novo\/wp-json\/wp\/v2\/posts\/57194"}],"collection":[{"href":"https:\/\/www.simepe.com.br\/novo\/wp-json\/wp\/v2\/posts"}],"about":[{"href":"https:\/\/www.simepe.com.br\/novo\/wp-json\/wp\/v2\/types\/post"}],"author":[{"embeddable":true,"href":"https:\/\/www.simepe.com.br\/novo\/wp-json\/wp\/v2\/users\/1"}],"replies":[{"embeddable":true,"href":"https:\/\/www.simepe.com.br\/novo\/wp-json\/wp\/v2\/comments?post=57194"}],"version-history":[{"count":1,"href":"https:\/\/www.simepe.com.br\/novo\/wp-json\/wp\/v2\/posts\/57194\/revisions"}],"predecessor-version":[{"id":57198,"href":"https:\/\/www.simepe.com.br\/novo\/wp-json\/wp\/v2\/posts\/57194\/revisions\/57198"}],"wp:attachment":[{"href":"https:\/\/www.simepe.com.br\/novo\/wp-json\/wp\/v2\/media?parent=57194"}],"wp:term":[{"taxonomy":"category","embeddable":true,"href":"https:\/\/www.simepe.com.br\/novo\/wp-json\/wp\/v2\/categories?post=57194"},{"taxonomy":"post_tag","embeddable":true,"href":"https:\/\/www.simepe.com.br\/novo\/wp-json\/wp\/v2\/tags?post=57194"}],"curies":[{"name":"wp","href":"https:\/\/api.w.org\/{rel}","templated":true}]}}