{"id":57197,"date":"2021-01-25T11:02:55","date_gmt":"2021-01-25T14:02:55","guid":{"rendered":"https:\/\/www.simepe.com.br\/novo\/?p=57197"},"modified":"2021-01-25T11:02:55","modified_gmt":"2021-01-25T14:02:55","slug":"mpf-e-mppe-recomendam-que-recife-e-estado-sigam-ordem-de-prioridade-na-vacinacao-contra-covid-19","status":"publish","type":"post","link":"https:\/\/www.simepe.com.br\/novo\/mpf-e-mppe-recomendam-que-recife-e-estado-sigam-ordem-de-prioridade-na-vacinacao-contra-covid-19\/","title":{"rendered":"MPF e MPPE recomendam que Recife e Estado sigam ordem de prioridade na vacina\u00e7\u00e3o contra covid-19"},"content":{"rendered":"<p style=\"text-align: justify;\">O desrespeito \u00e0 la priorit\u00e1ria pode levar \u00e0 responsabiliza\u00e7\u00e3o por improbidade administrativa e infra\u00e7\u00e3o criminal<\/p>\n<p style=\"text-align: justify;\">Diante de casos que geraram pol\u00eamica, como a vacina\u00e7\u00e3o de um fot\u00f3grafo e de uma arquiteta, o Minist\u00e9rio P\u00fablico Federal (MPF) e o Minist\u00e9rio P\u00fablico de Pernambuco (MPPE) expediram recomenda\u00e7\u00f5es conjuntas para que as secretaria de Sa\u00fade do Recife e do Estado cumpram estritamente a ordem de prioridade denida para a primeira etapa da vacina\u00e7\u00e3o contra a covid-19.<\/p>\n<p style=\"text-align: justify;\">Em caso de desrespeito dessa la priorit\u00e1ria, os respons\u00e1veis poder\u00e3o ser responsabilizados por pr\u00e1tica de ato de improbidade administrativa e infra\u00e7\u00e3o criminal. O documento \u00e9 assinado pelas procuradoras da Rep\u00fablica Mona Lisa Duarte Aziz e Carolina de Gusm\u00e3o Furtado, bem como pela promotora de Justi\u00e7a Helena Capela.<\/p>\n<p style=\"text-align: justify;\">A primeira etapa da vacina\u00e7\u00e3o deve ser de grupos priorit\u00e1rios: pessoas com 60 anos ou mais vivendo em institui\u00e7\u00f5es como abrigos ou casas de repouso, bem como os funcion\u00e1rios desses locais, pessoas com deci\u00eancia tamb\u00e9m vivendo em institui\u00e7\u00f5es e respectivos trabalhadores, ind\u00edgenas vivendo nas terras da respectiva comunidade e trabalhadores da sa\u00fade em atividade nos locais de atendimento de pacientes com covid-19, com prioridade para aqueles na linha de frente do enfrentamento da doen\u00e7a. A deni\u00e7\u00e3o desse p\u00fablico-alvo foi feita em raz\u00e3o de sua maior exposi\u00e7\u00e3o ao v\u00edrus, vulnerabilidades e morbimortalidades.<\/p>\n<p style=\"text-align: justify;\">\nSegundo o MPPE e o MPF, tal conduta de desrespeito \u00e0 la evidencia \u201cmenosprezo \u00e0 dor dos enfermos, \u00e0s vidas ceifadas, ao esfor\u00e7o coletivo para a conten\u00e7\u00e3o da pandemia e \u00e0 grave situa\u00e7\u00e3o de sa\u00fade p\u00fablica enfrentada pela humanidade\u201d.<\/p>\n<p style=\"text-align: justify;\">\n<strong>C\u00f3digo Penal<\/strong><br \/>\nConforme consta nas recomenda\u00e7\u00f5es, o C\u00f3digo Penal dene como infra\u00e7\u00e3o de medida sanit\u00e1ria preventiva o desrespeito a \u201cdetermina\u00e7\u00e3o do poder p\u00fablico, destinada a impedir introdu\u00e7\u00e3o ou propaga\u00e7\u00e3o de doen\u00e7a contagiosa\u201d.<\/p>\n<p style=\"text-align: justify;\">\nA pena prevista \u00e9 deten\u00e7\u00e3o por at\u00e9 um ano e pagamento de multa. O Minist\u00e9rio P\u00fablico argumenta ainda que ofensa \u00e0 impessoalidade e \u00e0 eci\u00eancia pode caracterizar ato de improbidade administrativa.<\/p>\n<p style=\"text-align: justify;\">\nAs procuradoras da Rep\u00fablica refor\u00e7aram a necessidade de transpar\u00eancia ao processo de vacina\u00e7\u00e3o, para que os \u00f3rg\u00e3os de controle possam avaliar n\u00e3o s\u00f3 a regularidade dos atos praticados como tamb\u00e9m a efetividade das a\u00e7\u00f5es adotadas.<\/p>\n<p style=\"text-align: justify;\">Tamb\u00e9m foi requisitado \u00e0s secretarias de Sa\u00fade dados sobre o quantitativo de vacinas j\u00e1 recebido pelo munic\u00edpio do Recife e pelo Estado e de pessoal j\u00e1 vacinado, bem como dos indiv\u00edduos que receberam a primeira dose da vacina. O Minist\u00e9rio P\u00fablico estabeleceu o prazo de 48 horas para que a Secretaria de Sa\u00fade do Recife informe sobre o acatamento ou n\u00e3o da recomenda\u00e7\u00e3o, bem como sobre as provid\u00eancias a serem adotadas. Foi dado o prazo de cinco dias para apresenta\u00e7\u00e3o de documenta\u00e7\u00e3o referente \u00e0s informa\u00e7\u00f5es requisitadas. Segundo o MP, o n\u00e3o atendimento da recomenda\u00e7\u00e3o pode levar \u00e0 ado\u00e7\u00e3o das medidas administrativas e judiciais cab\u00edveis.<\/p>\n<p style=\"text-align: justify;\">Fonte: Jornal do Commercio<\/p>\n","protected":false},"excerpt":{"rendered":"<p>O desrespeito \u00e0 la priorit\u00e1ria pode levar \u00e0 responsabiliza\u00e7\u00e3o por improbidade administrativa e infra\u00e7\u00e3o criminal Diante de casos que geraram pol\u00eamica, como a vacina\u00e7\u00e3o de um fot\u00f3grafo e de uma arquiteta, o Minist\u00e9rio P\u00fablico Federal (MPF) e o Minist\u00e9rio P\u00fablico de Pernambuco (MPPE) expediram recomenda\u00e7\u00f5es conjuntas para que as secretaria de Sa\u00fade do Recife e [&hellip;]<\/p>\n","protected":false},"author":1,"featured_media":0,"comment_status":"open","ping_status":"open","sticky":false,"template":"","format":"standard","meta":{"ocean_post_layout":"","ocean_both_sidebars_style":"","ocean_both_sidebars_content_width":0,"ocean_both_sidebars_sidebars_width":0,"ocean_sidebar":"","ocean_second_sidebar":"","ocean_disable_margins":"enable","ocean_add_body_class":"","ocean_shortcode_before_top_bar":"","ocean_shortcode_after_top_bar":"","ocean_shortcode_before_header":"","ocean_shortcode_after_header":"","ocean_has_shortcode":"","ocean_shortcode_after_title":"","ocean_shortcode_before_footer_widgets":"","ocean_shortcode_after_footer_widgets":"","ocean_shortcode_before_footer_bottom":"","ocean_shortcode_after_footer_bottom":"","ocean_display_top_bar":"default","ocean_display_header":"default","ocean_header_style":"","ocean_center_header_left_menu":"","ocean_custom_header_template":"","ocean_custom_logo":0,"ocean_custom_retina_logo":0,"ocean_custom_logo_max_width":0,"ocean_custom_logo_tablet_max_width":0,"ocean_custom_logo_mobile_max_width":0,"ocean_custom_logo_max_height":0,"ocean_custom_logo_tablet_max_height":0,"ocean_custom_logo_mobile_max_height":0,"ocean_header_custom_menu":"","ocean_menu_typo_font_family":"","ocean_menu_typo_font_subset":"","ocean_menu_typo_font_size":0,"ocean_menu_typo_font_size_tablet":0,"ocean_menu_typo_font_size_mobile":0,"ocean_menu_typo_font_size_unit":"px","ocean_menu_typo_font_weight":"","ocean_menu_typo_font_weight_tablet":"","ocean_menu_typo_font_weight_mobile":"","ocean_menu_typo_transform":"","ocean_menu_typo_transform_tablet":"","ocean_menu_typo_transform_mobile":"","ocean_menu_typo_line_height":0,"ocean_menu_typo_line_height_tablet":0,"ocean_menu_typo_line_height_mobile":0,"ocean_menu_typo_line_height_unit":"","ocean_menu_typo_spacing":0,"ocean_menu_typo_spacing_tablet":0,"ocean_menu_typo_spacing_mobile":0,"ocean_menu_typo_spacing_unit":"","ocean_menu_link_color":"","ocean_menu_link_color_hover":"","ocean_menu_link_color_active":"","ocean_menu_link_background":"","ocean_menu_link_hover_background":"","ocean_menu_link_active_background":"","ocean_menu_social_links_bg":"","ocean_menu_social_hover_links_bg":"","ocean_menu_social_links_color":"","ocean_menu_social_hover_links_color":"","ocean_disable_title":"default","ocean_disable_heading":"default","ocean_post_title":"","ocean_post_subheading":"","ocean_post_title_style":"","ocean_post_title_background_color":"","ocean_post_title_background":0,"ocean_post_title_bg_image_position":"","ocean_post_title_bg_image_attachment":"","ocean_post_title_bg_image_repeat":"","ocean_post_title_bg_image_size":"","ocean_post_title_height":0,"ocean_post_title_bg_overlay":0.5,"ocean_post_title_bg_overlay_color":"","ocean_disable_breadcrumbs":"default","ocean_breadcrumbs_color":"","ocean_breadcrumbs_separator_color":"","ocean_breadcrumbs_links_color":"","ocean_breadcrumbs_links_hover_color":"","ocean_display_footer_widgets":"default","ocean_display_footer_bottom":"default","ocean_custom_footer_template":"","ocean_post_oembed":"","ocean_post_self_hosted_media":"","ocean_post_video_embed":"","ocean_link_format":"","ocean_link_format_target":"self","ocean_quote_format":"","ocean_quote_format_link":"post","ocean_gallery_link_images":"on","ocean_gallery_id":[]},"categories":[9],"tags":[1714,105,467],"acf":[],"_links":{"self":[{"href":"https:\/\/www.simepe.com.br\/novo\/wp-json\/wp\/v2\/posts\/57197"}],"collection":[{"href":"https:\/\/www.simepe.com.br\/novo\/wp-json\/wp\/v2\/posts"}],"about":[{"href":"https:\/\/www.simepe.com.br\/novo\/wp-json\/wp\/v2\/types\/post"}],"author":[{"embeddable":true,"href":"https:\/\/www.simepe.com.br\/novo\/wp-json\/wp\/v2\/users\/1"}],"replies":[{"embeddable":true,"href":"https:\/\/www.simepe.com.br\/novo\/wp-json\/wp\/v2\/comments?post=57197"}],"version-history":[{"count":1,"href":"https:\/\/www.simepe.com.br\/novo\/wp-json\/wp\/v2\/posts\/57197\/revisions"}],"predecessor-version":[{"id":57202,"href":"https:\/\/www.simepe.com.br\/novo\/wp-json\/wp\/v2\/posts\/57197\/revisions\/57202"}],"wp:attachment":[{"href":"https:\/\/www.simepe.com.br\/novo\/wp-json\/wp\/v2\/media?parent=57197"}],"wp:term":[{"taxonomy":"category","embeddable":true,"href":"https:\/\/www.simepe.com.br\/novo\/wp-json\/wp\/v2\/categories?post=57197"},{"taxonomy":"post_tag","embeddable":true,"href":"https:\/\/www.simepe.com.br\/novo\/wp-json\/wp\/v2\/tags?post=57197"}],"curies":[{"name":"wp","href":"https:\/\/api.w.org\/{rel}","templated":true}]}}