{"id":57236,"date":"2021-01-26T10:07:37","date_gmt":"2021-01-26T13:07:37","guid":{"rendered":"https:\/\/www.simepe.com.br\/novo\/?p=57236"},"modified":"2021-01-26T10:07:37","modified_gmt":"2021-01-26T13:07:37","slug":"saiba-como-agendar-vacinacao-contra-covid-para-idosos-a-partir-de-85-anos-no-recife","status":"publish","type":"post","link":"https:\/\/www.simepe.com.br\/novo\/saiba-como-agendar-vacinacao-contra-covid-para-idosos-a-partir-de-85-anos-no-recife\/","title":{"rendered":"Saiba como agendar vacina\u00e7\u00e3o contra Covid para idosos a partir de 85 anos no Recife"},"content":{"rendered":"<p>Come\u00e7a, nesta quarta-feira (27), a vacina\u00e7\u00e3o de idosos a partir de 85 anos contra a Covid-19 no Recife. Para dar in\u00edcio \u00e0 imuniza\u00e7\u00e3o desse grupo priorit\u00e1rio, a prefeitura abre, nesta ter\u00e7a-feira (26), 65 salas de vacina\u00e7\u00e3o em nove pontos no Recife, al\u00e9m de tr\u00eas pontos de drive-thru [veja a lista de pontos abaixo]. \u00c9 preciso agendar a ida a um dos pontos no aplicativo Conecta Recife.<\/p>\n<p>Para agendar a ida ao posto de vacina\u00e7\u00e3o para receber a dose, o idoso deve marcar dia, hor\u00e1rio e local no site Minha Vacina ou no aplicativo Conecta Recife, dispon\u00edvel nas lojas de aplicativos para smartphones.<\/p>\n<p>No site ou no app, o cidad\u00e3o precisa marcar primeiramente o seu grupo priorit\u00e1rio &#8211; nesse caso espec\u00edfico, o de pessoas de 85 anos ou mais.<\/p>\n<p>Em seguida, \u00e9 necess\u00e1rio anexar comprovante de resid\u00eancia e documento de identifica\u00e7\u00e3o. Ainda h\u00e1 um formul\u00e1rio para preenchimento de dados como nome completo, CPF, telefone, data de nascimento e endere\u00e7o.<\/p>\n<p>Esse ser\u00e1 o mesmo procedimento para os demais grupos priorit\u00e1rios, que ter\u00e3o a imuniza\u00e7\u00e3o iniciada \u00e0 medida que o Minist\u00e9rio da Sa\u00fade repassar as doses das vacinas aos estados e munic\u00edpios.<\/p>\n<p>Os idosos acima de 85 anos ser\u00e3o o primeiro grupo a vacinar nos postos. De acordo com a prefeitura, o m\u00f3dulo foi ativado a partir do recebimento do lote de 16.520 doses da vacina de Oxford\/AstraZeneca produzida pelo laborat\u00f3rio indiano Serum, que chegou a Pernambuco nessa segunda-feira (25).<\/p>\n<p>\u201c\u00c9 importante dizer que todos ajudem as pessoas que t\u00eam 85 anos de idade ou mais a fazer o cadastro para o agendamento no site do Conecta Recife ou no aplicativo do Conecta Recife. Estas pessoas poder\u00e3o fazer, de imediato, o agendamento, para poder j\u00e1 na quarta-feira (27) serem vacinadas nos Centros\u201d, explicou o prefeito do Recife, Jo\u00e3o Campos.<\/p>\n<p>Para a secret\u00e1ria municipal de Sa\u00fade, Luciana Albuquerque, a decis\u00e3o da Prefeitura do Recife em vacinar esse grupo com a chegada das doses da vacina de Oxford\/AstraZeneca foi baseada em dados epidemiol\u00f3gicos de adoecimento e \u00f3bitos em decorr\u00eancia da infec\u00e7\u00e3o pelo novo coronav\u00edrus.<\/p>\n<p>\u201cA nossa estrat\u00e9gia \u00e9 para garantir que esse p\u00fablico passe menos tempo poss\u00edvel exposto ao risco, por isso estamos disponibilizando o agendamento, e abrindo vagas em v\u00e1rios pontos da cidade. \u00c9 importante que o idoso realize o cadastro previamente para facilitar o agendamento da sua imuniza\u00e7\u00e3o. No entanto, aqueles que n\u00e3o conseguirem faz\u00ea-lo, poder\u00e3o receber a dose mesmo assim porque nos centros montados pela prefeitura haver\u00e1 profissionais para fazer isso \u201d, explicou a gestora.<\/p>\n<p><strong>Centros de vacina\u00e7\u00e3o<\/strong><\/p>\n<ul>\n<li>Compaz Dom Helder C\u00e2mara, no Coque<\/li>\n<li>Unidade de Cuidados Integrais (UCIS) Guilherme Abath, no Hip\u00f3dromo<\/li>\n<li>Escola Nilo Pereira, em Casa Amarela<\/li>\n<li>Compaz Miguel Arraes, na Caxang\u00e1<\/li>\n<li>Compaz Ariano Suassuna, no Cordeiro<\/li>\n<li>Escola Miguel Arraes de Alencar, na Est\u00e2ncia<\/li>\n<li>Gin\u00e1sio Gerald\u00e3o, na Imbiribeira<\/li>\n<li>Escola Nadir Cola\u00e7o, na Macaxeira<\/li>\n<li>UPA-E Fernando Figueira, no Ibura<\/li>\n<\/ul>\n<p>Drive-thru<\/p>\n<ul>\n<li>Parque da Macaxeira, na Macaxeira<\/li>\n<li>Gerald\u00e3o, na Imbiribeira<\/li>\n<li>Universidade Federal de Pernambuco (UFPE), na Cidade Universit\u00e1ria<\/li>\n<\/ul>\n<p>Fonte: Folha de Pernambuco<\/p>\n","protected":false},"excerpt":{"rendered":"<p>Come\u00e7a, nesta quarta-feira (27), a vacina\u00e7\u00e3o de idosos a partir de 85 anos contra a Covid-19 no Recife. Para dar in\u00edcio \u00e0 imuniza\u00e7\u00e3o desse grupo priorit\u00e1rio, a prefeitura abre, nesta ter\u00e7a-feira (26), 65 salas de vacina\u00e7\u00e3o em nove pontos no Recife, al\u00e9m de tr\u00eas pontos de drive-thru [veja a lista de pontos abaixo]. \u00c9 preciso [&hellip;]<\/p>\n","protected":false},"author":1,"featured_media":0,"comment_status":"open","ping_status":"open","sticky":false,"template":"","format":"standard","meta":{"ocean_post_layout":"","ocean_both_sidebars_style":"","ocean_both_sidebars_content_width":0,"ocean_both_sidebars_sidebars_width":0,"ocean_sidebar":"","ocean_second_sidebar":"","ocean_disable_margins":"enable","ocean_add_body_class":"","ocean_shortcode_before_top_bar":"","ocean_shortcode_after_top_bar":"","ocean_shortcode_before_header":"","ocean_shortcode_after_header":"","ocean_has_shortcode":"","ocean_shortcode_after_title":"","ocean_shortcode_before_footer_widgets":"","ocean_shortcode_after_footer_widgets":"","ocean_shortcode_before_footer_bottom":"","ocean_shortcode_after_footer_bottom":"","ocean_display_top_bar":"default","ocean_display_header":"default","ocean_header_style":"","ocean_center_header_left_menu":"","ocean_custom_header_template":"","ocean_custom_logo":0,"ocean_custom_retina_logo":0,"ocean_custom_logo_max_width":0,"ocean_custom_logo_tablet_max_width":0,"ocean_custom_logo_mobile_max_width":0,"ocean_custom_logo_max_height":0,"ocean_custom_logo_tablet_max_height":0,"ocean_custom_logo_mobile_max_height":0,"ocean_header_custom_menu":"","ocean_menu_typo_font_family":"","ocean_menu_typo_font_subset":"","ocean_menu_typo_font_size":0,"ocean_menu_typo_font_size_tablet":0,"ocean_menu_typo_font_size_mobile":0,"ocean_menu_typo_font_size_unit":"px","ocean_menu_typo_font_weight":"","ocean_menu_typo_font_weight_tablet":"","ocean_menu_typo_font_weight_mobile":"","ocean_menu_typo_transform":"","ocean_menu_typo_transform_tablet":"","ocean_menu_typo_transform_mobile":"","ocean_menu_typo_line_height":0,"ocean_menu_typo_line_height_tablet":0,"ocean_menu_typo_line_height_mobile":0,"ocean_menu_typo_line_height_unit":"","ocean_menu_typo_spacing":0,"ocean_menu_typo_spacing_tablet":0,"ocean_menu_typo_spacing_mobile":0,"ocean_menu_typo_spacing_unit":"","ocean_menu_link_color":"","ocean_menu_link_color_hover":"","ocean_menu_link_color_active":"","ocean_menu_link_background":"","ocean_menu_link_hover_background":"","ocean_menu_link_active_background":"","ocean_menu_social_links_bg":"","ocean_menu_social_hover_links_bg":"","ocean_menu_social_links_color":"","ocean_menu_social_hover_links_color":"","ocean_disable_title":"default","ocean_disable_heading":"default","ocean_post_title":"","ocean_post_subheading":"","ocean_post_title_style":"","ocean_post_title_background_color":"","ocean_post_title_background":0,"ocean_post_title_bg_image_position":"","ocean_post_title_bg_image_attachment":"","ocean_post_title_bg_image_repeat":"","ocean_post_title_bg_image_size":"","ocean_post_title_height":0,"ocean_post_title_bg_overlay":0.5,"ocean_post_title_bg_overlay_color":"","ocean_disable_breadcrumbs":"default","ocean_breadcrumbs_color":"","ocean_breadcrumbs_separator_color":"","ocean_breadcrumbs_links_color":"","ocean_breadcrumbs_links_hover_color":"","ocean_display_footer_widgets":"default","ocean_display_footer_bottom":"default","ocean_custom_footer_template":"","ocean_post_oembed":"","ocean_post_self_hosted_media":"","ocean_post_video_embed":"","ocean_link_format":"","ocean_link_format_target":"self","ocean_quote_format":"","ocean_quote_format_link":"post","ocean_gallery_link_images":"on","ocean_gallery_id":[]},"categories":[9],"tags":[1420,1490,82],"acf":[],"_links":{"self":[{"href":"https:\/\/www.simepe.com.br\/novo\/wp-json\/wp\/v2\/posts\/57236"}],"collection":[{"href":"https:\/\/www.simepe.com.br\/novo\/wp-json\/wp\/v2\/posts"}],"about":[{"href":"https:\/\/www.simepe.com.br\/novo\/wp-json\/wp\/v2\/types\/post"}],"author":[{"embeddable":true,"href":"https:\/\/www.simepe.com.br\/novo\/wp-json\/wp\/v2\/users\/1"}],"replies":[{"embeddable":true,"href":"https:\/\/www.simepe.com.br\/novo\/wp-json\/wp\/v2\/comments?post=57236"}],"version-history":[{"count":1,"href":"https:\/\/www.simepe.com.br\/novo\/wp-json\/wp\/v2\/posts\/57236\/revisions"}],"predecessor-version":[{"id":57238,"href":"https:\/\/www.simepe.com.br\/novo\/wp-json\/wp\/v2\/posts\/57236\/revisions\/57238"}],"wp:attachment":[{"href":"https:\/\/www.simepe.com.br\/novo\/wp-json\/wp\/v2\/media?parent=57236"}],"wp:term":[{"taxonomy":"category","embeddable":true,"href":"https:\/\/www.simepe.com.br\/novo\/wp-json\/wp\/v2\/categories?post=57236"},{"taxonomy":"post_tag","embeddable":true,"href":"https:\/\/www.simepe.com.br\/novo\/wp-json\/wp\/v2\/tags?post=57236"}],"curies":[{"name":"wp","href":"https:\/\/api.w.org\/{rel}","templated":true}]}}