{"id":57240,"date":"2021-01-26T10:09:38","date_gmt":"2021-01-26T13:09:38","guid":{"rendered":"https:\/\/www.simepe.com.br\/novo\/?p=57240"},"modified":"2021-01-26T10:09:38","modified_gmt":"2021-01-26T13:09:38","slug":"prefeitura-do-recife-lanca-vacinometro-com-dados-em-tempo-real-sobre-a-vacinacao","status":"publish","type":"post","link":"https:\/\/www.simepe.com.br\/novo\/prefeitura-do-recife-lanca-vacinometro-com-dados-em-tempo-real-sobre-a-vacinacao\/","title":{"rendered":"Prefeitura do Recife lan\u00e7a &#8220;vacin\u00f4metro&#8221; com dados em tempo real sobre a vacina\u00e7\u00e3o"},"content":{"rendered":"<p><em>Prefeitura do Recife lan\u00e7a &#8220;vacin\u00f4metro&#8221; com dados em tempo real sobre a vacina\u00e7\u00e3o.<\/em><\/p>\n<p>Com o intuito de mostrar em tempo real o andamento do plano de vacina\u00e7\u00e3o no Recife, a Prefeitura da Cidade lan\u00e7ou o &#8220;vacin\u00f4metro&#8221;, ferramenta que est\u00e1 dispon\u00edvel, a partir desta ter\u00e7a-feira (26), para a popula\u00e7\u00e3o por meio do aplicativo Conecta Recife. Assim, ser\u00e1 poss\u00edvel acompanhar diretamente a operacionaliza\u00e7\u00e3o do plano Recife Vacina.<\/p>\n<p>No vacin\u00f4metro, os cidad\u00e3os poder\u00e3o conferir todo o processo de imuniza\u00e7\u00e3o e dados, como n\u00famero total de doses recebidas, relat\u00f3rio di\u00e1rio e total de pessoas imunizadas. Al\u00e9m de doses aplicadas por Distrito Sanit\u00e1rio e vacinas aplicadas por grupos priorit\u00e1rios.<\/p>\n<p>At\u00e9 a \u00faltima segunda-feira (25), j\u00e1 foram imunizadas mais de 9 mil pessoas consideradas dentro do grupo priorit\u00e1rio para esta primeira fase. Na plataforma, est\u00e3o todas as informa\u00e7\u00f5es sobre o Plano de Vacina\u00e7\u00e3o do Recife, considerando as etapas, grupos entre outros detalhes j\u00e1 est\u00e3o dispon\u00edveis para download. Os n\u00fameros podem ser acessados tanto no aplicativo do Conecta Recife quanto no site oficial, sendo o app encontrado nas lojas PlayStore e AppStore. J\u00e1 o site, voc\u00ea pode acessar clicando aqui.<\/p>\n<p>Fonte: Folha de Pernambuco<\/p>\n","protected":false},"excerpt":{"rendered":"<p>Prefeitura do Recife lan\u00e7a &#8220;vacin\u00f4metro&#8221; com dados em tempo real sobre a vacina\u00e7\u00e3o. Com o intuito de mostrar em tempo real o andamento do plano de vacina\u00e7\u00e3o no Recife, a Prefeitura da Cidade lan\u00e7ou o &#8220;vacin\u00f4metro&#8221;, ferramenta que est\u00e1 dispon\u00edvel, a partir desta ter\u00e7a-feira (26), para a popula\u00e7\u00e3o por meio do aplicativo Conecta Recife. Assim, [&hellip;]<\/p>\n","protected":false},"author":1,"featured_media":0,"comment_status":"open","ping_status":"open","sticky":false,"template":"","format":"standard","meta":{"ocean_post_layout":"","ocean_both_sidebars_style":"","ocean_both_sidebars_content_width":0,"ocean_both_sidebars_sidebars_width":0,"ocean_sidebar":"","ocean_second_sidebar":"","ocean_disable_margins":"enable","ocean_add_body_class":"","ocean_shortcode_before_top_bar":"","ocean_shortcode_after_top_bar":"","ocean_shortcode_before_header":"","ocean_shortcode_after_header":"","ocean_has_shortcode":"","ocean_shortcode_after_title":"","ocean_shortcode_before_footer_widgets":"","ocean_shortcode_after_footer_widgets":"","ocean_shortcode_before_footer_bottom":"","ocean_shortcode_after_footer_bottom":"","ocean_display_top_bar":"default","ocean_display_header":"default","ocean_header_style":"","ocean_center_header_left_menu":"","ocean_custom_header_template":"","ocean_custom_logo":0,"ocean_custom_retina_logo":0,"ocean_custom_logo_max_width":0,"ocean_custom_logo_tablet_max_width":0,"ocean_custom_logo_mobile_max_width":0,"ocean_custom_logo_max_height":0,"ocean_custom_logo_tablet_max_height":0,"ocean_custom_logo_mobile_max_height":0,"ocean_header_custom_menu":"","ocean_menu_typo_font_family":"","ocean_menu_typo_font_subset":"","ocean_menu_typo_font_size":0,"ocean_menu_typo_font_size_tablet":0,"ocean_menu_typo_font_size_mobile":0,"ocean_menu_typo_font_size_unit":"px","ocean_menu_typo_font_weight":"","ocean_menu_typo_font_weight_tablet":"","ocean_menu_typo_font_weight_mobile":"","ocean_menu_typo_transform":"","ocean_menu_typo_transform_tablet":"","ocean_menu_typo_transform_mobile":"","ocean_menu_typo_line_height":0,"ocean_menu_typo_line_height_tablet":0,"ocean_menu_typo_line_height_mobile":0,"ocean_menu_typo_line_height_unit":"","ocean_menu_typo_spacing":0,"ocean_menu_typo_spacing_tablet":0,"ocean_menu_typo_spacing_mobile":0,"ocean_menu_typo_spacing_unit":"","ocean_menu_link_color":"","ocean_menu_link_color_hover":"","ocean_menu_link_color_active":"","ocean_menu_link_background":"","ocean_menu_link_hover_background":"","ocean_menu_link_active_background":"","ocean_menu_social_links_bg":"","ocean_menu_social_hover_links_bg":"","ocean_menu_social_links_color":"","ocean_menu_social_hover_links_color":"","ocean_disable_title":"default","ocean_disable_heading":"default","ocean_post_title":"","ocean_post_subheading":"","ocean_post_title_style":"","ocean_post_title_background_color":"","ocean_post_title_background":0,"ocean_post_title_bg_image_position":"","ocean_post_title_bg_image_attachment":"","ocean_post_title_bg_image_repeat":"","ocean_post_title_bg_image_size":"","ocean_post_title_height":0,"ocean_post_title_bg_overlay":0.5,"ocean_post_title_bg_overlay_color":"","ocean_disable_breadcrumbs":"default","ocean_breadcrumbs_color":"","ocean_breadcrumbs_separator_color":"","ocean_breadcrumbs_links_color":"","ocean_breadcrumbs_links_hover_color":"","ocean_display_footer_widgets":"default","ocean_display_footer_bottom":"default","ocean_custom_footer_template":"","ocean_post_oembed":"","ocean_post_self_hosted_media":"","ocean_post_video_embed":"","ocean_link_format":"","ocean_link_format_target":"self","ocean_quote_format":"","ocean_quote_format_link":"post","ocean_gallery_link_images":"on","ocean_gallery_id":[]},"categories":[9],"tags":[1420,1490,82],"acf":[],"_links":{"self":[{"href":"https:\/\/www.simepe.com.br\/novo\/wp-json\/wp\/v2\/posts\/57240"}],"collection":[{"href":"https:\/\/www.simepe.com.br\/novo\/wp-json\/wp\/v2\/posts"}],"about":[{"href":"https:\/\/www.simepe.com.br\/novo\/wp-json\/wp\/v2\/types\/post"}],"author":[{"embeddable":true,"href":"https:\/\/www.simepe.com.br\/novo\/wp-json\/wp\/v2\/users\/1"}],"replies":[{"embeddable":true,"href":"https:\/\/www.simepe.com.br\/novo\/wp-json\/wp\/v2\/comments?post=57240"}],"version-history":[{"count":1,"href":"https:\/\/www.simepe.com.br\/novo\/wp-json\/wp\/v2\/posts\/57240\/revisions"}],"predecessor-version":[{"id":57241,"href":"https:\/\/www.simepe.com.br\/novo\/wp-json\/wp\/v2\/posts\/57240\/revisions\/57241"}],"wp:attachment":[{"href":"https:\/\/www.simepe.com.br\/novo\/wp-json\/wp\/v2\/media?parent=57240"}],"wp:term":[{"taxonomy":"category","embeddable":true,"href":"https:\/\/www.simepe.com.br\/novo\/wp-json\/wp\/v2\/categories?post=57240"},{"taxonomy":"post_tag","embeddable":true,"href":"https:\/\/www.simepe.com.br\/novo\/wp-json\/wp\/v2\/tags?post=57240"}],"curies":[{"name":"wp","href":"https:\/\/api.w.org\/{rel}","templated":true}]}}