{"id":57246,"date":"2021-01-26T10:20:01","date_gmt":"2021-01-26T13:20:01","guid":{"rendered":"https:\/\/www.simepe.com.br\/novo\/?p=57246"},"modified":"2021-01-26T10:20:01","modified_gmt":"2021-01-26T13:20:01","slug":"am-restricao-na-circulacao-de-pessoas-sera-de-24-horas","status":"publish","type":"post","link":"https:\/\/www.simepe.com.br\/novo\/am-restricao-na-circulacao-de-pessoas-sera-de-24-horas\/","title":{"rendered":"AM: restri\u00e7\u00e3o na circula\u00e7\u00e3o de pessoas ser\u00e1 de 24 horas"},"content":{"rendered":"<p>Come\u00e7ou a valer a partir de hoje (25), e vai at\u00e9 o dia 31 de janeiro, a amplia\u00e7\u00e3o de medidas restritivas para reduzir a taxa de infec\u00e7\u00e3o pelo novo coronav\u00edrus no estado do Amazonas. As medidas foram anunciadas no s\u00e1bado (23) pelo governador do estado, Wilson Lima, ap\u00f3s reuni\u00e3o do Comit\u00ea de Enfrentamento da Covid-19 com representantes do com\u00e9rcio e servi\u00e7os e de \u00f3rg\u00e3os de controle. Entre as novas medidas est\u00e1 a amplia\u00e7\u00e3o para 24 horas do per\u00edodo de restri\u00e7\u00e3o de circula\u00e7\u00e3o de pessoas no estado durante o per\u00edodo de sete dias.<\/p>\n<p>De acordo com decreto publicado pelo governo do estado, poder\u00e3o funcionar, durante o per\u00edodo de restri\u00e7\u00e3o de circula\u00e7\u00e3o, apenas supermercados varejistas e atacadistas de pequeno, m\u00e9dio e grande porte e padarias, no per\u00edodo das 6h \u00e0s 19h. J\u00e1 os mercados e feiras dever\u00e3o funcionar das 4h \u00e0s 8h. As drogarias e farm\u00e1cias poder\u00e3o funcionar 24 horas, assim como os servi\u00e7os essenciais das \u00e1reas da sa\u00fade e seguran\u00e7a.<\/p>\n<p>O decreto com as restri\u00e7\u00f5es diz que ser\u00e1 permitida a circula\u00e7\u00e3o para aquisi\u00e7\u00e3o de produtos essenciais \u00e0 vida, limitada a uma pessoa por n\u00facleo familiar. Os servi\u00e7os de delivery s\u00f3 ser\u00e3o permitidos das 6h \u00e0s 22h para servi\u00e7os essenciais, como os de venda de alimenta\u00e7\u00e3o (restaurantes, lanchonetes, etc).<\/p>\n<p>N\u00e3o ser\u00e3o permitidos servi\u00e7os delivery ou drive-thru de com\u00e9rcio e servi\u00e7os n\u00e3o essenciais. J\u00e1 os postos de combust\u00edveis tamb\u00e9m poder\u00e3o funcionar, sem a abertura das lojas de conveni\u00eancia.<\/p>\n<p><strong>Contamina\u00e7\u00e3o<\/strong><br \/>\nDe acordo com a Funda\u00e7\u00e3o de Vigil\u00e2ncia em Sa\u00fade do Amazonas (FVS-AM), o \u00edndice de contamina\u00e7\u00e3o pelo novo coronav\u00edrus no estado tem taxa de transmiss\u00e3o de 1,3, a mais alta do pa\u00eds. Isso significa que cada grupo de 100 pessoas infectadas transmite o v\u00edrus para 130.<\/p>\n<p>O governador disse que a restri\u00e7\u00e3o \u00e9 necess\u00e1ria devido \u00e0 muta\u00e7\u00e3o do novo coronav\u00edrus, identificado no estado e que tem maior capacidade de transmiss\u00e3o. Ele disse ainda que apesar das medidas restringirem bastante a circula\u00e7\u00e3o de pessoas, n\u00e3o se trata de um fechamento total, o chamado lockdown.<\/p>\n<p>\u201cN\u00e3o h\u00e1 lockdown no estado do Amazonas. H\u00e1 muita gente disseminando informa\u00e7\u00f5es que n\u00e3o s\u00e3o verdadeiras, est\u00e3o propagando fake news. Essa \u00e9 uma medida para que a gente possa diminuir aglomera\u00e7\u00f5es e, consequentemente, quebrar essa cadeia de transmiss\u00e3o do v\u00edrus, que, desta vez, de acordo com especialistas, tem uma capacidade muito grande de transmiss\u00e3o\u201d, afirmou o governador Wilson Lima, durante o an\u00fancio das novas regras.<\/p>\n<p>A FVS disse ainda que foi constatado aumento de 135% no n\u00famero de casos de covid-19 detectados nos \u00faltimos 14 dias, saindo da m\u00e9dia m\u00f3vel di\u00e1ria abaixo de 500 casos di\u00e1rios, na primeira quinzena de dezembro de 2020, para mais de 2 mil por dia em janeiro, tendo recorde neste ano de mais de 5 mil casos registrados em um \u00fanico dia.<\/p>\n<p><strong>Confira as medidas de restri\u00e7\u00e3o \u2013 De 25 a 31 de janeiro<\/strong><\/p>\n<p><strong>O que pode funcionar<\/strong><\/p>\n<p>\u2022 Supermercados varejistas e atacadistas de pequeno, m\u00e9dio e grande portes e padarias \u2013 das 6h \u00e0s 19h, com venda restrita a produtos de higiene, limpeza e alimenta\u00e7\u00e3o<\/p>\n<p>\u2022 Drogarias e farm\u00e1cias \u2013 24 horas, com venda restrita a produtos de higiene, medicamentos e outros produtos farmac\u00eauticos<\/p>\n<p>\u2022 Mercados e feiras \u2013 das 4h \u00e0s 8h<\/p>\n<p>\u2022 Delivery de servi\u00e7os de alimenta\u00e7\u00e3o \u2013 das 6h \u00e0s 22h<\/p>\n<p>\u2022 Ind\u00fastria \u2013 em turno de 12 horas (exce\u00e7\u00e3o para alimentos e produtos farmac\u00eauticos e hospitalares)<\/p>\n<p>\u2022 Transporte de cargas \u2013 apenas de produtos essenciais, como alimenta\u00e7\u00e3o, combust\u00edveis e produtos das \u00e1reas de sa\u00fade e seguran\u00e7a<\/p>\n<p>\u2022 Postos de combust\u00edveis<\/p>\n<p>Quais atividades ficar\u00e3o suspensas<\/p>\n<p>\u2022 N\u00e3o essenciais, incluindo lojas de conveni\u00eancia de postos de combust\u00edveis<\/p>\n<p>\u2022 Delivery e drive-thru de com\u00e9rcio e servi\u00e7os n\u00e3o essenciais<\/p>\n<p><strong>Circula\u00e7\u00e3o de pessoas<\/strong><\/p>\n<p>\u2022 Permitido deslocamento de uma pessoa do n\u00facleo familiar para estabelecimentos do grupo de servi\u00e7os essenciais<\/p>\n<p>\u2022 Permitida a circula\u00e7\u00e3o de trabalhadores de estabelecimentos considerados essenciais<\/p>\n<p>\u2022 Permitida circula\u00e7\u00e3o de pessoas para acesso a servi\u00e7os de sa\u00fade, cl\u00ednicas e laborat\u00f3rios<\/p>\n<p>\u2022 Permitido o deslocamento de agentes p\u00fablicos que trabalham na \u00e1rea de sa\u00fade ou em a\u00e7\u00f5es de enfrentamento, e de profissionais de imprensa.<\/p>\n<p>&nbsp;<\/p>\n<p>Fonte:\u00a0Diario de Pernambuco<\/p>\n<p>&nbsp;<\/p>\n<p>&nbsp;<\/p>\n","protected":false},"excerpt":{"rendered":"<p>Come\u00e7ou a valer a partir de hoje (25), e vai at\u00e9 o dia 31 de janeiro, a amplia\u00e7\u00e3o de medidas restritivas para reduzir a taxa de infec\u00e7\u00e3o pelo novo coronav\u00edrus no estado do Amazonas. As medidas foram anunciadas no s\u00e1bado (23) pelo governador do estado, Wilson Lima, ap\u00f3s reuni\u00e3o do Comit\u00ea de Enfrentamento da Covid-19 [&hellip;]<\/p>\n","protected":false},"author":1,"featured_media":0,"comment_status":"open","ping_status":"open","sticky":false,"template":"","format":"standard","meta":{"ocean_post_layout":"","ocean_both_sidebars_style":"","ocean_both_sidebars_content_width":0,"ocean_both_sidebars_sidebars_width":0,"ocean_sidebar":"","ocean_second_sidebar":"","ocean_disable_margins":"enable","ocean_add_body_class":"","ocean_shortcode_before_top_bar":"","ocean_shortcode_after_top_bar":"","ocean_shortcode_before_header":"","ocean_shortcode_after_header":"","ocean_has_shortcode":"","ocean_shortcode_after_title":"","ocean_shortcode_before_footer_widgets":"","ocean_shortcode_after_footer_widgets":"","ocean_shortcode_before_footer_bottom":"","ocean_shortcode_after_footer_bottom":"","ocean_display_top_bar":"default","ocean_display_header":"default","ocean_header_style":"","ocean_center_header_left_menu":"","ocean_custom_header_template":"","ocean_custom_logo":0,"ocean_custom_retina_logo":0,"ocean_custom_logo_max_width":0,"ocean_custom_logo_tablet_max_width":0,"ocean_custom_logo_mobile_max_width":0,"ocean_custom_logo_max_height":0,"ocean_custom_logo_tablet_max_height":0,"ocean_custom_logo_mobile_max_height":0,"ocean_header_custom_menu":"","ocean_menu_typo_font_family":"","ocean_menu_typo_font_subset":"","ocean_menu_typo_font_size":0,"ocean_menu_typo_font_size_tablet":0,"ocean_menu_typo_font_size_mobile":0,"ocean_menu_typo_font_size_unit":"px","ocean_menu_typo_font_weight":"","ocean_menu_typo_font_weight_tablet":"","ocean_menu_typo_font_weight_mobile":"","ocean_menu_typo_transform":"","ocean_menu_typo_transform_tablet":"","ocean_menu_typo_transform_mobile":"","ocean_menu_typo_line_height":0,"ocean_menu_typo_line_height_tablet":0,"ocean_menu_typo_line_height_mobile":0,"ocean_menu_typo_line_height_unit":"","ocean_menu_typo_spacing":0,"ocean_menu_typo_spacing_tablet":0,"ocean_menu_typo_spacing_mobile":0,"ocean_menu_typo_spacing_unit":"","ocean_menu_link_color":"","ocean_menu_link_color_hover":"","ocean_menu_link_color_active":"","ocean_menu_link_background":"","ocean_menu_link_hover_background":"","ocean_menu_link_active_background":"","ocean_menu_social_links_bg":"","ocean_menu_social_hover_links_bg":"","ocean_menu_social_links_color":"","ocean_menu_social_hover_links_color":"","ocean_disable_title":"default","ocean_disable_heading":"default","ocean_post_title":"","ocean_post_subheading":"","ocean_post_title_style":"","ocean_post_title_background_color":"","ocean_post_title_background":0,"ocean_post_title_bg_image_position":"","ocean_post_title_bg_image_attachment":"","ocean_post_title_bg_image_repeat":"","ocean_post_title_bg_image_size":"","ocean_post_title_height":0,"ocean_post_title_bg_overlay":0.5,"ocean_post_title_bg_overlay_color":"","ocean_disable_breadcrumbs":"default","ocean_breadcrumbs_color":"","ocean_breadcrumbs_separator_color":"","ocean_breadcrumbs_links_color":"","ocean_breadcrumbs_links_hover_color":"","ocean_display_footer_widgets":"default","ocean_display_footer_bottom":"default","ocean_custom_footer_template":"","ocean_post_oembed":"","ocean_post_self_hosted_media":"","ocean_post_video_embed":"","ocean_link_format":"","ocean_link_format_target":"self","ocean_quote_format":"","ocean_quote_format_link":"post","ocean_gallery_link_images":"on","ocean_gallery_id":[]},"categories":[9],"tags":[1420,1490,82],"acf":[],"_links":{"self":[{"href":"https:\/\/www.simepe.com.br\/novo\/wp-json\/wp\/v2\/posts\/57246"}],"collection":[{"href":"https:\/\/www.simepe.com.br\/novo\/wp-json\/wp\/v2\/posts"}],"about":[{"href":"https:\/\/www.simepe.com.br\/novo\/wp-json\/wp\/v2\/types\/post"}],"author":[{"embeddable":true,"href":"https:\/\/www.simepe.com.br\/novo\/wp-json\/wp\/v2\/users\/1"}],"replies":[{"embeddable":true,"href":"https:\/\/www.simepe.com.br\/novo\/wp-json\/wp\/v2\/comments?post=57246"}],"version-history":[{"count":1,"href":"https:\/\/www.simepe.com.br\/novo\/wp-json\/wp\/v2\/posts\/57246\/revisions"}],"predecessor-version":[{"id":57251,"href":"https:\/\/www.simepe.com.br\/novo\/wp-json\/wp\/v2\/posts\/57246\/revisions\/57251"}],"wp:attachment":[{"href":"https:\/\/www.simepe.com.br\/novo\/wp-json\/wp\/v2\/media?parent=57246"}],"wp:term":[{"taxonomy":"category","embeddable":true,"href":"https:\/\/www.simepe.com.br\/novo\/wp-json\/wp\/v2\/categories?post=57246"},{"taxonomy":"post_tag","embeddable":true,"href":"https:\/\/www.simepe.com.br\/novo\/wp-json\/wp\/v2\/tags?post=57246"}],"curies":[{"name":"wp","href":"https:\/\/api.w.org\/{rel}","templated":true}]}}