{"id":57247,"date":"2021-01-26T10:16:55","date_gmt":"2021-01-26T13:16:55","guid":{"rendered":"https:\/\/www.simepe.com.br\/novo\/?p=57247"},"modified":"2021-01-26T10:16:55","modified_gmt":"2021-01-26T13:16:55","slug":"dom-malan-da-inicio-a-vacinacao-contra-a-covid-19","status":"publish","type":"post","link":"https:\/\/www.simepe.com.br\/novo\/dom-malan-da-inicio-a-vacinacao-contra-a-covid-19\/","title":{"rendered":"Dom Malan d\u00e1 in\u00edcio \u00e0 vacina\u00e7\u00e3o contra a Covid-19"},"content":{"rendered":"<p style=\"text-align: justify;\">Com muita alegria e entusiasmo, os profissionais do Hospital Dom Malan, em Petrolina, receberam nesta manh\u00e3 (25) a not\u00edcia do in\u00edcio da vacina\u00e7\u00e3o contra a Covid-19 na unidade materno-infantil. As primeiras doses foram enviadas pelo Governo de Pernambuco, via VIII Regional de Sa\u00fade (Geres), e ser\u00e3o distribu\u00eddas inicialmente \u00e0queles que est\u00e3o na linha de frente do enfrentamento \u00e0 pandemia e contato direto com o paciente infectado.<\/p>\n<p style=\"text-align: justify;\">A t\u00e3o esperada vacina renova as esperan\u00e7as e surge como uma luz no fim do t\u00fanel, ap\u00f3s meses de luta incans\u00e1vel. A primeira profissional foi vacinada por volta das 8h de hoje. A escolhida foi a enfermeira Marianni Roberta Fonseca.<\/p>\n<p style=\"text-align: justify;\">Mari, como \u00e9 conhecida por todos, foi residente em sa\u00fade da crian\u00e7a do hospital de 2018 a 2020 e ainda no ano passado esteve incumbida da miss\u00e3o de auxiliar na implanta\u00e7\u00e3o do setor Covid no HDM. \u201cEla foi escolhida para ser a primeira a tomar a vacina pelo pr\u00f3prio m\u00e9rito em si. Marianni esteve na linha de frente todo o tempo e foi muito importante para o hospital nesse processo. Ent\u00e3o, nada mais justo\u201d, considera a coordenadora de enfermagem, F\u00e1tima Michele.<\/p>\n<p style=\"text-align: justify;\">Mari, por sua vez, recebeu a not\u00edcia com muita gratid\u00e3o e felicidade. \u201cAcredito que a palavra \u00e9 esperan\u00e7a. Esperan\u00e7a em dias melhores. Passa um filme na cabe\u00e7a de tudo que a gente viveu desde o in\u00edcio da pandemia, as fortes emo\u00e7\u00f5es, o turbilh\u00e3o de sentimentos. Quando tudo come\u00e7ou a gente n\u00e3o sabia o que nos esperava, e hoje, dia 25 de janeiro de 2021, estamos recebendo a vacina. \u00c9 uma felicidade sem tamanho. Fico muito grata tamb\u00e9m por ser reconhecida pelo Dom Malan, que hoje \u00e9 a minha segunda casa\u201d, admitiu a gerente da emerg\u00eancia pedi\u00e1trica.<\/p>\n<p style=\"text-align: justify;\">A vacina\u00e7\u00e3o no Hospital Dom Malan ir\u00e1 seguir o calend\u00e1rio estabelecido pelas autoridades sanit\u00e1rias Federal, Estadual e Municipal, mas a meta \u00e9 imunizar todos os trabalhadores que atuam no servi\u00e7o dentro em breve. \u201cNeste primeiro momento estamos recebendo as primeiras doses da CoronaVac. Seguiremos as prioridades e o desejo \u00e9 de virar essa p\u00e1gina o mais r\u00e1pido poss\u00edvel\u201d, pontuou a diretora de aten\u00e7\u00e3o \u00e0 sa\u00fade, Tatiana Cerqueira.<\/p>\n<p style=\"text-align: justify;\">Vale lembrar que o Hospital Dom Malan \u00e9 refer\u00eancia em sa\u00fade da mulher e da crian\u00e7a para mais de 50 munic\u00edpio e 2 milh\u00f5es de habitantes da Rede Interestadual de Sa\u00fade Pernambuco-Bahia (Rede PEBA) e que, atualmente, tamb\u00e9m presta assist\u00eancia \u00e0s gestantes e crian\u00e7as v\u00edtimas da Covid-19, sendo ent\u00e3o um dos servi\u00e7os de refer\u00eancia no enfrentamento \u00e0 doen\u00e7a.<\/p>\n<p style=\"text-align: justify;\">Fonte: Secretaria Estadual de Sa\u00fade (SES)<\/p>\n","protected":false},"excerpt":{"rendered":"<p>Com muita alegria e entusiasmo, os profissionais do Hospital Dom Malan, em Petrolina, receberam nesta manh\u00e3 (25) a not\u00edcia do in\u00edcio da vacina\u00e7\u00e3o contra a Covid-19 na unidade materno-infantil. As primeiras doses foram enviadas pelo Governo de Pernambuco, via VIII Regional de Sa\u00fade (Geres), e ser\u00e3o distribu\u00eddas inicialmente \u00e0queles que est\u00e3o na linha de frente [&hellip;]<\/p>\n","protected":false},"author":1,"featured_media":0,"comment_status":"open","ping_status":"open","sticky":false,"template":"","format":"standard","meta":{"ocean_post_layout":"","ocean_both_sidebars_style":"","ocean_both_sidebars_content_width":0,"ocean_both_sidebars_sidebars_width":0,"ocean_sidebar":"","ocean_second_sidebar":"","ocean_disable_margins":"enable","ocean_add_body_class":"","ocean_shortcode_before_top_bar":"","ocean_shortcode_after_top_bar":"","ocean_shortcode_before_header":"","ocean_shortcode_after_header":"","ocean_has_shortcode":"","ocean_shortcode_after_title":"","ocean_shortcode_before_footer_widgets":"","ocean_shortcode_after_footer_widgets":"","ocean_shortcode_before_footer_bottom":"","ocean_shortcode_after_footer_bottom":"","ocean_display_top_bar":"default","ocean_display_header":"default","ocean_header_style":"","ocean_center_header_left_menu":"","ocean_custom_header_template":"","ocean_custom_logo":0,"ocean_custom_retina_logo":0,"ocean_custom_logo_max_width":0,"ocean_custom_logo_tablet_max_width":0,"ocean_custom_logo_mobile_max_width":0,"ocean_custom_logo_max_height":0,"ocean_custom_logo_tablet_max_height":0,"ocean_custom_logo_mobile_max_height":0,"ocean_header_custom_menu":"","ocean_menu_typo_font_family":"","ocean_menu_typo_font_subset":"","ocean_menu_typo_font_size":0,"ocean_menu_typo_font_size_tablet":0,"ocean_menu_typo_font_size_mobile":0,"ocean_menu_typo_font_size_unit":"px","ocean_menu_typo_font_weight":"","ocean_menu_typo_font_weight_tablet":"","ocean_menu_typo_font_weight_mobile":"","ocean_menu_typo_transform":"","ocean_menu_typo_transform_tablet":"","ocean_menu_typo_transform_mobile":"","ocean_menu_typo_line_height":0,"ocean_menu_typo_line_height_tablet":0,"ocean_menu_typo_line_height_mobile":0,"ocean_menu_typo_line_height_unit":"","ocean_menu_typo_spacing":0,"ocean_menu_typo_spacing_tablet":0,"ocean_menu_typo_spacing_mobile":0,"ocean_menu_typo_spacing_unit":"","ocean_menu_link_color":"","ocean_menu_link_color_hover":"","ocean_menu_link_color_active":"","ocean_menu_link_background":"","ocean_menu_link_hover_background":"","ocean_menu_link_active_background":"","ocean_menu_social_links_bg":"","ocean_menu_social_hover_links_bg":"","ocean_menu_social_links_color":"","ocean_menu_social_hover_links_color":"","ocean_disable_title":"default","ocean_disable_heading":"default","ocean_post_title":"","ocean_post_subheading":"","ocean_post_title_style":"","ocean_post_title_background_color":"","ocean_post_title_background":0,"ocean_post_title_bg_image_position":"","ocean_post_title_bg_image_attachment":"","ocean_post_title_bg_image_repeat":"","ocean_post_title_bg_image_size":"","ocean_post_title_height":0,"ocean_post_title_bg_overlay":0.5,"ocean_post_title_bg_overlay_color":"","ocean_disable_breadcrumbs":"default","ocean_breadcrumbs_color":"","ocean_breadcrumbs_separator_color":"","ocean_breadcrumbs_links_color":"","ocean_breadcrumbs_links_hover_color":"","ocean_display_footer_widgets":"default","ocean_display_footer_bottom":"default","ocean_custom_footer_template":"","ocean_post_oembed":"","ocean_post_self_hosted_media":"","ocean_post_video_embed":"","ocean_link_format":"","ocean_link_format_target":"self","ocean_quote_format":"","ocean_quote_format_link":"post","ocean_gallery_link_images":"on","ocean_gallery_id":[]},"categories":[9],"tags":[3848,3882,314],"acf":[],"_links":{"self":[{"href":"https:\/\/www.simepe.com.br\/novo\/wp-json\/wp\/v2\/posts\/57247"}],"collection":[{"href":"https:\/\/www.simepe.com.br\/novo\/wp-json\/wp\/v2\/posts"}],"about":[{"href":"https:\/\/www.simepe.com.br\/novo\/wp-json\/wp\/v2\/types\/post"}],"author":[{"embeddable":true,"href":"https:\/\/www.simepe.com.br\/novo\/wp-json\/wp\/v2\/users\/1"}],"replies":[{"embeddable":true,"href":"https:\/\/www.simepe.com.br\/novo\/wp-json\/wp\/v2\/comments?post=57247"}],"version-history":[{"count":1,"href":"https:\/\/www.simepe.com.br\/novo\/wp-json\/wp\/v2\/posts\/57247\/revisions"}],"predecessor-version":[{"id":57248,"href":"https:\/\/www.simepe.com.br\/novo\/wp-json\/wp\/v2\/posts\/57247\/revisions\/57248"}],"wp:attachment":[{"href":"https:\/\/www.simepe.com.br\/novo\/wp-json\/wp\/v2\/media?parent=57247"}],"wp:term":[{"taxonomy":"category","embeddable":true,"href":"https:\/\/www.simepe.com.br\/novo\/wp-json\/wp\/v2\/categories?post=57247"},{"taxonomy":"post_tag","embeddable":true,"href":"https:\/\/www.simepe.com.br\/novo\/wp-json\/wp\/v2\/tags?post=57247"}],"curies":[{"name":"wp","href":"https:\/\/api.w.org\/{rel}","templated":true}]}}