{"id":57289,"date":"2021-01-27T11:32:31","date_gmt":"2021-01-27T14:32:31","guid":{"rendered":"https:\/\/www.simepe.com.br\/novo\/?p=57289"},"modified":"2021-01-27T11:32:31","modified_gmt":"2021-01-27T14:32:31","slug":"recife-inicia-vacinacao-contra-a-covid-19-em-idosos-a-partir-de-85-anos-saiba-como-agendar","status":"publish","type":"post","link":"https:\/\/www.simepe.com.br\/novo\/recife-inicia-vacinacao-contra-a-covid-19-em-idosos-a-partir-de-85-anos-saiba-como-agendar\/","title":{"rendered":"Recife inicia vacina\u00e7\u00e3o contra a Covid-19 em idosos a partir de 85 anos; saiba como agendar"},"content":{"rendered":"<p>Dando continuidade ao plano de vacina\u00e7\u00e3o na cidade do Recife, a Prefeitura da Cidade iniciou, na manh\u00e3 desta quarta-feira (27), a imuniza\u00e7\u00e3o de idosos com idade igual ou superior a 85 anos. S\u00e3o nove centros de vacina\u00e7\u00e3o, totalizando 65 salas de vacina, al\u00e9m de tr\u00eas pontos de drive-thru para contemplar moradores de todas as \u00e1reas da cidade.<\/p>\n<p>Com a iniciativa, o munic\u00edpio avan\u00e7a para a segunda etapa do Plano Recife Vacina com as 16.520 doses recebidas da vacina Oxford\/AstraZeneca, enviadas pelo Minist\u00e9rio da Sa\u00fade. Em ato simb\u00f3lico realizado na \u00faltima ter\u00e7a-feira (26), os dez primeiros idosos a se cadastrarem para receber a vacina foram vacinados no Centro Comunit\u00e1rio da Paz (Compaz) Ariano Suassuna, no Cordeiro.<\/p>\n<p>A secret\u00e1ria-Executiva da Gest\u00e3o do Trabalho e Educa\u00e7\u00e3o em Sa\u00fade, Andressa Barkokebas, explica que todos os centro de vacina\u00e7\u00e3o e os drives-thru est\u00e3o sendo organizados de maneira a evitar aglomera\u00e7\u00f5es. &#8220;Ent\u00e3o, por isso a necessidade do agendamento. \u00c9 uma forma de evitar fila evitar aglomera\u00e7\u00e3o e, quando o idoso \u00e9 cadastrado e agendado, n\u00f3s podemos proporcionar para ele o maior conforto nesse sentido de n\u00e3o haver aglomera\u00e7\u00e3o, e eles ficam menos expostos aos riscos de uma contamina\u00e7\u00e3o.&#8221;<\/p>\n<p>Alguns familiares j\u00e1 trouxeram seus parentes idosos para a vacina\u00e7\u00e3o. Esse \u00e9 o caso de Renata Amorim, 35 anos, que acompanhou o av\u00f4 C\u00edcero Felizardo, de 86. \u201cEle acordou cedo. Est\u00e1 me chamando desde ontem. Ele t\u00e1 querendo se vacinar desde o in\u00edcio. Ele sabe que \u00e9 importante a vacina\u00e7\u00e3o e queria se sentir mais protegido. Fico feliz porque isso incentiva a minha av\u00f3 que \u00e9 idosa e t\u00e1 com um pouco de receio da vacina\u00e7\u00e3o.\u201d<\/p>\n<p>Cleonice Vitor, 86 anos, veio acompanhada da filha Silvana. Ela disse estar na &#8220;esperan\u00e7a de dias melhores&#8221; agora que tomou a vacina\u00e7\u00e3o e aguarda a vez de os seus familiares na fila pela imuniza\u00e7\u00e3o. &#8220;Estava na expectativa. Tenho sete filhos, vim com a ca\u00e7ula. Eu disse &#8216;meu Deus fa\u00e7a com que venha logo para todos eles&#8217;. Porque eu sinto uma falta muito grande de abra\u00e7ar meus filhos&#8221;, contou.<\/p>\n<p>Seu Jos\u00e9 Rocha tamb\u00e9m contou que permaneceu em casa durante todo o per\u00edodo de quarentena e que a vacina n\u00e3o \u00e9 motivo para relaxar nos cuidados com a sa\u00fade. &#8220;Vou seguir me cuidando sim&#8221;, disse. &#8220;Fiquei em casa, permaneci em casa at\u00e9 hoje&#8221;, completou. Arc\u00e2ncio Gomes, 86, tamb\u00e9m prometeu que se cuidaria ap\u00f3s tomar a primeira dose da vacina. Ele, que \u00e9 apelidado de &#8220;Padre&#8221; no Sport Clube do Recife, onde trabalha, n\u00e3o disfar\u00e7ou a alegria por ter tomado a primeira dose.<\/p>\n<p>&#8220;O povo aqui atendeu muito bem. Me sinto fora do comum, uma coisa extraordin\u00e1ria. N\u00f3s que estamos nesta situa\u00e7\u00e3o, que \u00e9 o mundo inteiro, estamos sofrendo muito. Mas quando a gente chega aqui parece que alivia total. Eu, por exemplo, estou t\u00e3o feliz&#8221;, disse.<\/p>\n<p><strong>Agendamento<\/strong><\/p>\n<p>Para vacinar, \u00e9 necess\u00e1rio realizar o agendamento do dia, hor\u00e1rio e local em que receber\u00e3o a dose. Assim, o cidad\u00e3o que integra os grupos priorit\u00e1rios nessa fase da vacina\u00e7\u00e3o poder\u00e3o realizar o cadastro por meio do site Minha Vacina ou ainda pelo aplicativo Conecta Recife, cujo app est\u00e1 dispon\u00edvel nas lojas PlayStore, para Android; e AppStore, para dispositivos iOS.<\/p>\n<p>Andressa Barkokebas destaca tamb\u00e9m a import\u00e2ncia dos familiares no ato de cadastramento e agendamento. &#8220;O que a gente reitera \u00e9 a import\u00e2ncia dos familiares nesse processo. Ent\u00e3o, se os familiares puderem ajudar o idoso a fazer esse cadastramento e agendamento, eles v\u00e3o poder ter acesso aos nove centro que hoje estamos inaugurando, al\u00e9m dos tr\u00eas drive-thru.&#8221;<\/p>\n<p>Ainda no quesito dificuldades de acesso, a secret\u00e1ria destacou que caso haja alguma limita\u00e7\u00e3o com internet, o usu\u00e1rio pode procurar as unidades da aten\u00e7\u00e3o b\u00e1sica do Recife, em que profissionais v\u00e3o pode orientar os idosos nesse processo. &#8220;Nos centros de vacina\u00e7\u00e3o, caso tenha algu\u00e9m com dificuldade no processo, os profissionais v\u00e3o poder tamb\u00e9m auxiliar no agendamento. Ent\u00e3o, eles v\u00e3o fazer o cadastro e agendamento e assim poder\u00e3o voltar para receber a sua dose,&#8221; detalhou.<\/p>\n<p>Fonte: Folha de Pernambuco<\/p>\n","protected":false},"excerpt":{"rendered":"<p>Dando continuidade ao plano de vacina\u00e7\u00e3o na cidade do Recife, a Prefeitura da Cidade iniciou, na manh\u00e3 desta quarta-feira (27), a imuniza\u00e7\u00e3o de idosos com idade igual ou superior a 85 anos. S\u00e3o nove centros de vacina\u00e7\u00e3o, totalizando 65 salas de vacina, al\u00e9m de tr\u00eas pontos de drive-thru para contemplar moradores de todas as \u00e1reas [&hellip;]<\/p>\n","protected":false},"author":1,"featured_media":0,"comment_status":"open","ping_status":"open","sticky":false,"template":"","format":"standard","meta":{"ocean_post_layout":"","ocean_both_sidebars_style":"","ocean_both_sidebars_content_width":0,"ocean_both_sidebars_sidebars_width":0,"ocean_sidebar":"","ocean_second_sidebar":"","ocean_disable_margins":"enable","ocean_add_body_class":"","ocean_shortcode_before_top_bar":"","ocean_shortcode_after_top_bar":"","ocean_shortcode_before_header":"","ocean_shortcode_after_header":"","ocean_has_shortcode":"","ocean_shortcode_after_title":"","ocean_shortcode_before_footer_widgets":"","ocean_shortcode_after_footer_widgets":"","ocean_shortcode_before_footer_bottom":"","ocean_shortcode_after_footer_bottom":"","ocean_display_top_bar":"default","ocean_display_header":"default","ocean_header_style":"","ocean_center_header_left_menu":"","ocean_custom_header_template":"","ocean_custom_logo":0,"ocean_custom_retina_logo":0,"ocean_custom_logo_max_width":0,"ocean_custom_logo_tablet_max_width":0,"ocean_custom_logo_mobile_max_width":0,"ocean_custom_logo_max_height":0,"ocean_custom_logo_tablet_max_height":0,"ocean_custom_logo_mobile_max_height":0,"ocean_header_custom_menu":"","ocean_menu_typo_font_family":"","ocean_menu_typo_font_subset":"","ocean_menu_typo_font_size":0,"ocean_menu_typo_font_size_tablet":0,"ocean_menu_typo_font_size_mobile":0,"ocean_menu_typo_font_size_unit":"px","ocean_menu_typo_font_weight":"","ocean_menu_typo_font_weight_tablet":"","ocean_menu_typo_font_weight_mobile":"","ocean_menu_typo_transform":"","ocean_menu_typo_transform_tablet":"","ocean_menu_typo_transform_mobile":"","ocean_menu_typo_line_height":0,"ocean_menu_typo_line_height_tablet":0,"ocean_menu_typo_line_height_mobile":0,"ocean_menu_typo_line_height_unit":"","ocean_menu_typo_spacing":0,"ocean_menu_typo_spacing_tablet":0,"ocean_menu_typo_spacing_mobile":0,"ocean_menu_typo_spacing_unit":"","ocean_menu_link_color":"","ocean_menu_link_color_hover":"","ocean_menu_link_color_active":"","ocean_menu_link_background":"","ocean_menu_link_hover_background":"","ocean_menu_link_active_background":"","ocean_menu_social_links_bg":"","ocean_menu_social_hover_links_bg":"","ocean_menu_social_links_color":"","ocean_menu_social_hover_links_color":"","ocean_disable_title":"default","ocean_disable_heading":"default","ocean_post_title":"","ocean_post_subheading":"","ocean_post_title_style":"","ocean_post_title_background_color":"","ocean_post_title_background":0,"ocean_post_title_bg_image_position":"","ocean_post_title_bg_image_attachment":"","ocean_post_title_bg_image_repeat":"","ocean_post_title_bg_image_size":"","ocean_post_title_height":0,"ocean_post_title_bg_overlay":0.5,"ocean_post_title_bg_overlay_color":"","ocean_disable_breadcrumbs":"default","ocean_breadcrumbs_color":"","ocean_breadcrumbs_separator_color":"","ocean_breadcrumbs_links_color":"","ocean_breadcrumbs_links_hover_color":"","ocean_display_footer_widgets":"default","ocean_display_footer_bottom":"default","ocean_custom_footer_template":"","ocean_post_oembed":"","ocean_post_self_hosted_media":"","ocean_post_video_embed":"","ocean_link_format":"","ocean_link_format_target":"self","ocean_quote_format":"","ocean_quote_format_link":"post","ocean_gallery_link_images":"on","ocean_gallery_id":[]},"categories":[9],"tags":[1420,1490,82],"acf":[],"_links":{"self":[{"href":"https:\/\/www.simepe.com.br\/novo\/wp-json\/wp\/v2\/posts\/57289"}],"collection":[{"href":"https:\/\/www.simepe.com.br\/novo\/wp-json\/wp\/v2\/posts"}],"about":[{"href":"https:\/\/www.simepe.com.br\/novo\/wp-json\/wp\/v2\/types\/post"}],"author":[{"embeddable":true,"href":"https:\/\/www.simepe.com.br\/novo\/wp-json\/wp\/v2\/users\/1"}],"replies":[{"embeddable":true,"href":"https:\/\/www.simepe.com.br\/novo\/wp-json\/wp\/v2\/comments?post=57289"}],"version-history":[{"count":1,"href":"https:\/\/www.simepe.com.br\/novo\/wp-json\/wp\/v2\/posts\/57289\/revisions"}],"predecessor-version":[{"id":57294,"href":"https:\/\/www.simepe.com.br\/novo\/wp-json\/wp\/v2\/posts\/57289\/revisions\/57294"}],"wp:attachment":[{"href":"https:\/\/www.simepe.com.br\/novo\/wp-json\/wp\/v2\/media?parent=57289"}],"wp:term":[{"taxonomy":"category","embeddable":true,"href":"https:\/\/www.simepe.com.br\/novo\/wp-json\/wp\/v2\/categories?post=57289"},{"taxonomy":"post_tag","embeddable":true,"href":"https:\/\/www.simepe.com.br\/novo\/wp-json\/wp\/v2\/tags?post=57289"}],"curies":[{"name":"wp","href":"https:\/\/api.w.org\/{rel}","templated":true}]}}