{"id":57349,"date":"2021-01-28T11:33:58","date_gmt":"2021-01-28T14:33:58","guid":{"rendered":"https:\/\/www.simepe.com.br\/novo\/?p=57349"},"modified":"2021-01-28T11:33:58","modified_gmt":"2021-01-28T14:33:58","slug":"covid-19-morre-um-dos-pacientes-transferidos-do-amazonas-para-o-recife","status":"publish","type":"post","link":"https:\/\/www.simepe.com.br\/novo\/covid-19-morre-um-dos-pacientes-transferidos-do-amazonas-para-o-recife\/","title":{"rendered":"Covid-19: morre um dos pacientes transferidos do Amazonas para o Recife"},"content":{"rendered":"<p><em>O Estado j\u00e1 recebeu 26 pessoas, que est\u00e3o internadas no Hospital das Cl\u00ednicas e na unidade de refer\u00eancia de Boa Viagem.<\/em><\/p>\n<p>Um dos pacientes transferidos do Amazonas para Pernambuco nessa\u00a0ter\u00e7a-feira (26), para tratamento da Covid-19, faleceu nesta quarta-feira (27), no Hospital das Cl\u00ednicas, no Recife, ap\u00f3s ter o quadro agravado. A unidade de sa\u00fade divulgar\u00e1, em breve, mais informa\u00e7\u00f5es sobre o caso.<\/p>\n<p>Outros dois pacientes que tamb\u00e9m estavam no HC foram transferidos para a Unidade de Terapia Intensiva (UTI) do Hospital de Refer\u00eancia \u00e0 Covid-19 Unidade Boa Viagem (antigo Alfa).<\/p>\n<p>Os pacientes transferidos para o hospital em Boa Viagem s\u00e3o dois homens, com 53 anos e 42 anos de idade, que est\u00e3o passando por exames de avalia\u00e7\u00e3o e sendo acompanhados pela equipe multiprofissional da unidade. Ambos est\u00e3o conscientes, com quadro de sa\u00fade considerado est\u00e1vel e recebendo suporte de oxigena\u00e7\u00e3o por m\u00e1scara n\u00e3o reinalante.<\/p>\n<p>Ao todo, Pernambuco j\u00e1 recebeu 26 pacientes provenientes do estado do Norte do Pa\u00eds, que vive um colapso em seu sistema de sa\u00fade por causa da pandemia.<\/p>\n<p>O Hospital das Cl\u00ednicas atende, no momento, 12 amazonenses, enquanto o Hospital de Refer\u00eancia \u00e0 Covid-19 Unidade Boa Viagem abriga 13. Al\u00e9m dos dois rec\u00e9m transferidos, os outros 11 amazonenses internados em Boa Viagem tamb\u00e9m s\u00e3o assistidos pela equipe de terapia intensiva da unidade. S\u00e3o oito homens e tr\u00eas mulheres, com idades entre 35 e 64 anos.<\/p>\n<p>Tr\u00eas deles (dois homens e uma mulher) apresentaram piora no quadro cl\u00ednico e precisaram ser intubados. Outros quatro homens e uma mulher est\u00e3o est\u00e1veis, mas recebem suporte de oxigena\u00e7\u00e3o (cateter nasal e m\u00e1scara reinalante).<\/p>\n<p>E h\u00e1 ainda tr\u00eas pacientes que respiram em ar ambiente (sem a ajuda de aparelhos) e evoluem bem clinicamente. Desse grupo, cinco chegaram ao Recife no \u00faltimo s\u00e1bado (23) e seis foram internados na unidade na ter\u00e7a-feira (26).<\/p>\n<p>Fonte: Folha de Pernambuco<\/p>\n","protected":false},"excerpt":{"rendered":"<p>O Estado j\u00e1 recebeu 26 pessoas, que est\u00e3o internadas no Hospital das Cl\u00ednicas e na unidade de refer\u00eancia de Boa Viagem. Um dos pacientes transferidos do Amazonas para Pernambuco nessa\u00a0ter\u00e7a-feira (26), para tratamento da Covid-19, faleceu nesta quarta-feira (27), no Hospital das Cl\u00ednicas, no Recife, ap\u00f3s ter o quadro agravado. A unidade de sa\u00fade divulgar\u00e1, [&hellip;]<\/p>\n","protected":false},"author":1,"featured_media":0,"comment_status":"open","ping_status":"open","sticky":false,"template":"","format":"standard","meta":{"ocean_post_layout":"","ocean_both_sidebars_style":"","ocean_both_sidebars_content_width":0,"ocean_both_sidebars_sidebars_width":0,"ocean_sidebar":"","ocean_second_sidebar":"","ocean_disable_margins":"enable","ocean_add_body_class":"","ocean_shortcode_before_top_bar":"","ocean_shortcode_after_top_bar":"","ocean_shortcode_before_header":"","ocean_shortcode_after_header":"","ocean_has_shortcode":"","ocean_shortcode_after_title":"","ocean_shortcode_before_footer_widgets":"","ocean_shortcode_after_footer_widgets":"","ocean_shortcode_before_footer_bottom":"","ocean_shortcode_after_footer_bottom":"","ocean_display_top_bar":"default","ocean_display_header":"default","ocean_header_style":"","ocean_center_header_left_menu":"","ocean_custom_header_template":"","ocean_custom_logo":0,"ocean_custom_retina_logo":0,"ocean_custom_logo_max_width":0,"ocean_custom_logo_tablet_max_width":0,"ocean_custom_logo_mobile_max_width":0,"ocean_custom_logo_max_height":0,"ocean_custom_logo_tablet_max_height":0,"ocean_custom_logo_mobile_max_height":0,"ocean_header_custom_menu":"","ocean_menu_typo_font_family":"","ocean_menu_typo_font_subset":"","ocean_menu_typo_font_size":0,"ocean_menu_typo_font_size_tablet":0,"ocean_menu_typo_font_size_mobile":0,"ocean_menu_typo_font_size_unit":"px","ocean_menu_typo_font_weight":"","ocean_menu_typo_font_weight_tablet":"","ocean_menu_typo_font_weight_mobile":"","ocean_menu_typo_transform":"","ocean_menu_typo_transform_tablet":"","ocean_menu_typo_transform_mobile":"","ocean_menu_typo_line_height":0,"ocean_menu_typo_line_height_tablet":0,"ocean_menu_typo_line_height_mobile":0,"ocean_menu_typo_line_height_unit":"","ocean_menu_typo_spacing":0,"ocean_menu_typo_spacing_tablet":0,"ocean_menu_typo_spacing_mobile":0,"ocean_menu_typo_spacing_unit":"","ocean_menu_link_color":"","ocean_menu_link_color_hover":"","ocean_menu_link_color_active":"","ocean_menu_link_background":"","ocean_menu_link_hover_background":"","ocean_menu_link_active_background":"","ocean_menu_social_links_bg":"","ocean_menu_social_hover_links_bg":"","ocean_menu_social_links_color":"","ocean_menu_social_hover_links_color":"","ocean_disable_title":"default","ocean_disable_heading":"default","ocean_post_title":"","ocean_post_subheading":"","ocean_post_title_style":"","ocean_post_title_background_color":"","ocean_post_title_background":0,"ocean_post_title_bg_image_position":"","ocean_post_title_bg_image_attachment":"","ocean_post_title_bg_image_repeat":"","ocean_post_title_bg_image_size":"","ocean_post_title_height":0,"ocean_post_title_bg_overlay":0.5,"ocean_post_title_bg_overlay_color":"","ocean_disable_breadcrumbs":"default","ocean_breadcrumbs_color":"","ocean_breadcrumbs_separator_color":"","ocean_breadcrumbs_links_color":"","ocean_breadcrumbs_links_hover_color":"","ocean_display_footer_widgets":"default","ocean_display_footer_bottom":"default","ocean_custom_footer_template":"","ocean_post_oembed":"","ocean_post_self_hosted_media":"","ocean_post_video_embed":"","ocean_link_format":"","ocean_link_format_target":"self","ocean_quote_format":"","ocean_quote_format_link":"post","ocean_gallery_link_images":"on","ocean_gallery_id":[]},"categories":[1],"tags":[],"acf":[],"_links":{"self":[{"href":"https:\/\/www.simepe.com.br\/novo\/wp-json\/wp\/v2\/posts\/57349"}],"collection":[{"href":"https:\/\/www.simepe.com.br\/novo\/wp-json\/wp\/v2\/posts"}],"about":[{"href":"https:\/\/www.simepe.com.br\/novo\/wp-json\/wp\/v2\/types\/post"}],"author":[{"embeddable":true,"href":"https:\/\/www.simepe.com.br\/novo\/wp-json\/wp\/v2\/users\/1"}],"replies":[{"embeddable":true,"href":"https:\/\/www.simepe.com.br\/novo\/wp-json\/wp\/v2\/comments?post=57349"}],"version-history":[{"count":1,"href":"https:\/\/www.simepe.com.br\/novo\/wp-json\/wp\/v2\/posts\/57349\/revisions"}],"predecessor-version":[{"id":57350,"href":"https:\/\/www.simepe.com.br\/novo\/wp-json\/wp\/v2\/posts\/57349\/revisions\/57350"}],"wp:attachment":[{"href":"https:\/\/www.simepe.com.br\/novo\/wp-json\/wp\/v2\/media?parent=57349"}],"wp:term":[{"taxonomy":"category","embeddable":true,"href":"https:\/\/www.simepe.com.br\/novo\/wp-json\/wp\/v2\/categories?post=57349"},{"taxonomy":"post_tag","embeddable":true,"href":"https:\/\/www.simepe.com.br\/novo\/wp-json\/wp\/v2\/tags?post=57349"}],"curies":[{"name":"wp","href":"https:\/\/api.w.org\/{rel}","templated":true}]}}