{"id":57398,"date":"2021-01-29T11:38:18","date_gmt":"2021-01-29T14:38:18","guid":{"rendered":"https:\/\/www.simepe.com.br\/novo\/?p=57398"},"modified":"2021-01-29T11:38:18","modified_gmt":"2021-01-29T14:38:18","slug":"vacinacao-contra-a-covid-19-gera-aglomeracao-e-fila-de-espera-de-mais-de-1h-em-curitiba","status":"publish","type":"post","link":"https:\/\/www.simepe.com.br\/novo\/vacinacao-contra-a-covid-19-gera-aglomeracao-e-fila-de-espera-de-mais-de-1h-em-curitiba\/","title":{"rendered":"Vacina\u00e7\u00e3o contra a Covid-19 gera aglomera\u00e7\u00e3o e fila de espera de mais de 1h em Curitiba"},"content":{"rendered":"<p><em>Segundo entidades que representam os profissionais, durante todo o dia, foram registradas aglomera\u00e7\u00f5es no local, em especial na \u00e1rea externa do pavilh\u00e3o.<\/em><\/p>\n<p>Os profissionais de sa\u00fade de Curitiba se depararam na manh\u00e3 desta quinta-feira (28) com uma fila de mais de uma hora para se vacinar contra a Covid-19 na capital.<\/p>\n<p>Durante todo o dia, a movimenta\u00e7\u00e3o foi intensa na entrada do pavilh\u00e3o do Parque Barigui, apelidado de Pavilh\u00e3o da Cura. Al\u00e9m do tempo de espera, alguns trabalhadores enfrentaram a chuva para se vacinar. Segundo entidades que representam os profissionais, durante todo o dia, foram registradas aglomera\u00e7\u00f5es no local, em especial na \u00e1rea externa do pavilh\u00e3o. A fila de trabalhadores chegou a dar voltas no parque.<\/p>\n<p>Ao contr\u00e1rio de outras capitais, que descentralizaram a aplica\u00e7\u00e3o das doses, este foi o \u00fanico local escolhido pela prefeitura de Curitiba para a vacina\u00e7\u00e3o. Na ter\u00e7a-feira (26), os Minist\u00e9rios P\u00fablicos Federal, Estadual e do Trabalho e as Defensorias P\u00fablicas da Uni\u00e3o e do Estado j\u00e1 haviam chamado a aten\u00e7\u00e3o para a possibilidade de forma\u00e7\u00e3o de aglomera\u00e7\u00f5es no espa\u00e7o.\u00a0Em uma recomenda\u00e7\u00e3o feita ao estado, os \u00f3rg\u00e3os fiscalizadores apontaram ainda que a centraliza\u00e7\u00e3o da vacina\u00e7\u00e3o em um \u00fanico lugar pode dificultar o comparecimento do p\u00fablico-alvo da campanha, al\u00e9m de superlotar as linhas de transporte p\u00fablico que levam ao pavilh\u00e3o, tornando menos c\u00e9lere o processo de imuniza\u00e7\u00e3o dos trabalhadores da sa\u00fade.<\/p>\n<p>Segundo a secret\u00e1ria municipal de Sa\u00fade, M\u00e1rcia Hu\u00e7ulak, o objetivo da centraliza\u00e7\u00e3o da campanha \u00e9 &#8220;otimizar e melhorar o controle&#8221; sobre a vacina\u00e7\u00e3o, al\u00e9m de evitar o poss\u00edvel desvio de doses dos imunizantes. Em Curitiba, a vacina\u00e7\u00e3o contra a Covid-19 come\u00e7ou no dia 20 de janeiro depois que a cidade recebeu 23.160 doses da Coronavac, produzida pelo Instituto Butantan. At\u00e9 esta quinta-feira, 10.537 pessoas receberam o imunizante na capital.<\/p>\n<p>Ap\u00f3s o registro de aglomera\u00e7\u00f5es, a prefeitura informou que, devido ao grande movimento, fechou o acesso ao parque no final da tarde desta quinta e que, aqueles que tinham hor\u00e1rios agendados para o per\u00edodo da noite, n\u00e3o devem se dirigir ao local. Em nota, a prefeitura informou que, na quarta-feira (27), 50% dos profissionais que receberiam as vacinas n\u00e3o compareceram ao pavilh\u00e3o e que, por isso, a Secretaria de Sa\u00fade fez contato com alguns hospitais da cidade para encaminhamento escalonado de equipes ao local.<\/p>\n<p>A prefeitura informou ainda que est\u00e1 organizando &#8220;um processo&#8221; a ser adotado nos pr\u00f3ximos dias e que cada hospital deve organizar os grupos de trabalhadores por hor\u00e1rio. Os nomes devem constar em listagem anterior j\u00e1 enviada \u00e0 secretaria de sa\u00fade. N\u00e3o \u00e9 permitida a busca direta pela vacina\u00e7\u00e3o. Neste momento, o foco da campanha \u00e9 em torno de profissionais da sa\u00fade e dos setores de alimenta\u00e7\u00e3o, higiene e manuten\u00e7\u00e3o dos hospitais, segundo o \u00f3rg\u00e3o. H\u00e1 uma linha especial de transporte dos trabalhadores do terminal de \u00f4nibus mais pr\u00f3ximo do local at\u00e9 o pavilh\u00e3o, que funciona de segunda a s\u00e1bado, das 7h30 \u00e0s 20h30.<\/p>\n<p>Fonte: Folha de Pernambuco<\/p>\n","protected":false},"excerpt":{"rendered":"<p>Segundo entidades que representam os profissionais, durante todo o dia, foram registradas aglomera\u00e7\u00f5es no local, em especial na \u00e1rea externa do pavilh\u00e3o. Os profissionais de sa\u00fade de Curitiba se depararam na manh\u00e3 desta quinta-feira (28) com uma fila de mais de uma hora para se vacinar contra a Covid-19 na capital. Durante todo o dia, [&hellip;]<\/p>\n","protected":false},"author":1,"featured_media":0,"comment_status":"open","ping_status":"open","sticky":false,"template":"","format":"standard","meta":{"ocean_post_layout":"","ocean_both_sidebars_style":"","ocean_both_sidebars_content_width":0,"ocean_both_sidebars_sidebars_width":0,"ocean_sidebar":"","ocean_second_sidebar":"","ocean_disable_margins":"enable","ocean_add_body_class":"","ocean_shortcode_before_top_bar":"","ocean_shortcode_after_top_bar":"","ocean_shortcode_before_header":"","ocean_shortcode_after_header":"","ocean_has_shortcode":"","ocean_shortcode_after_title":"","ocean_shortcode_before_footer_widgets":"","ocean_shortcode_after_footer_widgets":"","ocean_shortcode_before_footer_bottom":"","ocean_shortcode_after_footer_bottom":"","ocean_display_top_bar":"default","ocean_display_header":"default","ocean_header_style":"","ocean_center_header_left_menu":"","ocean_custom_header_template":"","ocean_custom_logo":0,"ocean_custom_retina_logo":0,"ocean_custom_logo_max_width":0,"ocean_custom_logo_tablet_max_width":0,"ocean_custom_logo_mobile_max_width":0,"ocean_custom_logo_max_height":0,"ocean_custom_logo_tablet_max_height":0,"ocean_custom_logo_mobile_max_height":0,"ocean_header_custom_menu":"","ocean_menu_typo_font_family":"","ocean_menu_typo_font_subset":"","ocean_menu_typo_font_size":0,"ocean_menu_typo_font_size_tablet":0,"ocean_menu_typo_font_size_mobile":0,"ocean_menu_typo_font_size_unit":"px","ocean_menu_typo_font_weight":"","ocean_menu_typo_font_weight_tablet":"","ocean_menu_typo_font_weight_mobile":"","ocean_menu_typo_transform":"","ocean_menu_typo_transform_tablet":"","ocean_menu_typo_transform_mobile":"","ocean_menu_typo_line_height":0,"ocean_menu_typo_line_height_tablet":0,"ocean_menu_typo_line_height_mobile":0,"ocean_menu_typo_line_height_unit":"","ocean_menu_typo_spacing":0,"ocean_menu_typo_spacing_tablet":0,"ocean_menu_typo_spacing_mobile":0,"ocean_menu_typo_spacing_unit":"","ocean_menu_link_color":"","ocean_menu_link_color_hover":"","ocean_menu_link_color_active":"","ocean_menu_link_background":"","ocean_menu_link_hover_background":"","ocean_menu_link_active_background":"","ocean_menu_social_links_bg":"","ocean_menu_social_hover_links_bg":"","ocean_menu_social_links_color":"","ocean_menu_social_hover_links_color":"","ocean_disable_title":"default","ocean_disable_heading":"default","ocean_post_title":"","ocean_post_subheading":"","ocean_post_title_style":"","ocean_post_title_background_color":"","ocean_post_title_background":0,"ocean_post_title_bg_image_position":"","ocean_post_title_bg_image_attachment":"","ocean_post_title_bg_image_repeat":"","ocean_post_title_bg_image_size":"","ocean_post_title_height":0,"ocean_post_title_bg_overlay":0.5,"ocean_post_title_bg_overlay_color":"","ocean_disable_breadcrumbs":"default","ocean_breadcrumbs_color":"","ocean_breadcrumbs_separator_color":"","ocean_breadcrumbs_links_color":"","ocean_breadcrumbs_links_hover_color":"","ocean_display_footer_widgets":"default","ocean_display_footer_bottom":"default","ocean_custom_footer_template":"","ocean_post_oembed":"","ocean_post_self_hosted_media":"","ocean_post_video_embed":"","ocean_link_format":"","ocean_link_format_target":"self","ocean_quote_format":"","ocean_quote_format_link":"post","ocean_gallery_link_images":"on","ocean_gallery_id":[]},"categories":[9],"tags":[1420,1490,82],"acf":[],"_links":{"self":[{"href":"https:\/\/www.simepe.com.br\/novo\/wp-json\/wp\/v2\/posts\/57398"}],"collection":[{"href":"https:\/\/www.simepe.com.br\/novo\/wp-json\/wp\/v2\/posts"}],"about":[{"href":"https:\/\/www.simepe.com.br\/novo\/wp-json\/wp\/v2\/types\/post"}],"author":[{"embeddable":true,"href":"https:\/\/www.simepe.com.br\/novo\/wp-json\/wp\/v2\/users\/1"}],"replies":[{"embeddable":true,"href":"https:\/\/www.simepe.com.br\/novo\/wp-json\/wp\/v2\/comments?post=57398"}],"version-history":[{"count":1,"href":"https:\/\/www.simepe.com.br\/novo\/wp-json\/wp\/v2\/posts\/57398\/revisions"}],"predecessor-version":[{"id":57399,"href":"https:\/\/www.simepe.com.br\/novo\/wp-json\/wp\/v2\/posts\/57398\/revisions\/57399"}],"wp:attachment":[{"href":"https:\/\/www.simepe.com.br\/novo\/wp-json\/wp\/v2\/media?parent=57398"}],"wp:term":[{"taxonomy":"category","embeddable":true,"href":"https:\/\/www.simepe.com.br\/novo\/wp-json\/wp\/v2\/categories?post=57398"},{"taxonomy":"post_tag","embeddable":true,"href":"https:\/\/www.simepe.com.br\/novo\/wp-json\/wp\/v2\/tags?post=57398"}],"curies":[{"name":"wp","href":"https:\/\/api.w.org\/{rel}","templated":true}]}}