{"id":57451,"date":"2021-02-01T11:07:39","date_gmt":"2021-02-01T14:07:39","guid":{"rendered":"https:\/\/www.simepe.com.br\/novo\/?p=57451"},"modified":"2021-02-01T11:07:39","modified_gmt":"2021-02-01T14:07:39","slug":"prefeitura-de-caruaru-convoca-aprovados-na-selecao-de-saude","status":"publish","type":"post","link":"https:\/\/www.simepe.com.br\/novo\/prefeitura-de-caruaru-convoca-aprovados-na-selecao-de-saude\/","title":{"rendered":"Prefeitura de Caruaru convoca aprovados na sele\u00e7\u00e3o de sa\u00fade"},"content":{"rendered":"<p><em>Profissionais devem se apresentar a partir desta segunda-feira (1\u00b0) na Secretaria de Sa\u00fade do munic\u00edpio.<\/em><\/p>\n<p>A Secretaria de Sa\u00fade de Caruaru, no Agreste de Pernambuco est\u00e1 convocando os profissionais aprovados na sele\u00e7\u00e3o de sa\u00fade nos n\u00edveis fundamental, m\u00e9dio, superior e de m\u00e9dico. Eles devem se apresentar a partir desta segunda-feira (1\u00ba) para confer\u00eancia da documenta\u00e7\u00e3o e recebimento da carta de apresenta\u00e7\u00e3o.<\/p>\n<p>a segunda (1\u00b0) devem se apresentar os profissionais do n\u00edvel m\u00e9dio\/t\u00e9cnico, na ter\u00e7a-feira (2), os de n\u00edvel fundamental, com as devidas comprova\u00e7\u00f5es de experi\u00eancias profissionais e cursos extracurriculares, apresentados no momento da inscri\u00e7\u00e3o; e, na quarta-feira (3), os do n\u00edvel superior e os m\u00e9dicos.<\/p>\n<p>Os profissionais convocados precisam comparecer \u00e0 Secretaria de Sa\u00fade, localizada na Avenida Vera Cruz, 654, Bairro S\u00e3o Francisco. O hor\u00e1rio da apresenta\u00e7\u00e3o pode ser conferido no Di\u00e1rio Oficial do munic\u00edpio, publicado na sexta-feira (29).<\/p>\n<p><strong>Documenta\u00e7\u00e3o necess\u00e1ria<\/strong><br \/>\nPara a apresenta\u00e7\u00e3o, \u00e9 preciso levar original e c\u00f3pia dos seguintes documentos:<\/p>\n<p>&#8211; RG, com data da expedi\u00e7\u00e3o;<br \/>\n&#8211; CPF; n\u00famero do PIS ou Pasep;<br \/>\n&#8211; Certid\u00e3o de quita\u00e7\u00e3o eleitoral emitido pelo Tribunal Superior Eleitoral;<br \/>\n&#8211; Quita\u00e7\u00e3o do servi\u00e7o militar (se do sexo masculino);<br \/>\n&#8211; Carteira Profissional (p\u00e1gina da foto frente e verso e a p\u00e1gina da qualifica\u00e7\u00e3o civil);<br \/>\n&#8211; Comprovante de resid\u00eancia e uma foto 3&#215;4 recente.<\/p>\n<p>Caso o candidato n\u00e3o compare\u00e7a na data prevista, ser\u00e1 considerado desistente do processo seletivo.<\/p>\n<p>Fonte: NE10<\/p>\n","protected":false},"excerpt":{"rendered":"<p>Profissionais devem se apresentar a partir desta segunda-feira (1\u00b0) na Secretaria de Sa\u00fade do munic\u00edpio. A Secretaria de Sa\u00fade de Caruaru, no Agreste de Pernambuco est\u00e1 convocando os profissionais aprovados na sele\u00e7\u00e3o de sa\u00fade nos n\u00edveis fundamental, m\u00e9dio, superior e de m\u00e9dico. Eles devem se apresentar a partir desta segunda-feira (1\u00ba) para confer\u00eancia da documenta\u00e7\u00e3o [&hellip;]<\/p>\n","protected":false},"author":1,"featured_media":0,"comment_status":"open","ping_status":"open","sticky":false,"template":"","format":"standard","meta":{"ocean_post_layout":"","ocean_both_sidebars_style":"","ocean_both_sidebars_content_width":0,"ocean_both_sidebars_sidebars_width":0,"ocean_sidebar":"","ocean_second_sidebar":"","ocean_disable_margins":"enable","ocean_add_body_class":"","ocean_shortcode_before_top_bar":"","ocean_shortcode_after_top_bar":"","ocean_shortcode_before_header":"","ocean_shortcode_after_header":"","ocean_has_shortcode":"","ocean_shortcode_after_title":"","ocean_shortcode_before_footer_widgets":"","ocean_shortcode_after_footer_widgets":"","ocean_shortcode_before_footer_bottom":"","ocean_shortcode_after_footer_bottom":"","ocean_display_top_bar":"default","ocean_display_header":"default","ocean_header_style":"","ocean_center_header_left_menu":"","ocean_custom_header_template":"","ocean_custom_logo":0,"ocean_custom_retina_logo":0,"ocean_custom_logo_max_width":0,"ocean_custom_logo_tablet_max_width":0,"ocean_custom_logo_mobile_max_width":0,"ocean_custom_logo_max_height":0,"ocean_custom_logo_tablet_max_height":0,"ocean_custom_logo_mobile_max_height":0,"ocean_header_custom_menu":"","ocean_menu_typo_font_family":"","ocean_menu_typo_font_subset":"","ocean_menu_typo_font_size":0,"ocean_menu_typo_font_size_tablet":0,"ocean_menu_typo_font_size_mobile":0,"ocean_menu_typo_font_size_unit":"px","ocean_menu_typo_font_weight":"","ocean_menu_typo_font_weight_tablet":"","ocean_menu_typo_font_weight_mobile":"","ocean_menu_typo_transform":"","ocean_menu_typo_transform_tablet":"","ocean_menu_typo_transform_mobile":"","ocean_menu_typo_line_height":0,"ocean_menu_typo_line_height_tablet":0,"ocean_menu_typo_line_height_mobile":0,"ocean_menu_typo_line_height_unit":"","ocean_menu_typo_spacing":0,"ocean_menu_typo_spacing_tablet":0,"ocean_menu_typo_spacing_mobile":0,"ocean_menu_typo_spacing_unit":"","ocean_menu_link_color":"","ocean_menu_link_color_hover":"","ocean_menu_link_color_active":"","ocean_menu_link_background":"","ocean_menu_link_hover_background":"","ocean_menu_link_active_background":"","ocean_menu_social_links_bg":"","ocean_menu_social_hover_links_bg":"","ocean_menu_social_links_color":"","ocean_menu_social_hover_links_color":"","ocean_disable_title":"default","ocean_disable_heading":"default","ocean_post_title":"","ocean_post_subheading":"","ocean_post_title_style":"","ocean_post_title_background_color":"","ocean_post_title_background":0,"ocean_post_title_bg_image_position":"","ocean_post_title_bg_image_attachment":"","ocean_post_title_bg_image_repeat":"","ocean_post_title_bg_image_size":"","ocean_post_title_height":0,"ocean_post_title_bg_overlay":0.5,"ocean_post_title_bg_overlay_color":"","ocean_disable_breadcrumbs":"default","ocean_breadcrumbs_color":"","ocean_breadcrumbs_separator_color":"","ocean_breadcrumbs_links_color":"","ocean_breadcrumbs_links_hover_color":"","ocean_display_footer_widgets":"default","ocean_display_footer_bottom":"default","ocean_custom_footer_template":"","ocean_post_oembed":"","ocean_post_self_hosted_media":"","ocean_post_video_embed":"","ocean_link_format":"","ocean_link_format_target":"self","ocean_quote_format":"","ocean_quote_format_link":"post","ocean_gallery_link_images":"on","ocean_gallery_id":[]},"categories":[9],"tags":[1420,1490,82],"acf":[],"_links":{"self":[{"href":"https:\/\/www.simepe.com.br\/novo\/wp-json\/wp\/v2\/posts\/57451"}],"collection":[{"href":"https:\/\/www.simepe.com.br\/novo\/wp-json\/wp\/v2\/posts"}],"about":[{"href":"https:\/\/www.simepe.com.br\/novo\/wp-json\/wp\/v2\/types\/post"}],"author":[{"embeddable":true,"href":"https:\/\/www.simepe.com.br\/novo\/wp-json\/wp\/v2\/users\/1"}],"replies":[{"embeddable":true,"href":"https:\/\/www.simepe.com.br\/novo\/wp-json\/wp\/v2\/comments?post=57451"}],"version-history":[{"count":1,"href":"https:\/\/www.simepe.com.br\/novo\/wp-json\/wp\/v2\/posts\/57451\/revisions"}],"predecessor-version":[{"id":57452,"href":"https:\/\/www.simepe.com.br\/novo\/wp-json\/wp\/v2\/posts\/57451\/revisions\/57452"}],"wp:attachment":[{"href":"https:\/\/www.simepe.com.br\/novo\/wp-json\/wp\/v2\/media?parent=57451"}],"wp:term":[{"taxonomy":"category","embeddable":true,"href":"https:\/\/www.simepe.com.br\/novo\/wp-json\/wp\/v2\/categories?post=57451"},{"taxonomy":"post_tag","embeddable":true,"href":"https:\/\/www.simepe.com.br\/novo\/wp-json\/wp\/v2\/tags?post=57451"}],"curies":[{"name":"wp","href":"https:\/\/api.w.org\/{rel}","templated":true}]}}