{"id":57511,"date":"2021-02-03T10:21:01","date_gmt":"2021-02-03T13:21:01","guid":{"rendered":"https:\/\/www.simepe.com.br\/novo\/?p=57511"},"modified":"2021-02-03T10:21:01","modified_gmt":"2021-02-03T13:21:01","slug":"recife-anuncia-mais-um-grupo-de-trabalhadores-da-saude-a-ser-imunizado-contra-a-covid-19","status":"publish","type":"post","link":"https:\/\/www.simepe.com.br\/novo\/recife-anuncia-mais-um-grupo-de-trabalhadores-da-saude-a-ser-imunizado-contra-a-covid-19\/","title":{"rendered":"Recife anuncia mais um grupo de trabalhadores da sa\u00fade a ser imunizado contra a Covid-19"},"content":{"rendered":"<p>O prefeito Jo\u00e3o Campos anunciou, na manh\u00e3 desta quarta-feira (3), um novo grupo de trabalhadores da sa\u00fade a ser imunizado contra a Covid-19 no Recife. Todos os trabalhadores de UTI, de centros de quimioterapia, das policl\u00ednicas, das maternidades e das \u00e1reas de transplante renal, cirurgia cardiovascular e cirurgia neurol\u00f3gica ser\u00e3o o foco da nova fase da campanha para vacina\u00e7\u00e3o. O agendamento da vacina\u00e7\u00e3o dos profissionais inclu\u00eddos come\u00e7a a partir desta quarta e a imuniza\u00e7\u00e3o pode ser realizada j\u00e1 nesta quinta-feira (4).<\/p>\n<p>O novo an\u00fancio foi feito na entrega da Pra\u00e7a da \u00c1rvore, no Compaz Governador Eduardo Campos, na manh\u00e3 desta quarta-feira. A vacina\u00e7\u00e3o dos novos profissionais deve acontecer a partir desta quinta-feira, em um dos nove centros de vacina\u00e7\u00e3o da cidade. Para conseguir agendar a primeira dose do imunizante, o profissional deve portar uma autoriza\u00e7\u00e3o da unidade de sa\u00fade em que trabalha, confirmando sua \u00e1rea. &#8220;Todas as institui\u00e7\u00f5es de sa\u00fade da cidade j\u00e1 est\u00e3o sendo contactadas pela prefeitura. Foram feitas reuni\u00f5es ao longo deste final de semana para poder garantir que todos esses trabalhadores ter\u00e3o o certificado recebido pela institui\u00e7\u00e3o para poder fazer a vacina\u00e7\u00e3o&#8221;, informou o prefeito Jo\u00e3o Campos.<\/p>\n<p>De acordo com o gestor, devem ser vacinados cerca de 15 mil trabalhadores. &#8220;A expectativa \u00e9 de que n\u00f3s tenhamos mais de 15 mil profissionais nestes grupos que poder\u00e3o j\u00e1 receber a primeira dose da vacina\u00e7\u00e3o&#8221;, contou o prefeito. Jo\u00e3o ressaltou que est\u00e1 sendo seguida a ordem de vacina\u00e7\u00e3o que, neste primeiro momento, busca imunizar idosos e profissionais da sa\u00fade. &#8220;Essa decis\u00e3o visa a gente poder dar mais um passo e ampliar a prote\u00e7\u00e3o dos trabalhadores da sa\u00fade da nossa cidade&#8221;, contou sobre o an\u00fancio desta quarta.<\/p>\n<p>Fonte: Folha de Pernambuco<\/p>\n<p>&nbsp;<\/p>\n","protected":false},"excerpt":{"rendered":"<p>O prefeito Jo\u00e3o Campos anunciou, na manh\u00e3 desta quarta-feira (3), um novo grupo de trabalhadores da sa\u00fade a ser imunizado contra a Covid-19 no Recife. Todos os trabalhadores de UTI, de centros de quimioterapia, das policl\u00ednicas, das maternidades e das \u00e1reas de transplante renal, cirurgia cardiovascular e cirurgia neurol\u00f3gica ser\u00e3o o foco da nova fase [&hellip;]<\/p>\n","protected":false},"author":1,"featured_media":0,"comment_status":"open","ping_status":"open","sticky":false,"template":"","format":"standard","meta":{"ocean_post_layout":"","ocean_both_sidebars_style":"","ocean_both_sidebars_content_width":0,"ocean_both_sidebars_sidebars_width":0,"ocean_sidebar":"","ocean_second_sidebar":"","ocean_disable_margins":"enable","ocean_add_body_class":"","ocean_shortcode_before_top_bar":"","ocean_shortcode_after_top_bar":"","ocean_shortcode_before_header":"","ocean_shortcode_after_header":"","ocean_has_shortcode":"","ocean_shortcode_after_title":"","ocean_shortcode_before_footer_widgets":"","ocean_shortcode_after_footer_widgets":"","ocean_shortcode_before_footer_bottom":"","ocean_shortcode_after_footer_bottom":"","ocean_display_top_bar":"default","ocean_display_header":"default","ocean_header_style":"","ocean_center_header_left_menu":"","ocean_custom_header_template":"","ocean_custom_logo":0,"ocean_custom_retina_logo":0,"ocean_custom_logo_max_width":0,"ocean_custom_logo_tablet_max_width":0,"ocean_custom_logo_mobile_max_width":0,"ocean_custom_logo_max_height":0,"ocean_custom_logo_tablet_max_height":0,"ocean_custom_logo_mobile_max_height":0,"ocean_header_custom_menu":"","ocean_menu_typo_font_family":"","ocean_menu_typo_font_subset":"","ocean_menu_typo_font_size":0,"ocean_menu_typo_font_size_tablet":0,"ocean_menu_typo_font_size_mobile":0,"ocean_menu_typo_font_size_unit":"px","ocean_menu_typo_font_weight":"","ocean_menu_typo_font_weight_tablet":"","ocean_menu_typo_font_weight_mobile":"","ocean_menu_typo_transform":"","ocean_menu_typo_transform_tablet":"","ocean_menu_typo_transform_mobile":"","ocean_menu_typo_line_height":0,"ocean_menu_typo_line_height_tablet":0,"ocean_menu_typo_line_height_mobile":0,"ocean_menu_typo_line_height_unit":"","ocean_menu_typo_spacing":0,"ocean_menu_typo_spacing_tablet":0,"ocean_menu_typo_spacing_mobile":0,"ocean_menu_typo_spacing_unit":"","ocean_menu_link_color":"","ocean_menu_link_color_hover":"","ocean_menu_link_color_active":"","ocean_menu_link_background":"","ocean_menu_link_hover_background":"","ocean_menu_link_active_background":"","ocean_menu_social_links_bg":"","ocean_menu_social_hover_links_bg":"","ocean_menu_social_links_color":"","ocean_menu_social_hover_links_color":"","ocean_disable_title":"default","ocean_disable_heading":"default","ocean_post_title":"","ocean_post_subheading":"","ocean_post_title_style":"","ocean_post_title_background_color":"","ocean_post_title_background":0,"ocean_post_title_bg_image_position":"","ocean_post_title_bg_image_attachment":"","ocean_post_title_bg_image_repeat":"","ocean_post_title_bg_image_size":"","ocean_post_title_height":0,"ocean_post_title_bg_overlay":0.5,"ocean_post_title_bg_overlay_color":"","ocean_disable_breadcrumbs":"default","ocean_breadcrumbs_color":"","ocean_breadcrumbs_separator_color":"","ocean_breadcrumbs_links_color":"","ocean_breadcrumbs_links_hover_color":"","ocean_display_footer_widgets":"default","ocean_display_footer_bottom":"default","ocean_custom_footer_template":"","ocean_post_oembed":"","ocean_post_self_hosted_media":"","ocean_post_video_embed":"","ocean_link_format":"","ocean_link_format_target":"self","ocean_quote_format":"","ocean_quote_format_link":"post","ocean_gallery_link_images":"on","ocean_gallery_id":[]},"categories":[9],"tags":[1420,1490,82],"acf":[],"_links":{"self":[{"href":"https:\/\/www.simepe.com.br\/novo\/wp-json\/wp\/v2\/posts\/57511"}],"collection":[{"href":"https:\/\/www.simepe.com.br\/novo\/wp-json\/wp\/v2\/posts"}],"about":[{"href":"https:\/\/www.simepe.com.br\/novo\/wp-json\/wp\/v2\/types\/post"}],"author":[{"embeddable":true,"href":"https:\/\/www.simepe.com.br\/novo\/wp-json\/wp\/v2\/users\/1"}],"replies":[{"embeddable":true,"href":"https:\/\/www.simepe.com.br\/novo\/wp-json\/wp\/v2\/comments?post=57511"}],"version-history":[{"count":1,"href":"https:\/\/www.simepe.com.br\/novo\/wp-json\/wp\/v2\/posts\/57511\/revisions"}],"predecessor-version":[{"id":57512,"href":"https:\/\/www.simepe.com.br\/novo\/wp-json\/wp\/v2\/posts\/57511\/revisions\/57512"}],"wp:attachment":[{"href":"https:\/\/www.simepe.com.br\/novo\/wp-json\/wp\/v2\/media?parent=57511"}],"wp:term":[{"taxonomy":"category","embeddable":true,"href":"https:\/\/www.simepe.com.br\/novo\/wp-json\/wp\/v2\/categories?post=57511"},{"taxonomy":"post_tag","embeddable":true,"href":"https:\/\/www.simepe.com.br\/novo\/wp-json\/wp\/v2\/tags?post=57511"}],"curies":[{"name":"wp","href":"https:\/\/api.w.org\/{rel}","templated":true}]}}