{"id":57519,"date":"2021-02-03T10:36:22","date_gmt":"2021-02-03T13:36:22","guid":{"rendered":"https:\/\/www.simepe.com.br\/novo\/?p=57519"},"modified":"2021-02-03T10:36:22","modified_gmt":"2021-02-03T13:36:22","slug":"morre-terceiro-paciente-com-covid-transferido-de-manaus-para-o-recife","status":"publish","type":"post","link":"https:\/\/www.simepe.com.br\/novo\/morre-terceiro-paciente-com-covid-transferido-de-manaus-para-o-recife\/","title":{"rendered":"Morre terceiro paciente com Covid transferido de Manaus para o Recife"},"content":{"rendered":"<p><em>Outros dois receberam alta m\u00e9dica; permanecem internados no hospital universit\u00e1rio tr\u00eas pacientes.<\/em><\/p>\n<p>Morreu, na tarde desta ter\u00e7a-feira (2), a terceira paciente com Covid-19 transferida de Manaus para o Recife ap\u00f3s o colapso da sa\u00fade na capital do Amazonas. Segundo o Hospital das Cl\u00ednicas da Universidade Federal de Pernambuco (HC\/UFPE), a v\u00edtima \u00e9 uma mulher de 53 anos. A mulher chegou ao hospital no dia 26 e estava internada na Unidade de Terapia Intensiva (UTI), mas n\u00e3o resistiu. &#8220;O HC-UFPE e a Rede Ebserh se solidarizam pela perda. O HC continuar\u00e1 sua atua\u00e7\u00e3o comprometida no enfrentamento da Covid-19 e reitera o empenho de todos os profissionais envolvidos&#8221;, lamentou o hospital, em comunicado oficial.<\/p>\n<p>Anteriormente, foram registradas duas mortes entre os 26 pacientes que o Estado recebeu do Amazonas. A primeira morte ocorreu em 27 de janeiro, a de um homem de 50 anos internado no HC\/UFPE. O segundo \u00f3bito foi de um homem de 64 anos, no Hospital de Refer\u00eancia \u00e0 Covid-19 Unidade Boa Viagem, administrada pelo Governo do Estado.<\/p>\n<p><strong>Altas<\/strong><br \/>\nOutros dois pacientes transferidos de Manaus receberam alta m\u00e9dica do HC nesta ter\u00e7a-feira. De acordo com o hospital universit\u00e1rio, ambos viajam nesta noite de volta para a capital do Amazonas, em voo comercial. Ao todo, o Amazonas j\u00e1 encaminhou mais de 400 pacientes para outras unidades federativas. A professora Damiana da Costa Leite, 45 anos, e o vigilante Pedro Jos\u00e9 Feliz \u00c1vila, 59 anos, foram os dois que receberam alta nesta ter\u00e7a-feira. Damiana chegou ao hospital, filial da Empresa Brasileira de Servi\u00e7os Hospitalares (Ebserh), estatal vinculada ao Minist\u00e9rio da Educa\u00e7\u00e3o, em 26 de janeiro. J\u00e1 Pedro foi internado em 23 de janeiro. &#8220;Ambos chegaram ao hospital com muita dificuldade para respirar e ficaram internados na Enfermaria de Doen\u00e7as Infecciosas e Parasit\u00e1rias (DIP)&#8221;, informou o HC\/UFPE, em comunicado oficial.<\/p>\n<p>Para Damiana, este \u00e9 um momento de vit\u00f3ria e tamb\u00e9m de muita alegria. \u201c\u00c9 um al\u00edvio poder voltar para a minha casa, encontrar a minha fam\u00edlia e os meus filhos. Eu passei por momentos muito dif\u00edceis. Achei que n\u00e3o iria resistir, mas gra\u00e7as a Deus e a essa equipe do HC de Pernambuco, eu estou curada e vou poder voltar para a minha casa. Estou muito feliz e grata\u201d, afirmou.<\/p>\n<p>&#8220;Gostaria que todas as pessoas que est\u00e3o Covid-19 no Amazonas pudessem ter essa mesma oportunidade e esse mesmo tratamento&#8221;, completou a professora. Com a alta dos dois, subiu para oito o total de pacientes vindos de Manaus recuperados clinicamente da doen\u00e7a do coronav\u00edrus Sars-CoV-2. Segundo balan\u00e7o do HC\/UFPE, outros seis foram liberados entre o s\u00e1bado (30) e a segunda-feira (1\u00ba). Atualmente, conforme dados do Hospital das Cl\u00ednicas, est\u00e3o internados tr\u00eas pacientes vindos de Manaus. Dois est\u00e3o na UTI e um na enfermaria de DIP.<\/p>\n<p><strong>Hospital de Refer\u00eancia \u00e0 Covid-19<\/strong><br \/>\nAl\u00e9m do Hospital das Cl\u00ednicas, pacientes de Manaus foram internados no Hospital de Refer\u00eancia \u00e0 Covid-19 (antigo Alfa), localizado em Boa Viagem, na Zona Sul do Recife. Na segunda-feira, segundo \u00faltimo balan\u00e7o da Secretaria Estadual de Sa\u00fade (SES-PE), tr\u00eas pacientes receberam alta e puderam voltar ao Amazonas. O boletim indica que ainda permanecem internados na unidade nove pacientes, que apresentam quadro geral de sa\u00fade est\u00e1vel e est\u00e3o sendo monitorados em leitos de UTI. &#8220;Dos que est\u00e3o na UTI, dois respiram sem a ajuda de aparelhos e outros tr\u00eas usam dispositivos de oxigena\u00e7\u00e3o para auxiliar na respira\u00e7\u00e3o. Todos est\u00e3o conscientes e orientados&#8221;, segundo a SES-PE.<\/p>\n<p>Fonte: Folha de Pernambuco<\/p>\n","protected":false},"excerpt":{"rendered":"<p>Outros dois receberam alta m\u00e9dica; permanecem internados no hospital universit\u00e1rio tr\u00eas pacientes. Morreu, na tarde desta ter\u00e7a-feira (2), a terceira paciente com Covid-19 transferida de Manaus para o Recife ap\u00f3s o colapso da sa\u00fade na capital do Amazonas. Segundo o Hospital das Cl\u00ednicas da Universidade Federal de Pernambuco (HC\/UFPE), a v\u00edtima \u00e9 uma mulher de [&hellip;]<\/p>\n","protected":false},"author":1,"featured_media":0,"comment_status":"open","ping_status":"open","sticky":false,"template":"","format":"standard","meta":{"ocean_post_layout":"","ocean_both_sidebars_style":"","ocean_both_sidebars_content_width":0,"ocean_both_sidebars_sidebars_width":0,"ocean_sidebar":"","ocean_second_sidebar":"","ocean_disable_margins":"enable","ocean_add_body_class":"","ocean_shortcode_before_top_bar":"","ocean_shortcode_after_top_bar":"","ocean_shortcode_before_header":"","ocean_shortcode_after_header":"","ocean_has_shortcode":"","ocean_shortcode_after_title":"","ocean_shortcode_before_footer_widgets":"","ocean_shortcode_after_footer_widgets":"","ocean_shortcode_before_footer_bottom":"","ocean_shortcode_after_footer_bottom":"","ocean_display_top_bar":"default","ocean_display_header":"default","ocean_header_style":"","ocean_center_header_left_menu":"","ocean_custom_header_template":"","ocean_custom_logo":0,"ocean_custom_retina_logo":0,"ocean_custom_logo_max_width":0,"ocean_custom_logo_tablet_max_width":0,"ocean_custom_logo_mobile_max_width":0,"ocean_custom_logo_max_height":0,"ocean_custom_logo_tablet_max_height":0,"ocean_custom_logo_mobile_max_height":0,"ocean_header_custom_menu":"","ocean_menu_typo_font_family":"","ocean_menu_typo_font_subset":"","ocean_menu_typo_font_size":0,"ocean_menu_typo_font_size_tablet":0,"ocean_menu_typo_font_size_mobile":0,"ocean_menu_typo_font_size_unit":"px","ocean_menu_typo_font_weight":"","ocean_menu_typo_font_weight_tablet":"","ocean_menu_typo_font_weight_mobile":"","ocean_menu_typo_transform":"","ocean_menu_typo_transform_tablet":"","ocean_menu_typo_transform_mobile":"","ocean_menu_typo_line_height":0,"ocean_menu_typo_line_height_tablet":0,"ocean_menu_typo_line_height_mobile":0,"ocean_menu_typo_line_height_unit":"","ocean_menu_typo_spacing":0,"ocean_menu_typo_spacing_tablet":0,"ocean_menu_typo_spacing_mobile":0,"ocean_menu_typo_spacing_unit":"","ocean_menu_link_color":"","ocean_menu_link_color_hover":"","ocean_menu_link_color_active":"","ocean_menu_link_background":"","ocean_menu_link_hover_background":"","ocean_menu_link_active_background":"","ocean_menu_social_links_bg":"","ocean_menu_social_hover_links_bg":"","ocean_menu_social_links_color":"","ocean_menu_social_hover_links_color":"","ocean_disable_title":"default","ocean_disable_heading":"default","ocean_post_title":"","ocean_post_subheading":"","ocean_post_title_style":"","ocean_post_title_background_color":"","ocean_post_title_background":0,"ocean_post_title_bg_image_position":"","ocean_post_title_bg_image_attachment":"","ocean_post_title_bg_image_repeat":"","ocean_post_title_bg_image_size":"","ocean_post_title_height":0,"ocean_post_title_bg_overlay":0.5,"ocean_post_title_bg_overlay_color":"","ocean_disable_breadcrumbs":"default","ocean_breadcrumbs_color":"","ocean_breadcrumbs_separator_color":"","ocean_breadcrumbs_links_color":"","ocean_breadcrumbs_links_hover_color":"","ocean_display_footer_widgets":"default","ocean_display_footer_bottom":"default","ocean_custom_footer_template":"","ocean_post_oembed":"","ocean_post_self_hosted_media":"","ocean_post_video_embed":"","ocean_link_format":"","ocean_link_format_target":"self","ocean_quote_format":"","ocean_quote_format_link":"post","ocean_gallery_link_images":"on","ocean_gallery_id":[]},"categories":[9],"tags":[1420,1490,82],"acf":[],"_links":{"self":[{"href":"https:\/\/www.simepe.com.br\/novo\/wp-json\/wp\/v2\/posts\/57519"}],"collection":[{"href":"https:\/\/www.simepe.com.br\/novo\/wp-json\/wp\/v2\/posts"}],"about":[{"href":"https:\/\/www.simepe.com.br\/novo\/wp-json\/wp\/v2\/types\/post"}],"author":[{"embeddable":true,"href":"https:\/\/www.simepe.com.br\/novo\/wp-json\/wp\/v2\/users\/1"}],"replies":[{"embeddable":true,"href":"https:\/\/www.simepe.com.br\/novo\/wp-json\/wp\/v2\/comments?post=57519"}],"version-history":[{"count":1,"href":"https:\/\/www.simepe.com.br\/novo\/wp-json\/wp\/v2\/posts\/57519\/revisions"}],"predecessor-version":[{"id":57520,"href":"https:\/\/www.simepe.com.br\/novo\/wp-json\/wp\/v2\/posts\/57519\/revisions\/57520"}],"wp:attachment":[{"href":"https:\/\/www.simepe.com.br\/novo\/wp-json\/wp\/v2\/media?parent=57519"}],"wp:term":[{"taxonomy":"category","embeddable":true,"href":"https:\/\/www.simepe.com.br\/novo\/wp-json\/wp\/v2\/categories?post=57519"},{"taxonomy":"post_tag","embeddable":true,"href":"https:\/\/www.simepe.com.br\/novo\/wp-json\/wp\/v2\/tags?post=57519"}],"curies":[{"name":"wp","href":"https:\/\/api.w.org\/{rel}","templated":true}]}}