{"id":57535,"date":"2021-02-03T11:28:22","date_gmt":"2021-02-03T14:28:22","guid":{"rendered":"https:\/\/www.simepe.com.br\/novo\/?p=57535"},"modified":"2021-02-03T11:28:22","modified_gmt":"2021-02-03T14:28:22","slug":"profissionais-da-linha-de-frente-estao-estressados-sobrecarregados-e-desorientados-diz-pesquisa","status":"publish","type":"post","link":"https:\/\/www.simepe.com.br\/novo\/profissionais-da-linha-de-frente-estao-estressados-sobrecarregados-e-desorientados-diz-pesquisa\/","title":{"rendered":"Profissionais da linha de frente est\u00e3o estressados, sobrecarregados e desorientados, diz pesquisa"},"content":{"rendered":"<p>Esgotamento f\u00edsico, instabilidade emocional, falta de recursos e aus\u00eancia de direcionamento dos gestores. Tudo isso em meio a um novo aumento de casos e mortes por covid-19, e uma popula\u00e7\u00e3o cada vez menos atenta \u00e0s medidas de prote\u00e7\u00e3o. \u00c9 neste contexto que profissionais de sa\u00fade da linha de frente contra a pandemia assistem a hist\u00f3ria se repetir. Oito em cada dez desses trabalhadores relatam hospitais voltando a lotar e esperam um agravamento da infec\u00e7\u00e3o pior ou semelhante \u00e0 primeira onda vivida no Brasil.<\/p>\n<p>Tudo isso faz parte de pesquisa da Associa\u00e7\u00e3o M\u00e9dica Brasileira (AMB), em conjunto com a Funda\u00e7\u00e3o Getulio Vargas, divulgada ontem. A propor\u00e7\u00e3o de m\u00e9dicos que reprova a atua\u00e7\u00e3o do Minist\u00e9rio da Sa\u00fade beira os 80% e 99% deles acreditam que deve haver mudan\u00e7as na sa\u00fade do pa\u00eds p\u00f3s-pandemia. Apesar de os profissionais destacarem a necessidade de altera\u00e7\u00f5es na gest\u00e3o da sa\u00fade, 73% est\u00e3o descrentes de que, de fato, os novos condutores passem a tratar as fragilidades de forma priorit\u00e1ria. Ainda na gest\u00e3o de Luiz Henrique Mandetta, a aprova\u00e7\u00e3o da pasta frente a crise era de 72% e, atualmente, est\u00e1 em 16,6%.<\/p>\n<p>Quase um quarto dos 3.882 profissionais de medicina entrevistados foi diagnosticado com o novo coronav\u00edrus, uma incid\u00eancia que chega a ser cinco vezes maior do que a compara\u00e7\u00e3o com o acumulado geral brasileiro para a doen\u00e7a. N\u00e3o s\u00f3 acometidos pela covid-19, mas pelo cansa\u00e7o, 92,1% dos entrevistados relatam ter sintomas como ansiedade (64%), estresse (62%), sensa\u00e7\u00e3o de sobrecarga (58%), exaust\u00e3o f\u00edsica e emocional (54,1%), mudan\u00e7a brusca de humor (34,4%) e dificuldade de concentra\u00e7\u00e3o (27%).<\/p>\n<p>A car\u00eancia de materiais e estrutura b\u00e1sica para assistir aos pacientes \u00e9 um dos pontos que contribui para intensificar o desafio dos profissionais da linha de frente: 32,5% indicaram faltar equipes para atender \u00e0 demanda e 27,2% reclamam da aus\u00eancia de diretrizes, orienta\u00e7\u00f5es ou programa de atendimento. Tamb\u00e9m h\u00e1 relatos de inexist\u00eancia de UTIs (20,3%), equipamentos de prote\u00e7\u00e3o individual (16,7%), medicamentos para intuba\u00e7\u00e3o (11%) e respiradores (5,9%).<\/p>\n<p>Os m\u00e9dicos assistem, tamb\u00e9m, \u00e0 normaliza\u00e7\u00e3o da situa\u00e7\u00e3o e mais da metade deles considera que a popula\u00e7\u00e3o n\u00e3o cumpre adequadamente nenhuma das medidas de prote\u00e7\u00e3o contra a infec\u00e7\u00e3o. A pesquisa mostra que a interfer\u00eancia das fake news, apontada por 91,6% dos m\u00e9dicos como mal\u00e9fica, somada \u00e0 falta de orienta\u00e7\u00e3o do governo federal, contribui para o cen\u00e1rio.<\/p>\n<p>N\u00e3o por acaso, ontem o pa\u00eds voltou a confirmar mais de mil mortes. Foram registrados 1.210 \u00f3bitos e 54.096 novos casos confirmados por um v\u00edrus que j\u00e1 levou 226.309 brasileiros e infectou 9.283.418.<\/p>\n<p><strong>Infec\u00e7\u00f5es<\/strong><br \/>\nOutro estudo, este do Departamento Intersindical de Estat\u00edsticas e Estudos Socioecon\u00f4micos (Dieese), mostra que os profissionais da sa\u00fade est\u00e3o entre os que mais se expuseram a riscos de cont\u00e1gio da covid-19, entre todos os que desempenham servi\u00e7os essenciais. Em novembro de 2020, havia 3,1 milh\u00f5es de ocupados na \u00e1rea, a maioria (74%) mulheres. Desse total, 490 mil testaram positivo para a doen\u00e7a. \u201c\u00c9 como se, entre mar\u00e7o e novembro, um(a) m\u00e9dico(a) ou enfermeiro(a) fosse contaminado(a) a cada 48 segundos\u201d, constata o levantamento.<\/p>\n<p>Entre os que se infectaram, 13% tinham n\u00edvel superior e 14%, n\u00edvel m\u00e9dio. At\u00e9 novembro, foram registrados mais de 6,3 milh\u00f5es de casos de covid-19 no pa\u00eds \u2013\u2013 3% da popula\u00e7\u00e3o, nos c\u00e1lculos do Dieese. \u201cEntre os trabalhadores, estima-se que 4% dos ocupados tinham testado positivo para a covid-19, segundo a Pnad Covid-19 (Pesquisa Nacional por Amostra de Domic\u00edlios) do IBGE (Instituto Brasileiro de Geografia e Estat\u00edstica)\u201d, refor\u00e7a o estudo.<\/p>\n<p><strong>Atraso na assinatura<\/strong><br \/>\nA assinatura do contrato entre o Minist\u00e9rio da Sa\u00fade e o Instituto Butantan, que prev\u00ea a compra de mais 54 milh\u00f5es de doses da vacina CoronaVac, prevista para acontecer ontem, ainda n\u00e3o foi realizada. No entanto, segundo as institui\u00e7\u00f5es, o documento est\u00e1 em vias de finaliza\u00e7\u00e3o e dentro do prazo esperado. De acordo com o governo federal, \u201ca previs\u00e3o \u00e9 de que a assinatura seja at\u00e9 o fim desta semana\u201d.<\/p>\n<p>No of\u00edcio em que confirmou a inten\u00e7\u00e3o de compra das doses adicionais, o minist\u00e9rio pede que o cronograma de entrega das vacinas seja entregue at\u00e9 hoje para que possibilite concluir os termos do novo contrato. No documento, a pasta tamb\u00e9m pede para que seja antecipado at\u00e9 o final de fevereiro o processo de registro junto \u00e0 Ag\u00eancia Nacional de Vigil\u00e2ncia Sanit\u00e1ria (Anvisa).<\/p>\n<p>At\u00e9 o momento, o Butantan s\u00f3 pediu autoriza\u00e7\u00e3o para uso emergencial do imunizante. O diretor do Butantan, Dimas Covas, j\u00e1 indicou em coletivas de imprensa que o pedido de registro definitivo ser\u00e1 solicitado pela empresa Sinovac, produtora do imunizante junto com o instituto paulista.<\/p>\n<p>Na \u00faltima segunda-feira, Covas disse que o minist\u00e9rio solicitou informa\u00e7\u00f5es para a elabora\u00e7\u00e3o do contrato e que estas j\u00e1 foram encaminhadas. \u201cAgora, vamos aguardar a minuta para que n\u00f3s possamos nos debru\u00e7ar e trazer esse contrato para an\u00e1lise do governo do estado\u201d, disse.<\/p>\n<p>Fonte: Diario de Pernambuco<\/p>\n","protected":false},"excerpt":{"rendered":"<p>Esgotamento f\u00edsico, instabilidade emocional, falta de recursos e aus\u00eancia de direcionamento dos gestores. Tudo isso em meio a um novo aumento de casos e mortes por covid-19, e uma popula\u00e7\u00e3o cada vez menos atenta \u00e0s medidas de prote\u00e7\u00e3o. \u00c9 neste contexto que profissionais de sa\u00fade da linha de frente contra a pandemia assistem a hist\u00f3ria [&hellip;]<\/p>\n","protected":false},"author":1,"featured_media":0,"comment_status":"open","ping_status":"open","sticky":false,"template":"","format":"standard","meta":{"ocean_post_layout":"","ocean_both_sidebars_style":"","ocean_both_sidebars_content_width":0,"ocean_both_sidebars_sidebars_width":0,"ocean_sidebar":"","ocean_second_sidebar":"","ocean_disable_margins":"enable","ocean_add_body_class":"","ocean_shortcode_before_top_bar":"","ocean_shortcode_after_top_bar":"","ocean_shortcode_before_header":"","ocean_shortcode_after_header":"","ocean_has_shortcode":"","ocean_shortcode_after_title":"","ocean_shortcode_before_footer_widgets":"","ocean_shortcode_after_footer_widgets":"","ocean_shortcode_before_footer_bottom":"","ocean_shortcode_after_footer_bottom":"","ocean_display_top_bar":"default","ocean_display_header":"default","ocean_header_style":"","ocean_center_header_left_menu":"","ocean_custom_header_template":"","ocean_custom_logo":0,"ocean_custom_retina_logo":0,"ocean_custom_logo_max_width":0,"ocean_custom_logo_tablet_max_width":0,"ocean_custom_logo_mobile_max_width":0,"ocean_custom_logo_max_height":0,"ocean_custom_logo_tablet_max_height":0,"ocean_custom_logo_mobile_max_height":0,"ocean_header_custom_menu":"","ocean_menu_typo_font_family":"","ocean_menu_typo_font_subset":"","ocean_menu_typo_font_size":0,"ocean_menu_typo_font_size_tablet":0,"ocean_menu_typo_font_size_mobile":0,"ocean_menu_typo_font_size_unit":"px","ocean_menu_typo_font_weight":"","ocean_menu_typo_font_weight_tablet":"","ocean_menu_typo_font_weight_mobile":"","ocean_menu_typo_transform":"","ocean_menu_typo_transform_tablet":"","ocean_menu_typo_transform_mobile":"","ocean_menu_typo_line_height":0,"ocean_menu_typo_line_height_tablet":0,"ocean_menu_typo_line_height_mobile":0,"ocean_menu_typo_line_height_unit":"","ocean_menu_typo_spacing":0,"ocean_menu_typo_spacing_tablet":0,"ocean_menu_typo_spacing_mobile":0,"ocean_menu_typo_spacing_unit":"","ocean_menu_link_color":"","ocean_menu_link_color_hover":"","ocean_menu_link_color_active":"","ocean_menu_link_background":"","ocean_menu_link_hover_background":"","ocean_menu_link_active_background":"","ocean_menu_social_links_bg":"","ocean_menu_social_hover_links_bg":"","ocean_menu_social_links_color":"","ocean_menu_social_hover_links_color":"","ocean_disable_title":"default","ocean_disable_heading":"default","ocean_post_title":"","ocean_post_subheading":"","ocean_post_title_style":"","ocean_post_title_background_color":"","ocean_post_title_background":0,"ocean_post_title_bg_image_position":"","ocean_post_title_bg_image_attachment":"","ocean_post_title_bg_image_repeat":"","ocean_post_title_bg_image_size":"","ocean_post_title_height":0,"ocean_post_title_bg_overlay":0.5,"ocean_post_title_bg_overlay_color":"","ocean_disable_breadcrumbs":"default","ocean_breadcrumbs_color":"","ocean_breadcrumbs_separator_color":"","ocean_breadcrumbs_links_color":"","ocean_breadcrumbs_links_hover_color":"","ocean_display_footer_widgets":"default","ocean_display_footer_bottom":"default","ocean_custom_footer_template":"","ocean_post_oembed":"","ocean_post_self_hosted_media":"","ocean_post_video_embed":"","ocean_link_format":"","ocean_link_format_target":"self","ocean_quote_format":"","ocean_quote_format_link":"post","ocean_gallery_link_images":"on","ocean_gallery_id":[]},"categories":[9],"tags":[1420,1490,82],"acf":[],"_links":{"self":[{"href":"https:\/\/www.simepe.com.br\/novo\/wp-json\/wp\/v2\/posts\/57535"}],"collection":[{"href":"https:\/\/www.simepe.com.br\/novo\/wp-json\/wp\/v2\/posts"}],"about":[{"href":"https:\/\/www.simepe.com.br\/novo\/wp-json\/wp\/v2\/types\/post"}],"author":[{"embeddable":true,"href":"https:\/\/www.simepe.com.br\/novo\/wp-json\/wp\/v2\/users\/1"}],"replies":[{"embeddable":true,"href":"https:\/\/www.simepe.com.br\/novo\/wp-json\/wp\/v2\/comments?post=57535"}],"version-history":[{"count":1,"href":"https:\/\/www.simepe.com.br\/novo\/wp-json\/wp\/v2\/posts\/57535\/revisions"}],"predecessor-version":[{"id":57536,"href":"https:\/\/www.simepe.com.br\/novo\/wp-json\/wp\/v2\/posts\/57535\/revisions\/57536"}],"wp:attachment":[{"href":"https:\/\/www.simepe.com.br\/novo\/wp-json\/wp\/v2\/media?parent=57535"}],"wp:term":[{"taxonomy":"category","embeddable":true,"href":"https:\/\/www.simepe.com.br\/novo\/wp-json\/wp\/v2\/categories?post=57535"},{"taxonomy":"post_tag","embeddable":true,"href":"https:\/\/www.simepe.com.br\/novo\/wp-json\/wp\/v2\/tags?post=57535"}],"curies":[{"name":"wp","href":"https:\/\/api.w.org\/{rel}","templated":true}]}}