{"id":57545,"date":"2021-02-03T13:39:28","date_gmt":"2021-02-03T16:39:28","guid":{"rendered":"https:\/\/www.simepe.com.br\/novo\/?p=57545"},"modified":"2021-02-03T13:39:28","modified_gmt":"2021-02-03T16:39:28","slug":"diretores-do-simeam-manifestam-apoio-ao-presidente-da-entidade","status":"publish","type":"post","link":"https:\/\/www.simepe.com.br\/novo\/diretores-do-simeam-manifestam-apoio-ao-presidente-da-entidade\/","title":{"rendered":"DIRETORES DO SIMEAM MANIFESTAM APOIO AO PRESIDENTE DA ENTIDADE"},"content":{"rendered":"<p style=\"text-align: justify;\">A Diretoria do Simeam, eleita para o quinqu\u00eanio 2021-2025, denominada &#8216;Pelo m\u00e9dico, pela vida&#8217;, vem a p\u00fablico reiterar apoio inconteste ao presidente do Sindicato dos M\u00e9dicos, Dr. Mario Vianna.<\/p>\n<p style=\"text-align: justify;\">Temos o claro entendimento que em nosso ativismo sindical liderado pelo Dr. Mario Vianna, na condi\u00e7\u00e3o de presidente do Simeam, nos pautamos nos princ\u00edpios estatut\u00e1rios que nos norteiam. A defesa do profissional m\u00e9dico com condi\u00e7\u00f5es dignas de trabalho e de remunera\u00e7\u00e3o condizente com a fun\u00e7\u00e3o.<\/p>\n<p style=\"text-align: justify;\">Atuamos com solidariedade \u00e0s causas das demais categorias de sa\u00fade, e travamos o combate democr\u00e1tico e respeitoso a todos que se levantaram e ou conspiraram contra a vida, ao trabalho digno e a autonomia sindical.<\/p>\n<p style=\"text-align: justify;\">Percebemos que no exerc\u00edcio de nosso ativismo sindical incomodamos muitos (pol\u00edticos, empres\u00e1rios, e pessoas mal intencionadas). Logo, neste momento, nos unimos com o prop\u00f3sito de na pessoa do Dr. Mario Vianna, defendermos o direito do livre exerc\u00edcio profissional, do livre exerc\u00edcio democr\u00e1tico de seus direitos e a defesa do direito a opini\u00e3o.<\/p>\n<p style=\"text-align: justify;\">N\u00e3o podemos admitir ataques gratuitos a nenhum cidad\u00e3o ou profissional, simplesmente pelo fato de lutar pelo o que \u00e9 correto, pelo o que \u00e9 justo, e pela liberdade.<\/p>\n<p style=\"text-align: justify;\">\u00c0 Diretoria.<\/p>\n<p style=\"text-align: justify;\">Fonte: Sindicato dos M\u00e9dicos do Amazonas<\/p>\n","protected":false},"excerpt":{"rendered":"<p>A Diretoria do Simeam, eleita para o quinqu\u00eanio 2021-2025, denominada &#8216;Pelo m\u00e9dico, pela vida&#8217;, vem a p\u00fablico reiterar apoio inconteste ao presidente do Sindicato dos M\u00e9dicos, Dr. Mario Vianna. Temos o claro entendimento que em nosso ativismo sindical liderado pelo Dr. Mario Vianna, na condi\u00e7\u00e3o de presidente do Simeam, nos pautamos nos princ\u00edpios estatut\u00e1rios que [&hellip;]<\/p>\n","protected":false},"author":1,"featured_media":57546,"comment_status":"open","ping_status":"open","sticky":false,"template":"","format":"standard","meta":{"ocean_post_layout":"","ocean_both_sidebars_style":"","ocean_both_sidebars_content_width":0,"ocean_both_sidebars_sidebars_width":0,"ocean_sidebar":"","ocean_second_sidebar":"","ocean_disable_margins":"enable","ocean_add_body_class":"","ocean_shortcode_before_top_bar":"","ocean_shortcode_after_top_bar":"","ocean_shortcode_before_header":"","ocean_shortcode_after_header":"","ocean_has_shortcode":"","ocean_shortcode_after_title":"","ocean_shortcode_before_footer_widgets":"","ocean_shortcode_after_footer_widgets":"","ocean_shortcode_before_footer_bottom":"","ocean_shortcode_after_footer_bottom":"","ocean_display_top_bar":"default","ocean_display_header":"default","ocean_header_style":"","ocean_center_header_left_menu":"","ocean_custom_header_template":"","ocean_custom_logo":0,"ocean_custom_retina_logo":0,"ocean_custom_logo_max_width":0,"ocean_custom_logo_tablet_max_width":0,"ocean_custom_logo_mobile_max_width":0,"ocean_custom_logo_max_height":0,"ocean_custom_logo_tablet_max_height":0,"ocean_custom_logo_mobile_max_height":0,"ocean_header_custom_menu":"","ocean_menu_typo_font_family":"","ocean_menu_typo_font_subset":"","ocean_menu_typo_font_size":0,"ocean_menu_typo_font_size_tablet":0,"ocean_menu_typo_font_size_mobile":0,"ocean_menu_typo_font_size_unit":"px","ocean_menu_typo_font_weight":"","ocean_menu_typo_font_weight_tablet":"","ocean_menu_typo_font_weight_mobile":"","ocean_menu_typo_transform":"","ocean_menu_typo_transform_tablet":"","ocean_menu_typo_transform_mobile":"","ocean_menu_typo_line_height":0,"ocean_menu_typo_line_height_tablet":0,"ocean_menu_typo_line_height_mobile":0,"ocean_menu_typo_line_height_unit":"","ocean_menu_typo_spacing":0,"ocean_menu_typo_spacing_tablet":0,"ocean_menu_typo_spacing_mobile":0,"ocean_menu_typo_spacing_unit":"","ocean_menu_link_color":"","ocean_menu_link_color_hover":"","ocean_menu_link_color_active":"","ocean_menu_link_background":"","ocean_menu_link_hover_background":"","ocean_menu_link_active_background":"","ocean_menu_social_links_bg":"","ocean_menu_social_hover_links_bg":"","ocean_menu_social_links_color":"","ocean_menu_social_hover_links_color":"","ocean_disable_title":"default","ocean_disable_heading":"default","ocean_post_title":"","ocean_post_subheading":"","ocean_post_title_style":"","ocean_post_title_background_color":"","ocean_post_title_background":0,"ocean_post_title_bg_image_position":"","ocean_post_title_bg_image_attachment":"","ocean_post_title_bg_image_repeat":"","ocean_post_title_bg_image_size":"","ocean_post_title_height":0,"ocean_post_title_bg_overlay":0.5,"ocean_post_title_bg_overlay_color":"","ocean_disable_breadcrumbs":"default","ocean_breadcrumbs_color":"","ocean_breadcrumbs_separator_color":"","ocean_breadcrumbs_links_color":"","ocean_breadcrumbs_links_hover_color":"","ocean_display_footer_widgets":"default","ocean_display_footer_bottom":"default","ocean_custom_footer_template":"","ocean_post_oembed":"","ocean_post_self_hosted_media":"","ocean_post_video_embed":"","ocean_link_format":"","ocean_link_format_target":"self","ocean_quote_format":"","ocean_quote_format_link":"post","ocean_gallery_link_images":"on","ocean_gallery_id":[]},"categories":[1],"tags":[],"acf":[],"_links":{"self":[{"href":"https:\/\/www.simepe.com.br\/novo\/wp-json\/wp\/v2\/posts\/57545"}],"collection":[{"href":"https:\/\/www.simepe.com.br\/novo\/wp-json\/wp\/v2\/posts"}],"about":[{"href":"https:\/\/www.simepe.com.br\/novo\/wp-json\/wp\/v2\/types\/post"}],"author":[{"embeddable":true,"href":"https:\/\/www.simepe.com.br\/novo\/wp-json\/wp\/v2\/users\/1"}],"replies":[{"embeddable":true,"href":"https:\/\/www.simepe.com.br\/novo\/wp-json\/wp\/v2\/comments?post=57545"}],"version-history":[{"count":1,"href":"https:\/\/www.simepe.com.br\/novo\/wp-json\/wp\/v2\/posts\/57545\/revisions"}],"predecessor-version":[{"id":57547,"href":"https:\/\/www.simepe.com.br\/novo\/wp-json\/wp\/v2\/posts\/57545\/revisions\/57547"}],"wp:featuredmedia":[{"embeddable":true,"href":"https:\/\/www.simepe.com.br\/novo\/wp-json\/wp\/v2\/media\/57546"}],"wp:attachment":[{"href":"https:\/\/www.simepe.com.br\/novo\/wp-json\/wp\/v2\/media?parent=57545"}],"wp:term":[{"taxonomy":"category","embeddable":true,"href":"https:\/\/www.simepe.com.br\/novo\/wp-json\/wp\/v2\/categories?post=57545"},{"taxonomy":"post_tag","embeddable":true,"href":"https:\/\/www.simepe.com.br\/novo\/wp-json\/wp\/v2\/tags?post=57545"}],"curies":[{"name":"wp","href":"https:\/\/api.w.org\/{rel}","templated":true}]}}