{"id":57558,"date":"2021-02-04T10:04:26","date_gmt":"2021-02-04T13:04:26","guid":{"rendered":"https:\/\/www.simepe.com.br\/novo\/?p=57558"},"modified":"2021-02-04T10:04:26","modified_gmt":"2021-02-04T13:04:26","slug":"justica-afasta-secretaria-de-saude-que-furou-fila-de-vacinacao-contra-covid-19-em-jupi-agreste-de-pernambuco","status":"publish","type":"post","link":"https:\/\/www.simepe.com.br\/novo\/justica-afasta-secretaria-de-saude-que-furou-fila-de-vacinacao-contra-covid-19-em-jupi-agreste-de-pernambuco\/","title":{"rendered":"Justi\u00e7a afasta secret\u00e1ria de sa\u00fade que furou fila de vacina\u00e7\u00e3o contra covid-19 em Jupi, Agreste de Pernambuco"},"content":{"rendered":"<div class=\"content\">\n<p>&nbsp;<\/p>\n<p><em>Al\u00e9m disso, a gestora ainda autorizou a vacina\u00e7\u00e3o de um fot\u00f3grafo que tamb\u00e9m n\u00e3o pertence a qualquer grupo priorit\u00e1rio.<\/em><\/p>\n<p>A Justi\u00e7a afastou do cargo a secret\u00e1ria de Sa\u00fade de Jupi, no Agreste de Pernambuco, Maria Nadir Ferro. A gestora, que n\u00e3o faz parte do grupo de risco da covid-19, \u00e9 acusada de ter &#8216;furado a fila&#8217; da vacina\u00e7\u00e3o contra a doen\u00e7a. Al\u00e9m disso, Maria Nadir ainda autorizou a vacina\u00e7\u00e3o do fot\u00f3grafo Jos\u00e9 Guilherme da Silva, que tamb\u00e9m n\u00e3o pertence a qualquer grupo priorit\u00e1rio.<\/p>\n<p>A secret\u00e1ria j\u00e1 havia tido seu afastamento anunciado em janeiro, no entanto, o juiz Paulo Ricardo Cassaro dos Santos, que atua na comarca de Jupi, decidiu assegurar o afastamento judicialmente, acatando um pedido do Minist\u00e9rio P\u00fablico de Pernambuco (MPPE). Segundo magistrado, a perman\u00eancia de Maria Nadir no cargo poderia prejudicar a vacina\u00e7\u00e3o na cidade. O juiz armou ainda que a secret\u00e1ria &#8216;furou a fila&#8217; deliberadamente, o que, na avalia\u00e7\u00e3o dele, demonstra despreocupa\u00e7\u00e3o com o patrim\u00f4nio p\u00fablico e com a sa\u00fade da popula\u00e7\u00e3o jupiense.<\/p>\n<p>\u201cO perigo de dano resta claro diante do fato de que a pessoa diretamente incumbida de coordenar os trabalhos da municipalidade na preven\u00e7\u00e3o e combate da Covid-19, naquele que talvez seja o ato mais importante da pandemia, qual seja, a vacina\u00e7\u00e3o, demonstrou t\u00ea-lo feito com desvio de finalidade\u201d, alegou o juiz Paulo Ricardo Cassaro dos Santos. \u201cFrise-se que n\u00e3o era necess\u00e1rio ter um grande conhecimento para saber que a imuniza\u00e7\u00e3o seria destinada aos profissionais da sa\u00fade e seriam limitadas, pois tais informa\u00e7\u00f5es s\u00e3o veiculadas pela imprensa de forma massiva e, diga-se de passagem, n\u00e3o s\u00f3 no Brasil.<\/p>\n<p>A viola\u00e7\u00e3o, portanto, foi deliberada e demonstra despreocupa\u00e7\u00e3o com o patrim\u00f4nio p\u00fablico e com a sa\u00fade da popula\u00e7\u00e3o de nossa cidade\u201d, acrescentou o juiz. &#8216;Furar a fila&#8217; pode levar \u00e0 pris\u00e3o<br \/>\nDesde o in\u00edcio da vacina\u00e7\u00e3o contra a covid-19 no Brasil, foram registradas v\u00e1rias pessoas furando a fila e recebendo o imunizante mesmo n\u00e3o pertencendo ao grupo priorit\u00e1rio. Segundo o MPPE, a pr\u00e1tica pode se enquadrar em diversos tipos de crimes como peculato, corrup\u00e7\u00e3o ativa, e abuso de autoridade.<\/p>\n<p>De acordo com o procurador-geral de Justi\u00e7a, Paulo Augusto de Freitas, imunizar pessoas que n\u00e3o se enquadram &#8220;&#8221;nos par\u00e2metros estabelecidos pelas autoridades sanit\u00e1rias constitui grave irregularidade, ensejando responsabiliza\u00e7\u00e3o por meio de procedimentos administrativos disciplinares, processos de improbidade administrativa e at\u00e9 mesmo persecu\u00e7\u00e3o em processos criminais, podendo resultar em aplica\u00e7\u00e3o de multas e penas privativas de liberdade&#8221;.<\/p>\n<p>Fonte: JC Online<\/p>\n<\/div>\n<div class=\"info\"><\/div>\n","protected":false},"excerpt":{"rendered":"<p>&nbsp; Al\u00e9m disso, a gestora ainda autorizou a vacina\u00e7\u00e3o de um fot\u00f3grafo que tamb\u00e9m n\u00e3o pertence a qualquer grupo priorit\u00e1rio. A Justi\u00e7a afastou do cargo a secret\u00e1ria de Sa\u00fade de Jupi, no Agreste de Pernambuco, Maria Nadir Ferro. A gestora, que n\u00e3o faz parte do grupo de risco da covid-19, \u00e9 acusada de ter &#8216;furado [&hellip;]<\/p>\n","protected":false},"author":1,"featured_media":0,"comment_status":"open","ping_status":"open","sticky":false,"template":"","format":"standard","meta":{"ocean_post_layout":"","ocean_both_sidebars_style":"","ocean_both_sidebars_content_width":0,"ocean_both_sidebars_sidebars_width":0,"ocean_sidebar":"","ocean_second_sidebar":"","ocean_disable_margins":"enable","ocean_add_body_class":"","ocean_shortcode_before_top_bar":"","ocean_shortcode_after_top_bar":"","ocean_shortcode_before_header":"","ocean_shortcode_after_header":"","ocean_has_shortcode":"","ocean_shortcode_after_title":"","ocean_shortcode_before_footer_widgets":"","ocean_shortcode_after_footer_widgets":"","ocean_shortcode_before_footer_bottom":"","ocean_shortcode_after_footer_bottom":"","ocean_display_top_bar":"default","ocean_display_header":"default","ocean_header_style":"","ocean_center_header_left_menu":"","ocean_custom_header_template":"","ocean_custom_logo":0,"ocean_custom_retina_logo":0,"ocean_custom_logo_max_width":0,"ocean_custom_logo_tablet_max_width":0,"ocean_custom_logo_mobile_max_width":0,"ocean_custom_logo_max_height":0,"ocean_custom_logo_tablet_max_height":0,"ocean_custom_logo_mobile_max_height":0,"ocean_header_custom_menu":"","ocean_menu_typo_font_family":"","ocean_menu_typo_font_subset":"","ocean_menu_typo_font_size":0,"ocean_menu_typo_font_size_tablet":0,"ocean_menu_typo_font_size_mobile":0,"ocean_menu_typo_font_size_unit":"px","ocean_menu_typo_font_weight":"","ocean_menu_typo_font_weight_tablet":"","ocean_menu_typo_font_weight_mobile":"","ocean_menu_typo_transform":"","ocean_menu_typo_transform_tablet":"","ocean_menu_typo_transform_mobile":"","ocean_menu_typo_line_height":0,"ocean_menu_typo_line_height_tablet":0,"ocean_menu_typo_line_height_mobile":0,"ocean_menu_typo_line_height_unit":"","ocean_menu_typo_spacing":0,"ocean_menu_typo_spacing_tablet":0,"ocean_menu_typo_spacing_mobile":0,"ocean_menu_typo_spacing_unit":"","ocean_menu_link_color":"","ocean_menu_link_color_hover":"","ocean_menu_link_color_active":"","ocean_menu_link_background":"","ocean_menu_link_hover_background":"","ocean_menu_link_active_background":"","ocean_menu_social_links_bg":"","ocean_menu_social_hover_links_bg":"","ocean_menu_social_links_color":"","ocean_menu_social_hover_links_color":"","ocean_disable_title":"default","ocean_disable_heading":"default","ocean_post_title":"","ocean_post_subheading":"","ocean_post_title_style":"","ocean_post_title_background_color":"","ocean_post_title_background":0,"ocean_post_title_bg_image_position":"","ocean_post_title_bg_image_attachment":"","ocean_post_title_bg_image_repeat":"","ocean_post_title_bg_image_size":"","ocean_post_title_height":0,"ocean_post_title_bg_overlay":0.5,"ocean_post_title_bg_overlay_color":"","ocean_disable_breadcrumbs":"default","ocean_breadcrumbs_color":"","ocean_breadcrumbs_separator_color":"","ocean_breadcrumbs_links_color":"","ocean_breadcrumbs_links_hover_color":"","ocean_display_footer_widgets":"default","ocean_display_footer_bottom":"default","ocean_custom_footer_template":"","ocean_post_oembed":"","ocean_post_self_hosted_media":"","ocean_post_video_embed":"","ocean_link_format":"","ocean_link_format_target":"self","ocean_quote_format":"","ocean_quote_format_link":"post","ocean_gallery_link_images":"on","ocean_gallery_id":[]},"categories":[9],"tags":[1420,1490,82],"acf":[],"_links":{"self":[{"href":"https:\/\/www.simepe.com.br\/novo\/wp-json\/wp\/v2\/posts\/57558"}],"collection":[{"href":"https:\/\/www.simepe.com.br\/novo\/wp-json\/wp\/v2\/posts"}],"about":[{"href":"https:\/\/www.simepe.com.br\/novo\/wp-json\/wp\/v2\/types\/post"}],"author":[{"embeddable":true,"href":"https:\/\/www.simepe.com.br\/novo\/wp-json\/wp\/v2\/users\/1"}],"replies":[{"embeddable":true,"href":"https:\/\/www.simepe.com.br\/novo\/wp-json\/wp\/v2\/comments?post=57558"}],"version-history":[{"count":1,"href":"https:\/\/www.simepe.com.br\/novo\/wp-json\/wp\/v2\/posts\/57558\/revisions"}],"predecessor-version":[{"id":57559,"href":"https:\/\/www.simepe.com.br\/novo\/wp-json\/wp\/v2\/posts\/57558\/revisions\/57559"}],"wp:attachment":[{"href":"https:\/\/www.simepe.com.br\/novo\/wp-json\/wp\/v2\/media?parent=57558"}],"wp:term":[{"taxonomy":"category","embeddable":true,"href":"https:\/\/www.simepe.com.br\/novo\/wp-json\/wp\/v2\/categories?post=57558"},{"taxonomy":"post_tag","embeddable":true,"href":"https:\/\/www.simepe.com.br\/novo\/wp-json\/wp\/v2\/tags?post=57558"}],"curies":[{"name":"wp","href":"https:\/\/api.w.org\/{rel}","templated":true}]}}