{"id":57584,"date":"2021-02-05T09:45:02","date_gmt":"2021-02-05T12:45:02","guid":{"rendered":"https:\/\/www.simepe.com.br\/novo\/?p=57584"},"modified":"2021-02-05T09:45:02","modified_gmt":"2021-02-05T12:45:02","slug":"prefeitura-de-sp-comeca-vacinacao-contra-a-covid-19-de-idosos-com-mais-de-90-anos-nesta-sexta-feira","status":"publish","type":"post","link":"https:\/\/www.simepe.com.br\/novo\/prefeitura-de-sp-comeca-vacinacao-contra-a-covid-19-de-idosos-com-mais-de-90-anos-nesta-sexta-feira\/","title":{"rendered":"Prefeitura de SP come\u00e7a vacina\u00e7\u00e3o contra a Covid-19 de idosos com mais de 90 anos nesta sexta-feira"},"content":{"rendered":"<p><em>Gest\u00e3o municipal antecipou in\u00edcio da vacina\u00e7\u00e3o dessa faixa et\u00e1ria nas 468 Unidades B\u00e1sicas de Sa\u00fade do munic\u00edpio. Calend\u00e1rio do governo estadual previa in\u00edcio na pr\u00f3xima segunda-feira (8). Postos v\u00e3o vacinar nesta sexta (5) das 7h \u00e0s 19h.<\/em><\/p>\n<p>A Prefeitura de S\u00e3o Paulo come\u00e7ou nesta sexta-feira (5) a vacinar contra a Covid-19 os idosos com mais de 90 anos. As pessoas nesta faixa et\u00e1ria devem ir at\u00e9 uma das 468 Unidades B\u00e1sicas de Sa\u00fade (UBS) para receber a primeira dose da vacina. O atendimento foi iniciado \u00e0s 7h e ser\u00e1 feito at\u00e9 as 19h. No s\u00e1bado (6), segundo o secret\u00e1rio municipal da Sa\u00fade, Edson Aparecido, a vacina\u00e7\u00e3o ir\u00e1 ocorrer somente em 87 Unidades B\u00e1sicas de Sa\u00fade (UBS) integradas com as AMAs (Assist\u00eancia M\u00e9dica Ambulatorial). De acordo com a gest\u00e3o municipal, mais de 32 mil idosos devem ser vacinados nessa etapa da campanha.<\/p>\n<p>Nesta sexta (8), a prefeitura tamb\u00e9m come\u00e7ou a vacina\u00e7\u00e3o domiciliar, para a mesma faixa et\u00e1ria, de pessoas que tiverem restri\u00e7\u00e3o de mobilidade. Nos postos de sa\u00fade, a orienta\u00e7\u00e3o \u00e9 que os idosos dependentes sejam acompanhados por apenas uma pessoa.<\/p>\n<p><strong>Cadastramento<\/strong><br \/>\nPara agilizar o atendimento e evitar filas, os idosos, seus familiares ou qualquer pessoa que integre o p\u00fablico previsto na campanha pode realizar o pr\u00e9-cadastramento para a vacina\u00e7\u00e3o contra a Covid-19 no site Vacina J\u00e1 (www.vacinaja.sp.gov.br). Entretanto, a popula\u00e7\u00e3o n\u00e3o deixar\u00e1 de ser vacinada por falta de cadastro. O secret\u00e1rio municipal da Sa\u00fade afirma que a ferramenta serve para facilitar o servi\u00e7o dos profissionais de sa\u00fade. &#8220;Ningu\u00e9m deixar\u00e1 de ser vacinado porque eventualmente n\u00e3o se cadastrou&#8221;, disse Edson Aparecido.<\/p>\n<p><strong>Primeiros vacinados<\/strong><br \/>\nNa UBS Santo Amaro, na Zona Sul de S\u00e3o Paulo, um casal, H\u00e9lio e Dirce, ambos com 92 anos, foram os primeiros serem imunizados. &#8220;Foi tudo bem, e n\u00e3o doeu nada&#8221;, disse dona Dirce antes ap\u00f3s ser imunizada. Eles estavam acompanhados da filha, M\u00f4nica, que celebrou a imuniza\u00e7\u00e3o dos pais. &#8220;Uma alegria muito grande. \u00c9 uma ben\u00e7\u00e3o poder ter os meus pais com essa idade. E chegou o\u00a0 momento, h\u00e1 um ano que a gente estava aguardando isso. Foi muito bom, estou super orgulhosa tamb\u00e9m disso&#8221;, afirmou ela.<\/p>\n<p><strong>Antecipa\u00e7\u00e3o<\/strong><br \/>\nNa capital, a data foi antecipada pela gest\u00e3o de Bruno Covas. Inicialmente, a previs\u00e3o do governo estadual era de que a vacina\u00e7\u00e3o desta faixa et\u00e1ria come\u00e7asse em todo o estado apenas na segunda-feira (8). De acordo com a prefeitura, a antecipa\u00e7\u00e3o foi poss\u00edvel porque todas as UBSs da capital paulista j\u00e1 foram abastecidas com doses suficientes para atender este p\u00fablico.\u00a0Nas outras cidades do estado, permanece e a previs\u00e3o de come\u00e7ar a vacina\u00e7\u00e3o na segunda (8).<\/p>\n<p><strong>Idosos vacinados<\/strong><br \/>\nSegundo a Prefeitura, o munic\u00edpio j\u00e1 vacinou 24.171 idosos, sendo 14.371 nas Institui\u00e7\u00f5es de Longa Perman\u00eancia para Idosos (ILPIs) e 9.800 institucionalizados em outros locais. Na ter\u00e7a-feira (11) ter\u00e1 in\u00edcio a vacina\u00e7\u00e3o dos profissionais de sa\u00fade aut\u00f4nomos com idade acima de 60 anos. Vacina\u00e7\u00e3o no estado de S\u00e3o Paulo O estado de S\u00e3o Paulo vacinou 662.338 pessoas contra a Covid-19, segundo balan\u00e7o do &#8220;vacin\u00f4metro&#8221; da Secretaria Estadual de Sa\u00fade atualizado at\u00e9 as 21h desta quinta-feira (4).<\/p>\n<p><strong>Mapa da vacina\u00e7\u00e3o contra a Covid-19 no Brasil<\/strong><br \/>\nEm S\u00e3o Paulo, a vacina\u00e7\u00e3o come\u00e7ou no dia 17 de janeiro com os profissionais de sa\u00fade. Tamb\u00e9m receberam as primeiras doses da vacina os ind\u00edgenas, quilombolas e idosos que vivem em institui\u00e7\u00f5es. Na pr\u00f3xima segunda-feira (8), a vacina\u00e7\u00e3o para os idosos com mais de 90 anos em todo o estado. J\u00e1 os que est\u00e3o na faixa et\u00e1ria entre 85 e 89 anos come\u00e7ar\u00e3o a ser imunizados no dia 15. Pelas regras do Plano Nacional de Imuniza\u00e7\u00e3o (PNI), o estado tem direito a cerca de 20% de cada remessa das vacinas que s\u00e3o liberadas para uso. A taxa \u00e9 calculada pela propor\u00e7\u00e3o da popula\u00e7\u00e3o.<\/p>\n<p>Fonte: G1<\/p>\n","protected":false},"excerpt":{"rendered":"<p>Gest\u00e3o municipal antecipou in\u00edcio da vacina\u00e7\u00e3o dessa faixa et\u00e1ria nas 468 Unidades B\u00e1sicas de Sa\u00fade do munic\u00edpio. Calend\u00e1rio do governo estadual previa in\u00edcio na pr\u00f3xima segunda-feira (8). Postos v\u00e3o vacinar nesta sexta (5) das 7h \u00e0s 19h. A Prefeitura de S\u00e3o Paulo come\u00e7ou nesta sexta-feira (5) a vacinar contra a Covid-19 os idosos com mais [&hellip;]<\/p>\n","protected":false},"author":1,"featured_media":0,"comment_status":"open","ping_status":"open","sticky":false,"template":"","format":"standard","meta":{"ocean_post_layout":"","ocean_both_sidebars_style":"","ocean_both_sidebars_content_width":0,"ocean_both_sidebars_sidebars_width":0,"ocean_sidebar":"","ocean_second_sidebar":"","ocean_disable_margins":"enable","ocean_add_body_class":"","ocean_shortcode_before_top_bar":"","ocean_shortcode_after_top_bar":"","ocean_shortcode_before_header":"","ocean_shortcode_after_header":"","ocean_has_shortcode":"","ocean_shortcode_after_title":"","ocean_shortcode_before_footer_widgets":"","ocean_shortcode_after_footer_widgets":"","ocean_shortcode_before_footer_bottom":"","ocean_shortcode_after_footer_bottom":"","ocean_display_top_bar":"default","ocean_display_header":"default","ocean_header_style":"","ocean_center_header_left_menu":"","ocean_custom_header_template":"","ocean_custom_logo":0,"ocean_custom_retina_logo":0,"ocean_custom_logo_max_width":0,"ocean_custom_logo_tablet_max_width":0,"ocean_custom_logo_mobile_max_width":0,"ocean_custom_logo_max_height":0,"ocean_custom_logo_tablet_max_height":0,"ocean_custom_logo_mobile_max_height":0,"ocean_header_custom_menu":"","ocean_menu_typo_font_family":"","ocean_menu_typo_font_subset":"","ocean_menu_typo_font_size":0,"ocean_menu_typo_font_size_tablet":0,"ocean_menu_typo_font_size_mobile":0,"ocean_menu_typo_font_size_unit":"px","ocean_menu_typo_font_weight":"","ocean_menu_typo_font_weight_tablet":"","ocean_menu_typo_font_weight_mobile":"","ocean_menu_typo_transform":"","ocean_menu_typo_transform_tablet":"","ocean_menu_typo_transform_mobile":"","ocean_menu_typo_line_height":0,"ocean_menu_typo_line_height_tablet":0,"ocean_menu_typo_line_height_mobile":0,"ocean_menu_typo_line_height_unit":"","ocean_menu_typo_spacing":0,"ocean_menu_typo_spacing_tablet":0,"ocean_menu_typo_spacing_mobile":0,"ocean_menu_typo_spacing_unit":"","ocean_menu_link_color":"","ocean_menu_link_color_hover":"","ocean_menu_link_color_active":"","ocean_menu_link_background":"","ocean_menu_link_hover_background":"","ocean_menu_link_active_background":"","ocean_menu_social_links_bg":"","ocean_menu_social_hover_links_bg":"","ocean_menu_social_links_color":"","ocean_menu_social_hover_links_color":"","ocean_disable_title":"default","ocean_disable_heading":"default","ocean_post_title":"","ocean_post_subheading":"","ocean_post_title_style":"","ocean_post_title_background_color":"","ocean_post_title_background":0,"ocean_post_title_bg_image_position":"","ocean_post_title_bg_image_attachment":"","ocean_post_title_bg_image_repeat":"","ocean_post_title_bg_image_size":"","ocean_post_title_height":0,"ocean_post_title_bg_overlay":0.5,"ocean_post_title_bg_overlay_color":"","ocean_disable_breadcrumbs":"default","ocean_breadcrumbs_color":"","ocean_breadcrumbs_separator_color":"","ocean_breadcrumbs_links_color":"","ocean_breadcrumbs_links_hover_color":"","ocean_display_footer_widgets":"default","ocean_display_footer_bottom":"default","ocean_custom_footer_template":"","ocean_post_oembed":"","ocean_post_self_hosted_media":"","ocean_post_video_embed":"","ocean_link_format":"","ocean_link_format_target":"self","ocean_quote_format":"","ocean_quote_format_link":"post","ocean_gallery_link_images":"on","ocean_gallery_id":[]},"categories":[9],"tags":[1420,1490,82],"acf":[],"_links":{"self":[{"href":"https:\/\/www.simepe.com.br\/novo\/wp-json\/wp\/v2\/posts\/57584"}],"collection":[{"href":"https:\/\/www.simepe.com.br\/novo\/wp-json\/wp\/v2\/posts"}],"about":[{"href":"https:\/\/www.simepe.com.br\/novo\/wp-json\/wp\/v2\/types\/post"}],"author":[{"embeddable":true,"href":"https:\/\/www.simepe.com.br\/novo\/wp-json\/wp\/v2\/users\/1"}],"replies":[{"embeddable":true,"href":"https:\/\/www.simepe.com.br\/novo\/wp-json\/wp\/v2\/comments?post=57584"}],"version-history":[{"count":1,"href":"https:\/\/www.simepe.com.br\/novo\/wp-json\/wp\/v2\/posts\/57584\/revisions"}],"predecessor-version":[{"id":57585,"href":"https:\/\/www.simepe.com.br\/novo\/wp-json\/wp\/v2\/posts\/57584\/revisions\/57585"}],"wp:attachment":[{"href":"https:\/\/www.simepe.com.br\/novo\/wp-json\/wp\/v2\/media?parent=57584"}],"wp:term":[{"taxonomy":"category","embeddable":true,"href":"https:\/\/www.simepe.com.br\/novo\/wp-json\/wp\/v2\/categories?post=57584"},{"taxonomy":"post_tag","embeddable":true,"href":"https:\/\/www.simepe.com.br\/novo\/wp-json\/wp\/v2\/tags?post=57584"}],"curies":[{"name":"wp","href":"https:\/\/api.w.org\/{rel}","templated":true}]}}