{"id":57647,"date":"2021-02-08T10:26:14","date_gmt":"2021-02-08T13:26:14","guid":{"rendered":"https:\/\/www.simepe.com.br\/novo\/?p=57647"},"modified":"2021-02-08T10:26:14","modified_gmt":"2021-02-08T13:26:14","slug":"paciente-de-49-anos-transferido-do-amazonas-para-pernambuco-nao-resiste-e-morre","status":"publish","type":"post","link":"https:\/\/www.simepe.com.br\/novo\/paciente-de-49-anos-transferido-do-amazonas-para-pernambuco-nao-resiste-e-morre\/","title":{"rendered":"Paciente de 49 anos, transferido do Amazonas para Pernambuco, n\u00e3o resiste e morre"},"content":{"rendered":"<p><em>No momento da morte, ele estava intubado, recebendo medica\u00e7\u00e3o e assist\u00eancia da equipe multiprofissional da unidade.<\/em><\/p>\n<p>Morreu, na madrugada deste s\u00e1bado (6), um dos pacientes transferidos do Amazonas para Pernambuco por falta de leitos para Covid-19 no estado do norte. O homem tinha 49 anos e estava recebendo tratamento no Hospital de Refer\u00eancia \u00e0 Covid-19 &#8211; unidade Boa Viagem (antigo Alfa).\u00a0Ele foi transferido no dia 26 de janeiro, direto para o hospital de refer\u00eancia. No momento da morte, ele estava intubado, recebendo medica\u00e7\u00e3o e assist\u00eancia da equipe multiprofissional da unidade.<\/p>\n<p>Todos os procedimentos legais para libera\u00e7\u00e3o e transporte do corpo ao Estado de origem est\u00e3o sendo providenciados pelo Governo do Amazonas em parceria com o Minist\u00e9rio da Sa\u00fade.<br \/>\nEste \u00e9 o segundo \u00f3bito ocorrido na unidade hospitalar. Nesta semana, outros cinco pacientes do Amazonas receberam alta m\u00e9dica da unidade, sendo tr\u00eas (2 homens e 1 mulher) na \u00faltima segunda-feira (01\/02); e dois na \u00faltima quinta-feira (04\/02) (sendo 2 homens).<\/p>\n<p>Seis pacientes (4 homens e 2 mulheres), com idades entre 37 e 55 anos, ainda permanecem internados na UTI do Hospital de Refer\u00eancia \u00e0 Covid-19. Todos continuam a receber o suporte da equipe multidisciplinar, com realiza\u00e7\u00e3o de avalia\u00e7\u00f5es cont\u00ednuas que envolvem o monitoramento de qualquer altera\u00e7\u00e3o cl\u00ednica ocasionada pelo v\u00edrus respirat\u00f3rio. A unidade recebeu um total de 13 pacientes do Amazonas.<\/p>\n<p>Fonte: Folha de Pernambuco<\/p>\n","protected":false},"excerpt":{"rendered":"<p>No momento da morte, ele estava intubado, recebendo medica\u00e7\u00e3o e assist\u00eancia da equipe multiprofissional da unidade. Morreu, na madrugada deste s\u00e1bado (6), um dos pacientes transferidos do Amazonas para Pernambuco por falta de leitos para Covid-19 no estado do norte. O homem tinha 49 anos e estava recebendo tratamento no Hospital de Refer\u00eancia \u00e0 Covid-19 [&hellip;]<\/p>\n","protected":false},"author":1,"featured_media":0,"comment_status":"open","ping_status":"open","sticky":false,"template":"","format":"standard","meta":{"ocean_post_layout":"","ocean_both_sidebars_style":"","ocean_both_sidebars_content_width":0,"ocean_both_sidebars_sidebars_width":0,"ocean_sidebar":"","ocean_second_sidebar":"","ocean_disable_margins":"enable","ocean_add_body_class":"","ocean_shortcode_before_top_bar":"","ocean_shortcode_after_top_bar":"","ocean_shortcode_before_header":"","ocean_shortcode_after_header":"","ocean_has_shortcode":"","ocean_shortcode_after_title":"","ocean_shortcode_before_footer_widgets":"","ocean_shortcode_after_footer_widgets":"","ocean_shortcode_before_footer_bottom":"","ocean_shortcode_after_footer_bottom":"","ocean_display_top_bar":"default","ocean_display_header":"default","ocean_header_style":"","ocean_center_header_left_menu":"","ocean_custom_header_template":"","ocean_custom_logo":0,"ocean_custom_retina_logo":0,"ocean_custom_logo_max_width":0,"ocean_custom_logo_tablet_max_width":0,"ocean_custom_logo_mobile_max_width":0,"ocean_custom_logo_max_height":0,"ocean_custom_logo_tablet_max_height":0,"ocean_custom_logo_mobile_max_height":0,"ocean_header_custom_menu":"","ocean_menu_typo_font_family":"","ocean_menu_typo_font_subset":"","ocean_menu_typo_font_size":0,"ocean_menu_typo_font_size_tablet":0,"ocean_menu_typo_font_size_mobile":0,"ocean_menu_typo_font_size_unit":"px","ocean_menu_typo_font_weight":"","ocean_menu_typo_font_weight_tablet":"","ocean_menu_typo_font_weight_mobile":"","ocean_menu_typo_transform":"","ocean_menu_typo_transform_tablet":"","ocean_menu_typo_transform_mobile":"","ocean_menu_typo_line_height":0,"ocean_menu_typo_line_height_tablet":0,"ocean_menu_typo_line_height_mobile":0,"ocean_menu_typo_line_height_unit":"","ocean_menu_typo_spacing":0,"ocean_menu_typo_spacing_tablet":0,"ocean_menu_typo_spacing_mobile":0,"ocean_menu_typo_spacing_unit":"","ocean_menu_link_color":"","ocean_menu_link_color_hover":"","ocean_menu_link_color_active":"","ocean_menu_link_background":"","ocean_menu_link_hover_background":"","ocean_menu_link_active_background":"","ocean_menu_social_links_bg":"","ocean_menu_social_hover_links_bg":"","ocean_menu_social_links_color":"","ocean_menu_social_hover_links_color":"","ocean_disable_title":"default","ocean_disable_heading":"default","ocean_post_title":"","ocean_post_subheading":"","ocean_post_title_style":"","ocean_post_title_background_color":"","ocean_post_title_background":0,"ocean_post_title_bg_image_position":"","ocean_post_title_bg_image_attachment":"","ocean_post_title_bg_image_repeat":"","ocean_post_title_bg_image_size":"","ocean_post_title_height":0,"ocean_post_title_bg_overlay":0.5,"ocean_post_title_bg_overlay_color":"","ocean_disable_breadcrumbs":"default","ocean_breadcrumbs_color":"","ocean_breadcrumbs_separator_color":"","ocean_breadcrumbs_links_color":"","ocean_breadcrumbs_links_hover_color":"","ocean_display_footer_widgets":"default","ocean_display_footer_bottom":"default","ocean_custom_footer_template":"","ocean_post_oembed":"","ocean_post_self_hosted_media":"","ocean_post_video_embed":"","ocean_link_format":"","ocean_link_format_target":"self","ocean_quote_format":"","ocean_quote_format_link":"post","ocean_gallery_link_images":"on","ocean_gallery_id":[]},"categories":[9],"tags":[1420,1490,82],"acf":[],"_links":{"self":[{"href":"https:\/\/www.simepe.com.br\/novo\/wp-json\/wp\/v2\/posts\/57647"}],"collection":[{"href":"https:\/\/www.simepe.com.br\/novo\/wp-json\/wp\/v2\/posts"}],"about":[{"href":"https:\/\/www.simepe.com.br\/novo\/wp-json\/wp\/v2\/types\/post"}],"author":[{"embeddable":true,"href":"https:\/\/www.simepe.com.br\/novo\/wp-json\/wp\/v2\/users\/1"}],"replies":[{"embeddable":true,"href":"https:\/\/www.simepe.com.br\/novo\/wp-json\/wp\/v2\/comments?post=57647"}],"version-history":[{"count":1,"href":"https:\/\/www.simepe.com.br\/novo\/wp-json\/wp\/v2\/posts\/57647\/revisions"}],"predecessor-version":[{"id":57649,"href":"https:\/\/www.simepe.com.br\/novo\/wp-json\/wp\/v2\/posts\/57647\/revisions\/57649"}],"wp:attachment":[{"href":"https:\/\/www.simepe.com.br\/novo\/wp-json\/wp\/v2\/media?parent=57647"}],"wp:term":[{"taxonomy":"category","embeddable":true,"href":"https:\/\/www.simepe.com.br\/novo\/wp-json\/wp\/v2\/categories?post=57647"},{"taxonomy":"post_tag","embeddable":true,"href":"https:\/\/www.simepe.com.br\/novo\/wp-json\/wp\/v2\/tags?post=57647"}],"curies":[{"name":"wp","href":"https:\/\/api.w.org\/{rel}","templated":true}]}}