{"id":57662,"date":"2021-02-08T10:59:57","date_gmt":"2021-02-08T13:59:57","guid":{"rendered":"https:\/\/www.simepe.com.br\/novo\/?p=57662"},"modified":"2021-02-08T10:59:57","modified_gmt":"2021-02-08T13:59:57","slug":"vacinacao-contra-covid-19-em-descompasso-menos-de-40-das-doses-foram-aplicadas","status":"publish","type":"post","link":"https:\/\/www.simepe.com.br\/novo\/vacinacao-contra-covid-19-em-descompasso-menos-de-40-das-doses-foram-aplicadas\/","title":{"rendered":"Vacina\u00e7\u00e3o contra Covid-19 em descompasso: menos de 40% das doses foram aplicadas"},"content":{"rendered":"<p>Se, h\u00e1 um m\u00eas, a cobran\u00e7a era para dar in\u00edcio \u00e0 campanha nacional de imuniza\u00e7\u00e3o contra a Covid-19, agora, o pa\u00eds assiste \u00e0 morosidade do governo em fazer com que as poucas doses dispon\u00edveis no pa\u00eds cheguem, de fato, aos grupos mais vulner\u00e1veis. Para al\u00e9m da escassez de unidades, a falta de um plano de operacionaliza\u00e7\u00e3o central efetivo levou cada um dos entes federativos a interpretar as prioridades de maneira distinta, o que acaba gerando um descompasso no ritmo de entrega. Enquanto alguns estados zeraram seus estoques e precisaram paralisar os pr\u00f3ximos passos, outros n\u00e3o chegaram a conseguir aplicar nem 20% das vacinas.<\/p>\n<p>No total, desde o in\u00edcio da imuniza\u00e7\u00e3o, em 18 de janeiro, cerca de 3,58 milh\u00f5es de brasileiros receberam a primeira aplica\u00e7\u00e3o, uma m\u00e9dia de 170 mil vacinados por dia. Os dados s\u00e3o do Painel Covid-19 \u2014 Estat\u00edsticas do Coronav\u00edrus, plataforma criada pelo analista de sistemas e matem\u00e1tico Giscard Stephanou a partir de dados oficiais das secretarias de estado e do Minist\u00e9rio da Sa\u00fade. Dos nove milh\u00f5es de doses distribu\u00eddas, foram aplicadas menos de 40%, imunizando parcialmente cerca de 1,7% da popula\u00e7\u00e3o.<\/p>\n<p>\u00c9 fato que parte do estoque relativo \u00e0 CoronaVac est\u00e1 reservada para garantir a segunda dose, agendada para ocorrer at\u00e9 28 dias ap\u00f3s a primeira aplica\u00e7\u00e3o. Ainda assim \u2014 ao considerar que os dois milh\u00f5es de doses da Covishield, conhecida popularmente como a vacina de Oxford\/AstraZeneca, j\u00e1 foram liberados \u2014 o percentual de doses aplicadas em rela\u00e7\u00e3o \u00e0s distribu\u00eddas deveria estar em 61%, patamar que o pa\u00eds teria capacidade de atingir, pela experi\u00eancia com o Programa Nacional de Imuniza\u00e7\u00e3o (PNI), em uma semana. \u00c9 o que argumenta o m\u00e9dico sanitarista da Funda\u00e7\u00e3o Oswaldo Cruz (Fiocruz) Bras\u00edlia Cl\u00e1udio Maierovitch. \u201cEra melhor que j\u00e1 tivesse acabado, porque a\u00ed j\u00e1 ter\u00edamos mais gente vacinada\u201d.<\/p>\n<p>Em ritmo normal de campanhas nacionais, como a vacina\u00e7\u00e3o contra a gripe, o pa\u00eds \u00e9 capaz de imunizar entre 1 milh\u00e3o e 1,5 milh\u00e3o de pessoas em um \u00fanico dia. Em 2019, por exemplo, o Dia D levou 5,5 milh\u00f5es aos postos de sa\u00fade. Para o diretor cient\u00edfico da Sociedade de Infectologia do Distrito Federal, Jos\u00e9 Davi Urbaez, \u00e9 poss\u00edvel observar com clareza que o Brasil n\u00e3o est\u00e1 vacinando no ritmo em que \u00e9 capaz, mas o ponto de partida do problema \u00e9 a falta de oferta. \u201cA quantidade de imun\u00f3geno \u00e9 pequena e isso tem levado a essas campanhas meio mornas\u201d. Conforme o especialista, a situa\u00e7\u00e3o em que o Brasil se v\u00ea no momento \u00e9 reflexo de uma \u201cpol\u00edtica de sabotagem sistem\u00e1tica de tudo que representa controle da pandemia\u201d.<\/p>\n<p>Por mais que a oferta esteja aqu\u00e9m da necessidade do momento, Maierovitch refor\u00e7a que a falta de planejamento do governo federal culmina no atual momento. \u201cFoi criado um clima de imprevisibilidade que poderia ter sido diferente. Todos os gestores estaduais e municipais est\u00e3o muito cautelosos a ponto de terem dificuldade de se organizar, desacelerando o j\u00e1 prejudicado ritmo da vacina\u00e7\u00e3o, emitindo orienta\u00e7\u00f5es distintas entre si\u201d.<\/p>\n<p>Com isso, a condu\u00e7\u00e3o da campanha ganhou diferentes contornos entre as unidades da federa\u00e7\u00e3o. Enquanto o Distrito Federal vacinou idosos acima dos 80 anos e preferiu deixar de fora, no primeiro momento, parte dos profissionais da sa\u00fade que n\u00e3o est\u00e3o envolvidos diretamente no combate \u00e0 Covid-19, em S\u00e3o Paulo, os idosos acima de 90 anos ainda n\u00e3o come\u00e7aram a receber a inje\u00e7\u00e3o, enquanto houve campanha em comunidades quilombolas.<\/p>\n<p>Para o epidemiologista e professor em sa\u00fade coletiva da Universidade de Bras\u00edlia (UnB) Jonas Brant, esse descompasso entre os entes federativos \u00e9 mais um demonstrativo de que a coordena\u00e7\u00e3o das etapas n\u00e3o foi centralizada da maneira como deveria, com planejamento sobre quais grupos iriam ser priorit\u00e1rios e quantas doses seriam recebidas em cada etapa para que as equipes pudessem se organizar. \u201cEsse trabalho est\u00e1 sendo feito \u00e0s avessas e por local, o que acaba criando uma barreira nessa etapa, em termos de defini\u00e7\u00e3o. Porque \u00e9 necess\u00e1rio ver quantas doses e qual o tamanho da popula\u00e7\u00e3o, primeiro, para ent\u00e3o definir o grupo e chamar para vacinar\u201d.<\/p>\n<p><strong>Estados<\/strong><br \/>\nAlgumas localidades conseguiram dar mais fluidez ao ritmo de vacina\u00e7\u00e3o e esperam chegar \u00e0 pr\u00f3xima remessa de 2,8 milh\u00f5es de doses, enviada no s\u00e1bado pelo minist\u00e9rio, para dar seguimento \u00e0 campanha. \u00c9 o caso de DF, Bahia, Alagoas e Rio Grande do Norte, que usaram mais de 50% das vacinas, considerando ser necess\u00e1rio armazenar parte da entrega para a segunda dose. Por outro lado, Roraima, Acre e Tocantins t\u00eam menos de 20% do repasse aplicado. O Amazonas, apesar de ter recebido uma remessa exclusiva de 900 mil doses a mais do que os outros entes, em raz\u00e3o da gravidade da pandemia no local, n\u00e3o conseguiu dar sa\u00edda com rapidez e aplicou 25% das vacinas enviadas. Os dados s\u00e3o do Painel Covid-19 \u2014 Estat\u00edsticas do Coronav\u00edrus.<\/p>\n<p>\u201cAs diferen\u00e7as regionais dificultam ainda mais o entendimento da popula\u00e7\u00e3o e a comunica\u00e7\u00e3o vira um desafio. As informa\u00e7\u00f5es chegam parceladas, com mudan\u00e7as de estrat\u00e9gias em tempo real. Isso gera uma sensa\u00e7\u00e3o ruim, de p\u00e2nico, o que leva as pessoas a gerarem grandes filas no primeiro momento por medo de acabar a vacina\u201d, explica Brant.<\/p>\n<p>Diante do problema j\u00e1 imposto, Maierovitch frisa a necessidade de organiza\u00e7\u00e3o das estrat\u00e9gias que, para n\u00e3o gerar ainda mais atrasos no processo de vacina\u00e7\u00e3o, requer agilidade. \u201cMas o governo mal emite sinais. Quando n\u00e3o engata a marcha a r\u00e9, deixa o freio de m\u00e3o puxado e a coisa n\u00e3o anda\u201d, critica. Uma das discuss\u00f5es a curto prazo que j\u00e1 deveria ter sido travada \u00e9 a libera\u00e7\u00e3o de parte da reserva para aplica\u00e7\u00e3o da segunda dose da CoronaVac, j\u00e1 que a inseguran\u00e7a em rela\u00e7\u00e3o \u00e0s novas ofertas est\u00e1 controlada com a chegada do Ingrediente Farmac\u00eautico Ativo (IFA), que garante a continuidade da produ\u00e7\u00e3o.<\/p>\n<p>Em fevereiro, o Brasil s\u00f3 ter\u00e1 ofertas da CoronaVac para continuar a campanha. O Instituto Butantan tem o compromisso de entregar 9,3 milh\u00f5es de doses at\u00e9 o fim do m\u00eas, fechando o per\u00edodo com 18 milh\u00f5es de unidades da vacina chinesa e dois milh\u00f5es da AstraZeneca. Mantendo a pol\u00edtica de estocar as segundas doses da vacina chinesa, o montante \u00e9 suficiente para imunizar 11 milh\u00f5es de pessoas ao fim do primeiro bimestre de 2021, o que \u00e9 insuficiente at\u00e9 mesmo para concluir a primeira etapa do grupo priorit\u00e1rio, que inclui profissionais de sa\u00fade, idosos, ind\u00edgenas e quilombolas. Para cumprir a fase inicial de vacina\u00e7\u00e3o, seria necess\u00e1rio o montante de 30 milh\u00f5es de doses.<\/p>\n<p>Fonte: Diario de Pernambuco<\/p>\n","protected":false},"excerpt":{"rendered":"<p>Se, h\u00e1 um m\u00eas, a cobran\u00e7a era para dar in\u00edcio \u00e0 campanha nacional de imuniza\u00e7\u00e3o contra a Covid-19, agora, o pa\u00eds assiste \u00e0 morosidade do governo em fazer com que as poucas doses dispon\u00edveis no pa\u00eds cheguem, de fato, aos grupos mais vulner\u00e1veis. Para al\u00e9m da escassez de unidades, a falta de um plano de [&hellip;]<\/p>\n","protected":false},"author":1,"featured_media":0,"comment_status":"open","ping_status":"open","sticky":false,"template":"","format":"standard","meta":{"ocean_post_layout":"","ocean_both_sidebars_style":"","ocean_both_sidebars_content_width":0,"ocean_both_sidebars_sidebars_width":0,"ocean_sidebar":"","ocean_second_sidebar":"","ocean_disable_margins":"enable","ocean_add_body_class":"","ocean_shortcode_before_top_bar":"","ocean_shortcode_after_top_bar":"","ocean_shortcode_before_header":"","ocean_shortcode_after_header":"","ocean_has_shortcode":"","ocean_shortcode_after_title":"","ocean_shortcode_before_footer_widgets":"","ocean_shortcode_after_footer_widgets":"","ocean_shortcode_before_footer_bottom":"","ocean_shortcode_after_footer_bottom":"","ocean_display_top_bar":"default","ocean_display_header":"default","ocean_header_style":"","ocean_center_header_left_menu":"","ocean_custom_header_template":"","ocean_custom_logo":0,"ocean_custom_retina_logo":0,"ocean_custom_logo_max_width":0,"ocean_custom_logo_tablet_max_width":0,"ocean_custom_logo_mobile_max_width":0,"ocean_custom_logo_max_height":0,"ocean_custom_logo_tablet_max_height":0,"ocean_custom_logo_mobile_max_height":0,"ocean_header_custom_menu":"","ocean_menu_typo_font_family":"","ocean_menu_typo_font_subset":"","ocean_menu_typo_font_size":0,"ocean_menu_typo_font_size_tablet":0,"ocean_menu_typo_font_size_mobile":0,"ocean_menu_typo_font_size_unit":"px","ocean_menu_typo_font_weight":"","ocean_menu_typo_font_weight_tablet":"","ocean_menu_typo_font_weight_mobile":"","ocean_menu_typo_transform":"","ocean_menu_typo_transform_tablet":"","ocean_menu_typo_transform_mobile":"","ocean_menu_typo_line_height":0,"ocean_menu_typo_line_height_tablet":0,"ocean_menu_typo_line_height_mobile":0,"ocean_menu_typo_line_height_unit":"","ocean_menu_typo_spacing":0,"ocean_menu_typo_spacing_tablet":0,"ocean_menu_typo_spacing_mobile":0,"ocean_menu_typo_spacing_unit":"","ocean_menu_link_color":"","ocean_menu_link_color_hover":"","ocean_menu_link_color_active":"","ocean_menu_link_background":"","ocean_menu_link_hover_background":"","ocean_menu_link_active_background":"","ocean_menu_social_links_bg":"","ocean_menu_social_hover_links_bg":"","ocean_menu_social_links_color":"","ocean_menu_social_hover_links_color":"","ocean_disable_title":"default","ocean_disable_heading":"default","ocean_post_title":"","ocean_post_subheading":"","ocean_post_title_style":"","ocean_post_title_background_color":"","ocean_post_title_background":0,"ocean_post_title_bg_image_position":"","ocean_post_title_bg_image_attachment":"","ocean_post_title_bg_image_repeat":"","ocean_post_title_bg_image_size":"","ocean_post_title_height":0,"ocean_post_title_bg_overlay":0.5,"ocean_post_title_bg_overlay_color":"","ocean_disable_breadcrumbs":"default","ocean_breadcrumbs_color":"","ocean_breadcrumbs_separator_color":"","ocean_breadcrumbs_links_color":"","ocean_breadcrumbs_links_hover_color":"","ocean_display_footer_widgets":"default","ocean_display_footer_bottom":"default","ocean_custom_footer_template":"","ocean_post_oembed":"","ocean_post_self_hosted_media":"","ocean_post_video_embed":"","ocean_link_format":"","ocean_link_format_target":"self","ocean_quote_format":"","ocean_quote_format_link":"post","ocean_gallery_link_images":"on","ocean_gallery_id":[]},"categories":[9],"tags":[1420,1490,82],"acf":[],"_links":{"self":[{"href":"https:\/\/www.simepe.com.br\/novo\/wp-json\/wp\/v2\/posts\/57662"}],"collection":[{"href":"https:\/\/www.simepe.com.br\/novo\/wp-json\/wp\/v2\/posts"}],"about":[{"href":"https:\/\/www.simepe.com.br\/novo\/wp-json\/wp\/v2\/types\/post"}],"author":[{"embeddable":true,"href":"https:\/\/www.simepe.com.br\/novo\/wp-json\/wp\/v2\/users\/1"}],"replies":[{"embeddable":true,"href":"https:\/\/www.simepe.com.br\/novo\/wp-json\/wp\/v2\/comments?post=57662"}],"version-history":[{"count":1,"href":"https:\/\/www.simepe.com.br\/novo\/wp-json\/wp\/v2\/posts\/57662\/revisions"}],"predecessor-version":[{"id":57664,"href":"https:\/\/www.simepe.com.br\/novo\/wp-json\/wp\/v2\/posts\/57662\/revisions\/57664"}],"wp:attachment":[{"href":"https:\/\/www.simepe.com.br\/novo\/wp-json\/wp\/v2\/media?parent=57662"}],"wp:term":[{"taxonomy":"category","embeddable":true,"href":"https:\/\/www.simepe.com.br\/novo\/wp-json\/wp\/v2\/categories?post=57662"},{"taxonomy":"post_tag","embeddable":true,"href":"https:\/\/www.simepe.com.br\/novo\/wp-json\/wp\/v2\/tags?post=57662"}],"curies":[{"name":"wp","href":"https:\/\/api.w.org\/{rel}","templated":true}]}}