{"id":57688,"date":"2021-01-17T14:09:07","date_gmt":"2021-01-17T17:09:07","guid":{"rendered":"https:\/\/www.simepe.com.br\/novo\/?p=57688"},"modified":"2021-02-08T14:12:53","modified_gmt":"2021-02-08T17:12:53","slug":"atencao-medico-17012021","status":"publish","type":"post","link":"https:\/\/www.simepe.com.br\/novo\/atencao-medico-17012021\/","title":{"rendered":"Aten\u00e7\u00e3o M\u00e9dico &#8211; 17\/01\/2021"},"content":{"rendered":"<p style=\"text-align: center;\"><strong>AUDI\u00caNCIA COM A NOVA SECRET\u00c1RIA DE SA\u00daDE DO RECIFE<\/strong><\/p>\n<p style=\"text-align: justify;\">\nRepresentantes do Simepe participaram na quinta-feira passada (14\/01), \u00e0 convite do Conselho Regional de Medicina de Pernambuco (Cremepe), de uma audi\u00eancia com a nova titular da Secretaria de Sa\u00fade do Recife, Luciana Albuquerque. Na reuni\u00e3o, foram discutidos temas importantes, como o plano de vacina\u00e7\u00e3o na cidade, priorizando os<br \/>\ngrupos de risco e previs\u00e3o de prazos para execu\u00e7\u00e3o. O Sindicato cobrou maior efetividade em a\u00e7\u00f5es na aten\u00e7\u00e3o prim\u00e1ria; necessidade de maior cuidado com os fluxos Covid\/N\u00e3o Covid nas Policl\u00ednicas; aglomera\u00e7\u00f5es registradas nas unidades de sa\u00fade; d\u00e9ficit de m\u00e9dicos na rede materno infantil; convoca\u00e7\u00e3o de profissionais do \u00faltimo concurso p\u00fablico; incorpora\u00e7\u00e3o da gratifica\u00e7\u00e3o de plant\u00e3o e pagamento dos m\u00e9dicos.<\/p>\n<p style=\"text-align: center;\">\n<strong>SIMEPE &#8211; HIST\u00d3RIA DE LUTA E REPRESENTATIVIDADE<\/strong><\/p>\n<p style=\"text-align: justify;\">\nA hist\u00f3ria de luta do Simepe, desafios e import\u00e2ncia da representatividade m\u00e9dica foram pontos destacados pela presidente da entidade, Claudia Beatriz Andrade, e pelo vice Walber Steffano durante o Semin\u00e1rio de Gest\u00e3o realizado pelo vereador do Recife, Tadeu Calheiros. As palestras foram realizadas na ter\u00e7a-feira passada (12\/01), na sede da AMPE. Durante o encontro, tamb\u00e9m foi pontuada a a\u00e7\u00e3o coletiva das entidades na luta pela melhoria de condi\u00e7\u00f5es de trabalho para todos os m\u00e9dicos em n\u00edvel estadual. Vale frisar que, a presidente Cl\u00e1udia Beatriz apresentou em 11\/01, os graves problemas da rede materno-infantil do Recife: falta de provimento de profissionais, de antibi\u00f3ticos e material cir\u00fargico; os graves problemas das ambul\u00e2ncias para transfer\u00eancias das gestantes; a assist\u00eancia pr\u00e9-natal e a desativa\u00e7\u00e3o de v\u00e1rias maternidades das cidades circunvizinhas, na Regi\u00e3o Metropolitana do Recife.<\/p>\n<p style=\"text-align: center;\">\n<strong>SIMEPE &#8211; ENTREVISTA NA CBN CARUARU<\/strong><\/p>\n<p style=\"text-align: justify;\">\nA diretora regional do Simepe em Caruaru, Ana Carolina Tabosa, participou de entrevista com a R\u00e1dio CBN de Caruaru, na \u00faltima ter\u00e7a-feira (12\/01), para refor\u00e7ar o posicionamento do sindicato frente ao novo Coronav\u00edrus e os desafios que v\u00eam encarando, al\u00e9m das irregularidades sofridas pelos profissionais em meio \u00e0 pandemia. A m\u00e9dica destacou que as maiores dificuldades n\u00e3o s\u00e3o enfrentadas apenas no \u00e2mbito f\u00edsico e cl\u00ednico da situa\u00e7\u00e3o; para ela, o psicol\u00f3gico pesa bastante no dia a dia dos m\u00e9dicos e profissionais de sa\u00fade.<\/p>\n<p style=\"text-align: center;\">\n<strong>M\u00c9DICOS DO HOSPITAL NOSSA SENHORA DO \u00d3<\/strong><\/p>\n<p style=\"text-align: justify;\">\nOs diretores do Simepe &#8211; Malu David e Rodrigo Rosas \u2013 reuniram-se na tarde de quinta-feira 14\/01), com os m\u00e9dicos do Hospital Nossa Senhora do \u00d3, localizado em Paulista, para discutir o atraso dos honor\u00e1rios. O encontro foi realizado na sede do Sindicato e tamb\u00e9m contou com a presen\u00e7a do advogado Ricardo Santos, da Defensoria M\u00e9dica. Ao final da reuni\u00e3o, ficou acertado que um documento ser\u00e1\u00a0encaminhado para a administra\u00e7\u00e3o da institui\u00e7\u00e3o hospitalar, com o objetivo de discutir a demanda apresentada pelos m\u00e9dicos.<\/p>\n<p style=\"text-align: center;\">\n<strong>CLUBE SIMEPE<\/strong><\/p>\n<p style=\"text-align: justify;\">\nCaros colegas m\u00e9dicos: no Clube Simepe as vantagens j\u00e1 come\u00e7am pela facilidade para se associar. O processo \u00e9 simples, r\u00e1pido e totalmente online. Acesse\u00a0www.clubesimepe.com.br, torne-se um associado e garanta benef\u00edcios nas \u00e1reas de educa\u00e7\u00e3o, gastronomia, ensino, viagem e hotelaria, lazer, servi\u00e7os financeiros e plano de sa\u00fade. Clube Simepe: um mundo de vantagens!<\/p>\n<p style=\"text-align: center;\">\nRecife, 17 de janeiro de 2021<br \/>\nA DIRETORIA<\/p>\n","protected":false},"excerpt":{"rendered":"<p>AUDI\u00caNCIA COM A NOVA SECRET\u00c1RIA DE SA\u00daDE DO RECIFE Representantes do Simepe participaram na quinta-feira passada (14\/01), \u00e0 convite do Conselho Regional de Medicina de Pernambuco (Cremepe), de uma audi\u00eancia com a nova titular da Secretaria de Sa\u00fade do Recife, Luciana Albuquerque. Na reuni\u00e3o, foram discutidos temas importantes, como o plano de vacina\u00e7\u00e3o na cidade, [&hellip;]<\/p>\n","protected":false},"author":1,"featured_media":0,"comment_status":"open","ping_status":"open","sticky":false,"template":"","format":"standard","meta":{"ocean_post_layout":"","ocean_both_sidebars_style":"","ocean_both_sidebars_content_width":0,"ocean_both_sidebars_sidebars_width":0,"ocean_sidebar":"","ocean_second_sidebar":"","ocean_disable_margins":"enable","ocean_add_body_class":"","ocean_shortcode_before_top_bar":"","ocean_shortcode_after_top_bar":"","ocean_shortcode_before_header":"","ocean_shortcode_after_header":"","ocean_has_shortcode":"","ocean_shortcode_after_title":"","ocean_shortcode_before_footer_widgets":"","ocean_shortcode_after_footer_widgets":"","ocean_shortcode_before_footer_bottom":"","ocean_shortcode_after_footer_bottom":"","ocean_display_top_bar":"default","ocean_display_header":"default","ocean_header_style":"","ocean_center_header_left_menu":"","ocean_custom_header_template":"","ocean_custom_logo":0,"ocean_custom_retina_logo":0,"ocean_custom_logo_max_width":0,"ocean_custom_logo_tablet_max_width":0,"ocean_custom_logo_mobile_max_width":0,"ocean_custom_logo_max_height":0,"ocean_custom_logo_tablet_max_height":0,"ocean_custom_logo_mobile_max_height":0,"ocean_header_custom_menu":"","ocean_menu_typo_font_family":"","ocean_menu_typo_font_subset":"","ocean_menu_typo_font_size":0,"ocean_menu_typo_font_size_tablet":0,"ocean_menu_typo_font_size_mobile":0,"ocean_menu_typo_font_size_unit":"px","ocean_menu_typo_font_weight":"","ocean_menu_typo_font_weight_tablet":"","ocean_menu_typo_font_weight_mobile":"","ocean_menu_typo_transform":"","ocean_menu_typo_transform_tablet":"","ocean_menu_typo_transform_mobile":"","ocean_menu_typo_line_height":0,"ocean_menu_typo_line_height_tablet":0,"ocean_menu_typo_line_height_mobile":0,"ocean_menu_typo_line_height_unit":"","ocean_menu_typo_spacing":0,"ocean_menu_typo_spacing_tablet":0,"ocean_menu_typo_spacing_mobile":0,"ocean_menu_typo_spacing_unit":"","ocean_menu_link_color":"","ocean_menu_link_color_hover":"","ocean_menu_link_color_active":"","ocean_menu_link_background":"","ocean_menu_link_hover_background":"","ocean_menu_link_active_background":"","ocean_menu_social_links_bg":"","ocean_menu_social_hover_links_bg":"","ocean_menu_social_links_color":"","ocean_menu_social_hover_links_color":"","ocean_disable_title":"default","ocean_disable_heading":"default","ocean_post_title":"","ocean_post_subheading":"","ocean_post_title_style":"","ocean_post_title_background_color":"","ocean_post_title_background":0,"ocean_post_title_bg_image_position":"","ocean_post_title_bg_image_attachment":"","ocean_post_title_bg_image_repeat":"","ocean_post_title_bg_image_size":"","ocean_post_title_height":0,"ocean_post_title_bg_overlay":0.5,"ocean_post_title_bg_overlay_color":"","ocean_disable_breadcrumbs":"default","ocean_breadcrumbs_color":"","ocean_breadcrumbs_separator_color":"","ocean_breadcrumbs_links_color":"","ocean_breadcrumbs_links_hover_color":"","ocean_display_footer_widgets":"default","ocean_display_footer_bottom":"default","ocean_custom_footer_template":"","ocean_post_oembed":"","ocean_post_self_hosted_media":"","ocean_post_video_embed":"","ocean_link_format":"","ocean_link_format_target":"self","ocean_quote_format":"","ocean_quote_format_link":"post","ocean_gallery_link_images":"on","ocean_gallery_id":[]},"categories":[1],"tags":[],"acf":[],"_links":{"self":[{"href":"https:\/\/www.simepe.com.br\/novo\/wp-json\/wp\/v2\/posts\/57688"}],"collection":[{"href":"https:\/\/www.simepe.com.br\/novo\/wp-json\/wp\/v2\/posts"}],"about":[{"href":"https:\/\/www.simepe.com.br\/novo\/wp-json\/wp\/v2\/types\/post"}],"author":[{"embeddable":true,"href":"https:\/\/www.simepe.com.br\/novo\/wp-json\/wp\/v2\/users\/1"}],"replies":[{"embeddable":true,"href":"https:\/\/www.simepe.com.br\/novo\/wp-json\/wp\/v2\/comments?post=57688"}],"version-history":[{"count":1,"href":"https:\/\/www.simepe.com.br\/novo\/wp-json\/wp\/v2\/posts\/57688\/revisions"}],"predecessor-version":[{"id":57689,"href":"https:\/\/www.simepe.com.br\/novo\/wp-json\/wp\/v2\/posts\/57688\/revisions\/57689"}],"wp:attachment":[{"href":"https:\/\/www.simepe.com.br\/novo\/wp-json\/wp\/v2\/media?parent=57688"}],"wp:term":[{"taxonomy":"category","embeddable":true,"href":"https:\/\/www.simepe.com.br\/novo\/wp-json\/wp\/v2\/categories?post=57688"},{"taxonomy":"post_tag","embeddable":true,"href":"https:\/\/www.simepe.com.br\/novo\/wp-json\/wp\/v2\/tags?post=57688"}],"curies":[{"name":"wp","href":"https:\/\/api.w.org\/{rel}","templated":true}]}}