{"id":57712,"date":"2021-02-09T09:40:14","date_gmt":"2021-02-09T12:40:14","guid":{"rendered":"https:\/\/www.simepe.com.br\/novo\/?p=57712"},"modified":"2021-02-09T09:40:14","modified_gmt":"2021-02-09T12:40:14","slug":"conselho-recomenda-vacinacao-de-presos-e-servidores-de-presidios","status":"publish","type":"post","link":"https:\/\/www.simepe.com.br\/novo\/conselho-recomenda-vacinacao-de-presos-e-servidores-de-presidios\/","title":{"rendered":"Conselho recomenda vacina\u00e7\u00e3o de presos e servidores de pres\u00eddios"},"content":{"rendered":"<p><em>Resolu\u00e7\u00e3o est\u00e1 publicada no Di\u00e1rio Oficial da Uni\u00e3o de hoje.<\/em><\/p>\n<p>O Conselho Nacional de Pol\u00edtica Criminal e Penitenci\u00e1ria publicou, no Di\u00e1rio Oficial da Uni\u00e3o de nesta ter\u00e7a-feira (9), resolu\u00e7\u00e3o que recomenda, a autoridades da sa\u00fade, dar prioridade \u00e0 vacina\u00e7\u00e3o de servidores e pessoas privadas de liberdade, no \u00e2mbito do Plano Nacional de Operacionaliza\u00e7\u00e3o da Vacina contra o Covid-19.<\/p>\n<p>Citando dados do Departamento Penitenci\u00e1rio Nacional (Depen), a Resolu\u00e7\u00e3o n\u00ba14 lembra que 42.517 presos foram contaminados pela covid-19 entre mar\u00e7o de 2020 e janeiro de 2021. Desses, 133 presos morreram por causa da doen\u00e7a. Na compara\u00e7\u00e3o com a popula\u00e7\u00e3o brasileira, a taxa de infec\u00e7\u00e3o foi 47% maior, J\u00e1 a de letalidade foi 87% menor.<\/p>\n<p>As visitas sociais foram interrompidas em todos os pres\u00eddios do pa\u00eds desde mar\u00e7o de 2020. Apenas as visitas presenciais e atendimentos de advogados est\u00e3o sendo retomados, mas de forma gradual em alguns estados. Em meio a esse contexto, o principal contato entre a popula\u00e7\u00e3o prisional e o mundo exterior passou a ser o de servidores dessas institui\u00e7\u00f5es penais.<\/p>\n<p>A resolu\u00e7\u00e3o acrescenta que \u201cquanto maior a demora da vacina\u00e7\u00e3o no sistema prisional, maiores ser\u00e3o os gastos em 2021 com a preven\u00e7\u00e3o e assist\u00eancia \u00e0 sa\u00fade da massa carcer\u00e1ria\u201d. Al\u00e9m disso, lembra que o aumento de infectados na popula\u00e7\u00e3o prisional pode acabar demandando ocupa\u00e7\u00e3o de vagas em estabelecimentos hospitalares, \u201csobrecarregando ainda mais o sistema de sa\u00fade p\u00fablica\u201d, al\u00e9m de possibilitar a liberta\u00e7\u00e3o de mais presos, conforme previsto pela Resolu\u00e7\u00e3o 62 do Conselho Nacional de Justi\u00e7a.<\/p>\n<p>Diante dessa situa\u00e7\u00e3o, a resolu\u00e7\u00e3o publicada hoje recomenda \u00e0s secretarias estaduais de Sa\u00fade que preparem planos operacionais, em parceria com as administra\u00e7\u00f5es penitenciarias, para viabilizar a vacina\u00e7\u00e3o de policiais penais e pessoas privadas de liberdade, observando as fases e o calend\u00e1rio previstos no Plano Nacional de Operacionaliza\u00e7\u00e3o da Vacina contra a Covid-19.<\/p>\n<p>Ao Minist\u00e9rio da Sa\u00fade e \u00e0s secretarias estaduais de Sa\u00fade, a resolu\u00e7\u00e3o recomenda que incluam, no rol das pessoas a integrar o grupo priorit\u00e1rio de vacina\u00e7\u00e3o, \u201ctodos os demais profissionais (estagi\u00e1rios, terceirizados, policiais militares, etc) que atuem nas unidades de cust\u00f3dia de pessoas privadas de liberdade, dado o risco inerente \u00e0s atribui\u00e7\u00f5es\u201d.<\/p>\n<p>Fonte: Folha de Pernambuco<\/p>\n","protected":false},"excerpt":{"rendered":"<p>Resolu\u00e7\u00e3o est\u00e1 publicada no Di\u00e1rio Oficial da Uni\u00e3o de hoje. O Conselho Nacional de Pol\u00edtica Criminal e Penitenci\u00e1ria publicou, no Di\u00e1rio Oficial da Uni\u00e3o de nesta ter\u00e7a-feira (9), resolu\u00e7\u00e3o que recomenda, a autoridades da sa\u00fade, dar prioridade \u00e0 vacina\u00e7\u00e3o de servidores e pessoas privadas de liberdade, no \u00e2mbito do Plano Nacional de Operacionaliza\u00e7\u00e3o da Vacina [&hellip;]<\/p>\n","protected":false},"author":1,"featured_media":0,"comment_status":"open","ping_status":"open","sticky":false,"template":"","format":"standard","meta":{"ocean_post_layout":"","ocean_both_sidebars_style":"","ocean_both_sidebars_content_width":0,"ocean_both_sidebars_sidebars_width":0,"ocean_sidebar":"","ocean_second_sidebar":"","ocean_disable_margins":"enable","ocean_add_body_class":"","ocean_shortcode_before_top_bar":"","ocean_shortcode_after_top_bar":"","ocean_shortcode_before_header":"","ocean_shortcode_after_header":"","ocean_has_shortcode":"","ocean_shortcode_after_title":"","ocean_shortcode_before_footer_widgets":"","ocean_shortcode_after_footer_widgets":"","ocean_shortcode_before_footer_bottom":"","ocean_shortcode_after_footer_bottom":"","ocean_display_top_bar":"default","ocean_display_header":"default","ocean_header_style":"","ocean_center_header_left_menu":"","ocean_custom_header_template":"","ocean_custom_logo":0,"ocean_custom_retina_logo":0,"ocean_custom_logo_max_width":0,"ocean_custom_logo_tablet_max_width":0,"ocean_custom_logo_mobile_max_width":0,"ocean_custom_logo_max_height":0,"ocean_custom_logo_tablet_max_height":0,"ocean_custom_logo_mobile_max_height":0,"ocean_header_custom_menu":"","ocean_menu_typo_font_family":"","ocean_menu_typo_font_subset":"","ocean_menu_typo_font_size":0,"ocean_menu_typo_font_size_tablet":0,"ocean_menu_typo_font_size_mobile":0,"ocean_menu_typo_font_size_unit":"px","ocean_menu_typo_font_weight":"","ocean_menu_typo_font_weight_tablet":"","ocean_menu_typo_font_weight_mobile":"","ocean_menu_typo_transform":"","ocean_menu_typo_transform_tablet":"","ocean_menu_typo_transform_mobile":"","ocean_menu_typo_line_height":0,"ocean_menu_typo_line_height_tablet":0,"ocean_menu_typo_line_height_mobile":0,"ocean_menu_typo_line_height_unit":"","ocean_menu_typo_spacing":0,"ocean_menu_typo_spacing_tablet":0,"ocean_menu_typo_spacing_mobile":0,"ocean_menu_typo_spacing_unit":"","ocean_menu_link_color":"","ocean_menu_link_color_hover":"","ocean_menu_link_color_active":"","ocean_menu_link_background":"","ocean_menu_link_hover_background":"","ocean_menu_link_active_background":"","ocean_menu_social_links_bg":"","ocean_menu_social_hover_links_bg":"","ocean_menu_social_links_color":"","ocean_menu_social_hover_links_color":"","ocean_disable_title":"default","ocean_disable_heading":"default","ocean_post_title":"","ocean_post_subheading":"","ocean_post_title_style":"","ocean_post_title_background_color":"","ocean_post_title_background":0,"ocean_post_title_bg_image_position":"","ocean_post_title_bg_image_attachment":"","ocean_post_title_bg_image_repeat":"","ocean_post_title_bg_image_size":"","ocean_post_title_height":0,"ocean_post_title_bg_overlay":0.5,"ocean_post_title_bg_overlay_color":"","ocean_disable_breadcrumbs":"default","ocean_breadcrumbs_color":"","ocean_breadcrumbs_separator_color":"","ocean_breadcrumbs_links_color":"","ocean_breadcrumbs_links_hover_color":"","ocean_display_footer_widgets":"default","ocean_display_footer_bottom":"default","ocean_custom_footer_template":"","ocean_post_oembed":"","ocean_post_self_hosted_media":"","ocean_post_video_embed":"","ocean_link_format":"","ocean_link_format_target":"self","ocean_quote_format":"","ocean_quote_format_link":"post","ocean_gallery_link_images":"on","ocean_gallery_id":[]},"categories":[9],"tags":[1420,1490,82],"acf":[],"_links":{"self":[{"href":"https:\/\/www.simepe.com.br\/novo\/wp-json\/wp\/v2\/posts\/57712"}],"collection":[{"href":"https:\/\/www.simepe.com.br\/novo\/wp-json\/wp\/v2\/posts"}],"about":[{"href":"https:\/\/www.simepe.com.br\/novo\/wp-json\/wp\/v2\/types\/post"}],"author":[{"embeddable":true,"href":"https:\/\/www.simepe.com.br\/novo\/wp-json\/wp\/v2\/users\/1"}],"replies":[{"embeddable":true,"href":"https:\/\/www.simepe.com.br\/novo\/wp-json\/wp\/v2\/comments?post=57712"}],"version-history":[{"count":1,"href":"https:\/\/www.simepe.com.br\/novo\/wp-json\/wp\/v2\/posts\/57712\/revisions"}],"predecessor-version":[{"id":57713,"href":"https:\/\/www.simepe.com.br\/novo\/wp-json\/wp\/v2\/posts\/57712\/revisions\/57713"}],"wp:attachment":[{"href":"https:\/\/www.simepe.com.br\/novo\/wp-json\/wp\/v2\/media?parent=57712"}],"wp:term":[{"taxonomy":"category","embeddable":true,"href":"https:\/\/www.simepe.com.br\/novo\/wp-json\/wp\/v2\/categories?post=57712"},{"taxonomy":"post_tag","embeddable":true,"href":"https:\/\/www.simepe.com.br\/novo\/wp-json\/wp\/v2\/tags?post=57712"}],"curies":[{"name":"wp","href":"https:\/\/api.w.org\/{rel}","templated":true}]}}