{"id":57716,"date":"2021-02-09T09:45:29","date_gmt":"2021-02-09T12:45:29","guid":{"rendered":"https:\/\/www.simepe.com.br\/novo\/?p=57716"},"modified":"2021-02-09T09:45:29","modified_gmt":"2021-02-09T12:45:29","slug":"medicos-recomendam-check-up-apos-contaminacao-com-a-covid-19-para-detectar-sequelas-da-doenca","status":"publish","type":"post","link":"https:\/\/www.simepe.com.br\/novo\/medicos-recomendam-check-up-apos-contaminacao-com-a-covid-19-para-detectar-sequelas-da-doenca\/","title":{"rendered":"M\u00e9dicos recomendam check-up ap\u00f3s contamina\u00e7\u00e3o com a Covid-19 para detectar sequelas da doen\u00e7a"},"content":{"rendered":"<p><em>\u00c9 importante estar atento aos sinais.<\/em><\/p>\n<p>A cura da Covid-19, a doen\u00e7a causada pelo coronav\u00edrus Sars-CoV-2, pode ser um processo que se estende para muito depois do final da fase aguda da infec\u00e7\u00e3o. Mesmo ap\u00f3s o v\u00edrus deixar o organismo, podem permanecer sequelas espalhadas por \u00f3rg\u00e3os como cora\u00e7\u00e3o, pulm\u00e3o e c\u00e9rebro por meses at\u00e9 em pessoas que tiveram as formas mais leves da doen\u00e7a.<\/p>\n<p>M\u00e9dicos de diferentes especialidades v\u00eam sugerindo uma visita ao m\u00e9dico logo ap\u00f3s o fim da infec\u00e7\u00e3o para checagem de sequelas e busca por tratamento, principalmente quando h\u00e1 sintomas persistentes ou antes de reiniciar uma atividade f\u00edsica.<\/p>\n<p>Estudos no mundo todo v\u00eam avaliando o cen\u00e1rio p\u00f3s-Covid-19. As estimativas dos cientistas apontam que apenas uma porcentagem entre 10% e 20% dos pacientes relatam recupera\u00e7\u00e3o completa nos primeiros meses ap\u00f3s a infec\u00e7\u00e3o. Cerca de metade das pessoas que tiveram Covid-19 dizem ainda sentir fadiga incomum nos meses posteriores. Sintomas como dor de cabe\u00e7a, dores no peito, falhas na mem\u00f3ria e perda do olfato (anosmia) tamb\u00e9m aparecem e podem at\u00e9 indicar uma condi\u00e7\u00e3o cr\u00f4nica, segundo m\u00e9dicos.<\/p>\n<p>&#8220;Todos os pacientes deveriam procurar um m\u00e9dico ap\u00f3s a doen\u00e7a. Cada pessoa tem um ritmo de vida e h\u00e1bitos diferentes; \u00e9 importante saber se h\u00e1 alguma sequela antes de retomar a vida normal. H\u00e1 pessoas que ficam com alguma inflama\u00e7\u00e3o que pode durar meses&#8221;, diz o cardiologista Marcelo Sampaio, da Benefic\u00eancia Portuguesa de S\u00e3o Paulo.<\/p>\n<p>De acordo com Gustavo Faibischew Prado, pneumologista do Hospital Alem\u00e3o Oswaldo Cruz, a melhor op\u00e7\u00e3o \u00e9 procurar um cl\u00ednico geral ou um m\u00e9dico da fam\u00edlia, profissionais que conseguem fazer uma avalia\u00e7\u00e3o global e encaminhar o paciente para as especialidades necess\u00e1rias caso haja necessidade de avalia\u00e7\u00e3o complementar.<br \/>\n&#8220;Assim, o paciente recebe orienta\u00e7\u00f5es sobre os cuidados que deve ter e sabe se precisar\u00e1 fazer algum exame para confirmar exist\u00eancia das sequelas e conhecer a extens\u00e3o delas&#8221;, diz o m\u00e9dico.<\/p>\n<p>A Covid-19 hoje \u00e9 reconhecida pelos m\u00e9dicos e cientistas como uma doen\u00e7a sist\u00eamica, que desencadeia diversos processo inflamat\u00f3rios em diferentes regi\u00f5es do corpo. Os pulm\u00f5es est\u00e3o entre os \u00f3rg\u00e3os mais afetados pelo v\u00edrus. O coronav\u00edrus pode levar a uma pneumonia que causa morte por insufici\u00eancia respirat\u00f3ria nos casos mais graves.<\/p>\n<p>Segundo Prado, a avalia\u00e7\u00e3o f\u00edsica de um pneumologista vai apontar para a necessidade ou n\u00e3o de exames mais detalhados. Nesses casos, tomografia do t\u00f3rax, ecocardiograma pulmonar e a prova de fun\u00e7\u00e3o pulmonar ajudam a montar um tratamento para o problema.<\/p>\n<p>&#8220;A tomografia, por exemplo, mostra se h\u00e1 sinais de fibrose no pulm\u00e3o [cicatrizes que surgem depois de uma infec\u00e7\u00e3o] e mostram a presen\u00e7a de doen\u00e7as das vias a\u00e9reas, que podem ser a causa de tosse prolongada ou cansa\u00e7o&#8221;, diz o pneumologista.<\/p>\n<p>No cora\u00e7\u00e3o, arritmias e insufici\u00eancia card\u00edaca inexistentes antes da doen\u00e7a podem surgir ap\u00f3s a infec\u00e7\u00e3o. &#8220;Se o paciente passou por uma Covid-19 e tem fadiga, cansa\u00e7o ou palpita\u00e7\u00e3o, o recomendado \u00e9 passar por uma avalia\u00e7\u00e3o mesmo se a pessoa teve um quadro leve da doen\u00e7a&#8221;, afirma o cardiologista Fernando Bacal, diretor-cient\u00edfico da Sociedade Brasileira de Cardiologia (SBC). Segundo o m\u00e9dico, aqueles que tiveram casos moderados ou graves da doen\u00e7a devem passar por uma avalia\u00e7\u00e3o ainda que n\u00e3o tenham sintomas.<br \/>\n&#8220;Consequ\u00eancias mais graves, como morte s\u00fabita, infarto, disfun\u00e7\u00e3o ou insufici\u00eancia card\u00edaca s\u00e3o pouco frequentes, mas devem ser detectadas&#8221;, afirma Bacal.<\/p>\n<p>De acordo com Marcelo Sampaio, da BP, algumas das sequelas podem existir sem serem notadas, da\u00ed a import\u00e2ncia de buscar um parecer m\u00e9dico especialmente antes de retornar \u00e0s atividades f\u00edsicas, que exp\u00f5em o cora\u00e7\u00e3o a um maior esfor\u00e7o.<\/p>\n<p>Sintomas como dor de cabe\u00e7a, sonol\u00eancia excessiva e perda de mem\u00f3ria podem estar ligados \u00e0 a\u00e7\u00e3o do v\u00edrus no sistema nervoso e pedem a aten\u00e7\u00e3o de um neurologista.<\/p>\n<p>A m\u00e9dica Clarissa Lin Yasuda, professora na Unicamp (Universidade Estadual de Campinas), lidera uma pesquisa que busca identificar a persist\u00eancia de manifesta\u00e7\u00f5es neurol\u00f3gicas ap\u00f3s a Covid-19 por meio de um question\u00e1rio que pode ser respondido pela internet por qualquer pessoa que tenha tido a doen\u00e7a, mesmo sem sintoma persistente.<br \/>\nDe acordo com os dados ainda n\u00e3o publicados em revista cient\u00edfica, das cerca de 4.500 pessoas que responderam a pesquisa, apenas 13,5% afirmam ter se recuperado completamente da doen\u00e7a ap\u00f3s dois meses da infec\u00e7\u00e3o. Sonol\u00eancia diurna e dores de cabe\u00e7a depois de dois meses da doen\u00e7a s\u00e3o sentidas por aproximadamente 34% das pessoas que responderam o question\u00e1rio. Cerca de 40% afirmam ter altera\u00e7\u00e3o de mem\u00f3ria.<\/p>\n<p>&#8220;Milhares de pessoas t\u00eam entrado em contato para relatar algum sintoma neurol\u00f3gico, e isso \u00e9 assustador, especialmente porque 90% desses respondentes n\u00e3o chegaram a ser hospitalizados com a doen\u00e7a, tiveram casos leves.&#8221;<\/p>\n<p>&#8220;A dor de cabe\u00e7a \u00e9 muito limitante. H\u00e1 relatos de pacientes que n\u00e3o tinham enxaqueca e passaram a ter, ou de pacientes que j\u00e1 tinham enxaqueca e tiveram piora na frequ\u00eancia e na intensidade das crises. Mesmo a fadiga, com sonol\u00eancia, pode ter um fundo neurol\u00f3gico&#8221;, afirma a m\u00e9dica.<\/p>\n<p>&#8220;A cada momento descobrimos fatos novos sobre a doen\u00e7a, e o cen\u00e1rio vai mudando ao longo da observa\u00e7\u00e3o. \u00c9 uma doen\u00e7a repleta de formas alternativas, e no contexto geral pode ser como v\u00e1rias doen\u00e7as em uma s\u00f3&#8221;, diz Sampaio.<\/p>\n<p>O ideal \u00e9 que o acompanhamento seja integral. &#8220;Especialmente o cansa\u00e7o e a falta de ar podem ter mais de uma causa em mais de um \u00f3rg\u00e3o. Doen\u00e7as respirat\u00f3rias e cardiovasculares tamb\u00e9m podem ter causas variadas, e a Covid-19 traz repercuss\u00f5es para os sistemas card\u00edaco e respirat\u00f3rio. A avalia\u00e7\u00e3o, nesses casos, nunca pode ser simplista&#8221;, afirma Gustavo Prado.<\/p>\n<p>&#8220;Quando falamos de pacientes curados, isso n\u00e3o \u00e9 algo bin\u00e1rio \u2013ou o paciente est\u00e1 doente ou est\u00e1 curado\u2013, h\u00e1 todo um cont\u00ednuo entre esses dois pontos. Muitas vezes, a recupera\u00e7\u00e3o n\u00e3o ser\u00e1 imediata nem completa. Podemos enfrentar a situa\u00e7\u00e3o de termos um enorme contingente de pacientes que n\u00e3o se recupera plenamente ou rapidamente, e o sistema de sa\u00fade deve estar preparado para isso&#8221;, diz o pneumologista.<br \/>\n<strong>Quando fazer um check-up p\u00f3s-Covid:<\/strong><\/p>\n<p>Ap\u00f3s formas moderadas ou graves da doen\u00e7a<br \/>\nCasos leves com algum sintoma persistente<br \/>\nAntes de retomar atividade f\u00edsica<br \/>\nExames que o m\u00e9dico pode pedir:<\/p>\n<p><strong>Pulmonares<\/strong><br \/>\nTomografia de t\u00f3rax<br \/>\nEcocardiograma pulmonar<br \/>\nProva de fun\u00e7\u00e3o pulmonar<br \/>\nCardiol\u00f3gicos<\/p>\n<p>Eletrocardiograma<br \/>\nEcocardiograma do cora\u00e7\u00e3o<br \/>\nTeste ergom\u00e9trico<br \/>\nNeurol\u00f3gico<br \/>\nResson\u00e2ncia magn\u00e9tica<\/p>\n<p>Fonte: Folha de Pernambuco<\/p>\n","protected":false},"excerpt":{"rendered":"<p>\u00c9 importante estar atento aos sinais. A cura da Covid-19, a doen\u00e7a causada pelo coronav\u00edrus Sars-CoV-2, pode ser um processo que se estende para muito depois do final da fase aguda da infec\u00e7\u00e3o. Mesmo ap\u00f3s o v\u00edrus deixar o organismo, podem permanecer sequelas espalhadas por \u00f3rg\u00e3os como cora\u00e7\u00e3o, pulm\u00e3o e c\u00e9rebro por meses at\u00e9 em [&hellip;]<\/p>\n","protected":false},"author":1,"featured_media":0,"comment_status":"open","ping_status":"open","sticky":false,"template":"","format":"standard","meta":{"ocean_post_layout":"","ocean_both_sidebars_style":"","ocean_both_sidebars_content_width":0,"ocean_both_sidebars_sidebars_width":0,"ocean_sidebar":"","ocean_second_sidebar":"","ocean_disable_margins":"enable","ocean_add_body_class":"","ocean_shortcode_before_top_bar":"","ocean_shortcode_after_top_bar":"","ocean_shortcode_before_header":"","ocean_shortcode_after_header":"","ocean_has_shortcode":"","ocean_shortcode_after_title":"","ocean_shortcode_before_footer_widgets":"","ocean_shortcode_after_footer_widgets":"","ocean_shortcode_before_footer_bottom":"","ocean_shortcode_after_footer_bottom":"","ocean_display_top_bar":"default","ocean_display_header":"default","ocean_header_style":"","ocean_center_header_left_menu":"","ocean_custom_header_template":"","ocean_custom_logo":0,"ocean_custom_retina_logo":0,"ocean_custom_logo_max_width":0,"ocean_custom_logo_tablet_max_width":0,"ocean_custom_logo_mobile_max_width":0,"ocean_custom_logo_max_height":0,"ocean_custom_logo_tablet_max_height":0,"ocean_custom_logo_mobile_max_height":0,"ocean_header_custom_menu":"","ocean_menu_typo_font_family":"","ocean_menu_typo_font_subset":"","ocean_menu_typo_font_size":0,"ocean_menu_typo_font_size_tablet":0,"ocean_menu_typo_font_size_mobile":0,"ocean_menu_typo_font_size_unit":"px","ocean_menu_typo_font_weight":"","ocean_menu_typo_font_weight_tablet":"","ocean_menu_typo_font_weight_mobile":"","ocean_menu_typo_transform":"","ocean_menu_typo_transform_tablet":"","ocean_menu_typo_transform_mobile":"","ocean_menu_typo_line_height":0,"ocean_menu_typo_line_height_tablet":0,"ocean_menu_typo_line_height_mobile":0,"ocean_menu_typo_line_height_unit":"","ocean_menu_typo_spacing":0,"ocean_menu_typo_spacing_tablet":0,"ocean_menu_typo_spacing_mobile":0,"ocean_menu_typo_spacing_unit":"","ocean_menu_link_color":"","ocean_menu_link_color_hover":"","ocean_menu_link_color_active":"","ocean_menu_link_background":"","ocean_menu_link_hover_background":"","ocean_menu_link_active_background":"","ocean_menu_social_links_bg":"","ocean_menu_social_hover_links_bg":"","ocean_menu_social_links_color":"","ocean_menu_social_hover_links_color":"","ocean_disable_title":"default","ocean_disable_heading":"default","ocean_post_title":"","ocean_post_subheading":"","ocean_post_title_style":"","ocean_post_title_background_color":"","ocean_post_title_background":0,"ocean_post_title_bg_image_position":"","ocean_post_title_bg_image_attachment":"","ocean_post_title_bg_image_repeat":"","ocean_post_title_bg_image_size":"","ocean_post_title_height":0,"ocean_post_title_bg_overlay":0.5,"ocean_post_title_bg_overlay_color":"","ocean_disable_breadcrumbs":"default","ocean_breadcrumbs_color":"","ocean_breadcrumbs_separator_color":"","ocean_breadcrumbs_links_color":"","ocean_breadcrumbs_links_hover_color":"","ocean_display_footer_widgets":"default","ocean_display_footer_bottom":"default","ocean_custom_footer_template":"","ocean_post_oembed":"","ocean_post_self_hosted_media":"","ocean_post_video_embed":"","ocean_link_format":"","ocean_link_format_target":"self","ocean_quote_format":"","ocean_quote_format_link":"post","ocean_gallery_link_images":"on","ocean_gallery_id":[]},"categories":[9],"tags":[1420,1490,82],"acf":[],"_links":{"self":[{"href":"https:\/\/www.simepe.com.br\/novo\/wp-json\/wp\/v2\/posts\/57716"}],"collection":[{"href":"https:\/\/www.simepe.com.br\/novo\/wp-json\/wp\/v2\/posts"}],"about":[{"href":"https:\/\/www.simepe.com.br\/novo\/wp-json\/wp\/v2\/types\/post"}],"author":[{"embeddable":true,"href":"https:\/\/www.simepe.com.br\/novo\/wp-json\/wp\/v2\/users\/1"}],"replies":[{"embeddable":true,"href":"https:\/\/www.simepe.com.br\/novo\/wp-json\/wp\/v2\/comments?post=57716"}],"version-history":[{"count":1,"href":"https:\/\/www.simepe.com.br\/novo\/wp-json\/wp\/v2\/posts\/57716\/revisions"}],"predecessor-version":[{"id":57717,"href":"https:\/\/www.simepe.com.br\/novo\/wp-json\/wp\/v2\/posts\/57716\/revisions\/57717"}],"wp:attachment":[{"href":"https:\/\/www.simepe.com.br\/novo\/wp-json\/wp\/v2\/media?parent=57716"}],"wp:term":[{"taxonomy":"category","embeddable":true,"href":"https:\/\/www.simepe.com.br\/novo\/wp-json\/wp\/v2\/categories?post=57716"},{"taxonomy":"post_tag","embeddable":true,"href":"https:\/\/www.simepe.com.br\/novo\/wp-json\/wp\/v2\/tags?post=57716"}],"curies":[{"name":"wp","href":"https:\/\/api.w.org\/{rel}","templated":true}]}}