{"id":57727,"date":"2021-02-09T10:00:53","date_gmt":"2021-02-09T13:00:53","guid":{"rendered":"https:\/\/www.simepe.com.br\/novo\/?p=57727"},"modified":"2021-02-09T10:00:53","modified_gmt":"2021-02-09T13:00:53","slug":"freira-de-116-anos-se-recupera-de-covid-19-na-franca","status":"publish","type":"post","link":"https:\/\/www.simepe.com.br\/novo\/freira-de-116-anos-se-recupera-de-covid-19-na-franca\/","title":{"rendered":"Freira de 116 anos se recupera de Covid-19 na Fran\u00e7a"},"content":{"rendered":"<p><em>Ela n\u00e3o teve sintomas, mas precisou ficar isolada em seu quarto desde 16 de janeiro, quando foi diagnosticada.<\/em><\/p>\n<p>Cinco dias antes de completar 117 anos, a mulher mais idosa da Europa se recuperou de Covid-19. Lucile Randon, que \u00e9 freira e adotou o nome religioso de irm\u00e3 Andr\u00e9e, contraiu o coronav\u00edrus na resid\u00eancia de idosos em que mora, em Toulon (sudeste franc\u00eas). Dos 88 moradores, 81 foram infectados e 10 morreram.<\/p>\n<p>Cega e parcialmente surda, irm\u00e3 Andr\u00e9e \u00e9 l\u00facida. Em uma entrevista no ano passado a uma r\u00e1dio francesa, contou ter sofrido muito durante a Primeira Guerra Mundial, que come\u00e7ou quando ela tinha dez anos, e afirmou se lembrar dos dois irm\u00e3os voltando do front, um deles gravemente ferido.<\/p>\n<p>Neta de um pastor protestante, Lucile se converteu ao catolicismo aos 27 anos. Trabalhou como governanta antes de entrar para um convento em 1944, aos 40 anos. Depois da Segunda Guerra Mundial, cuidou de idosos e de \u00f3rf\u00e3os por 28 anos no Hospital de Vichy.<\/p>\n<p>De acordo com o Grupo de Pesquisa Gerontol\u00f3gica, que atestou a sua idade, ela \u00e9 a segunda mulher mais idosa do mundo, depois da japonesa Kane Tanaka, que nasceu em janeiro de 1903.<\/p>\n<p>\u00c0 m\u00eddia francesa, o porta-voz da casa de repouso, David Tavella, disse que a principal queixa da irm\u00e3 Andr\u00e9e durante o tempo em que esteve com Covid-19 foi &#8220;solid\u00e3o&#8221;.<\/p>\n<p>Ela n\u00e3o teve sintomas, mas precisou ficar isolada em seu quarto desde 16 de janeiro, quando foi diagnosticada, at\u00e9 que seus testes para coronav\u00edrus voltassem a dar resultado negativo.<\/p>\n<p>Depois de receber alta e ser liberada para deixar o quarto, a freira foi \u00e0 missa.<\/p>\n<p>Fonte: Folha de Pernambuco<\/p>\n","protected":false},"excerpt":{"rendered":"<p>Ela n\u00e3o teve sintomas, mas precisou ficar isolada em seu quarto desde 16 de janeiro, quando foi diagnosticada. Cinco dias antes de completar 117 anos, a mulher mais idosa da Europa se recuperou de Covid-19. Lucile Randon, que \u00e9 freira e adotou o nome religioso de irm\u00e3 Andr\u00e9e, contraiu o coronav\u00edrus na resid\u00eancia de idosos [&hellip;]<\/p>\n","protected":false},"author":1,"featured_media":0,"comment_status":"open","ping_status":"open","sticky":false,"template":"","format":"standard","meta":{"ocean_post_layout":"","ocean_both_sidebars_style":"","ocean_both_sidebars_content_width":0,"ocean_both_sidebars_sidebars_width":0,"ocean_sidebar":"","ocean_second_sidebar":"","ocean_disable_margins":"enable","ocean_add_body_class":"","ocean_shortcode_before_top_bar":"","ocean_shortcode_after_top_bar":"","ocean_shortcode_before_header":"","ocean_shortcode_after_header":"","ocean_has_shortcode":"","ocean_shortcode_after_title":"","ocean_shortcode_before_footer_widgets":"","ocean_shortcode_after_footer_widgets":"","ocean_shortcode_before_footer_bottom":"","ocean_shortcode_after_footer_bottom":"","ocean_display_top_bar":"default","ocean_display_header":"default","ocean_header_style":"","ocean_center_header_left_menu":"","ocean_custom_header_template":"","ocean_custom_logo":0,"ocean_custom_retina_logo":0,"ocean_custom_logo_max_width":0,"ocean_custom_logo_tablet_max_width":0,"ocean_custom_logo_mobile_max_width":0,"ocean_custom_logo_max_height":0,"ocean_custom_logo_tablet_max_height":0,"ocean_custom_logo_mobile_max_height":0,"ocean_header_custom_menu":"","ocean_menu_typo_font_family":"","ocean_menu_typo_font_subset":"","ocean_menu_typo_font_size":0,"ocean_menu_typo_font_size_tablet":0,"ocean_menu_typo_font_size_mobile":0,"ocean_menu_typo_font_size_unit":"px","ocean_menu_typo_font_weight":"","ocean_menu_typo_font_weight_tablet":"","ocean_menu_typo_font_weight_mobile":"","ocean_menu_typo_transform":"","ocean_menu_typo_transform_tablet":"","ocean_menu_typo_transform_mobile":"","ocean_menu_typo_line_height":0,"ocean_menu_typo_line_height_tablet":0,"ocean_menu_typo_line_height_mobile":0,"ocean_menu_typo_line_height_unit":"","ocean_menu_typo_spacing":0,"ocean_menu_typo_spacing_tablet":0,"ocean_menu_typo_spacing_mobile":0,"ocean_menu_typo_spacing_unit":"","ocean_menu_link_color":"","ocean_menu_link_color_hover":"","ocean_menu_link_color_active":"","ocean_menu_link_background":"","ocean_menu_link_hover_background":"","ocean_menu_link_active_background":"","ocean_menu_social_links_bg":"","ocean_menu_social_hover_links_bg":"","ocean_menu_social_links_color":"","ocean_menu_social_hover_links_color":"","ocean_disable_title":"default","ocean_disable_heading":"default","ocean_post_title":"","ocean_post_subheading":"","ocean_post_title_style":"","ocean_post_title_background_color":"","ocean_post_title_background":0,"ocean_post_title_bg_image_position":"","ocean_post_title_bg_image_attachment":"","ocean_post_title_bg_image_repeat":"","ocean_post_title_bg_image_size":"","ocean_post_title_height":0,"ocean_post_title_bg_overlay":0.5,"ocean_post_title_bg_overlay_color":"","ocean_disable_breadcrumbs":"default","ocean_breadcrumbs_color":"","ocean_breadcrumbs_separator_color":"","ocean_breadcrumbs_links_color":"","ocean_breadcrumbs_links_hover_color":"","ocean_display_footer_widgets":"default","ocean_display_footer_bottom":"default","ocean_custom_footer_template":"","ocean_post_oembed":"","ocean_post_self_hosted_media":"","ocean_post_video_embed":"","ocean_link_format":"","ocean_link_format_target":"self","ocean_quote_format":"","ocean_quote_format_link":"post","ocean_gallery_link_images":"on","ocean_gallery_id":[]},"categories":[9],"tags":[1420,1490,82],"acf":[],"_links":{"self":[{"href":"https:\/\/www.simepe.com.br\/novo\/wp-json\/wp\/v2\/posts\/57727"}],"collection":[{"href":"https:\/\/www.simepe.com.br\/novo\/wp-json\/wp\/v2\/posts"}],"about":[{"href":"https:\/\/www.simepe.com.br\/novo\/wp-json\/wp\/v2\/types\/post"}],"author":[{"embeddable":true,"href":"https:\/\/www.simepe.com.br\/novo\/wp-json\/wp\/v2\/users\/1"}],"replies":[{"embeddable":true,"href":"https:\/\/www.simepe.com.br\/novo\/wp-json\/wp\/v2\/comments?post=57727"}],"version-history":[{"count":1,"href":"https:\/\/www.simepe.com.br\/novo\/wp-json\/wp\/v2\/posts\/57727\/revisions"}],"predecessor-version":[{"id":57728,"href":"https:\/\/www.simepe.com.br\/novo\/wp-json\/wp\/v2\/posts\/57727\/revisions\/57728"}],"wp:attachment":[{"href":"https:\/\/www.simepe.com.br\/novo\/wp-json\/wp\/v2\/media?parent=57727"}],"wp:term":[{"taxonomy":"category","embeddable":true,"href":"https:\/\/www.simepe.com.br\/novo\/wp-json\/wp\/v2\/categories?post=57727"},{"taxonomy":"post_tag","embeddable":true,"href":"https:\/\/www.simepe.com.br\/novo\/wp-json\/wp\/v2\/tags?post=57727"}],"curies":[{"name":"wp","href":"https:\/\/api.w.org\/{rel}","templated":true}]}}