{"id":57741,"date":"2021-02-09T10:54:15","date_gmt":"2021-02-09T13:54:15","guid":{"rendered":"https:\/\/www.simepe.com.br\/novo\/?p=57741"},"modified":"2021-02-09T10:54:15","modified_gmt":"2021-02-09T13:54:15","slug":"recife-anuncia-vacinacao-para-trabalhadores-de-saude-com-mais-de-60-anos-campanha-atinge-200-mil-em-pe","status":"publish","type":"post","link":"https:\/\/www.simepe.com.br\/novo\/recife-anuncia-vacinacao-para-trabalhadores-de-saude-com-mais-de-60-anos-campanha-atinge-200-mil-em-pe\/","title":{"rendered":"Recife anuncia vacina\u00e7\u00e3o para trabalhadores de sa\u00fade com mais de 60 anos; campanha atinge 200 mil em PE"},"content":{"rendered":"<p><em>Nesta segunda (8), a prefeitura da capital pernambucana tamb\u00e9m anunciou agendamento de segunda dose para profissionais de sa\u00fade.<\/em><\/p>\n<p>O Recife anunciou, nesta segunda (8), que vai come\u00e7ar a vacina\u00e7\u00e3o de trabalhadores da sa\u00fade a partir de 60 anos, de todos os setores. Segundo a prefeitura, eles precisar\u00e3o fazer o cadastro pela internet ou por meio da ferramenta Conecta Recife, aplicativo dispon\u00edvel para celulares. A divulga\u00e7\u00e3o da abertura para esse novo grupo foi feita no dia em que Pernambuco atingiu 200 mil imunizados (veja v\u00eddeo acima).<\/p>\n<p>A prefeitura informou que podem ser contemplados todos os trabalhadores com mais de 60 anos que atuem no munic\u00edpio. A partir de agora, a amplia\u00e7\u00e3o dos setores ocorrer\u00e1 de acordo com a faixa et\u00e1ria dos profissionais e n\u00e3o por tipo de trabalho. O agendamento poder\u00e1 ser feito a partir da quarta-feira (10).<\/p>\n<p>No momento da vacina\u00e7\u00e3o, para as profiss\u00f5es que possuem conselho de classe, basta apresentar a carteira funcional. Os trabalhadores que n\u00e3o t\u00eam categoria regulamentada por entidades desse tipo ter\u00e3o de mostrar a declara\u00e7\u00e3o.<\/p>\n<p>Al\u00e9m do novo grupo, no Recife, podem se vacinar trabalhadores que atuam em unidades b\u00e1sicas de sa\u00fade, como policl\u00ednicas municipais, UTIs, maternidades, centros de quimioterapia, de transplante renal, entre outras especialidades do ambiente hospitalar.<\/p>\n<p>Diante da escassez de doses de vacinas, o governo estadual estabeleceu prioridades na primeira fase de vacina\u00e7\u00e3o.<\/p>\n<p>Est\u00e3o inclusos os profissionais que atuam na linha de frente no combate \u00e0 Covid-19, idosos com mais de 85 anos, ind\u00edgenas aldeados, idosos com mais de 60 anos que moram em asilos e pessoas com defici\u00eancia institucionalizadas.<\/p>\n<p><strong>Segunda dose<\/strong><br \/>\nA vacina\u00e7\u00e3o contra a Covid-19 come\u00e7ou a ser realizada no dia 18 de janeiro. O Minist\u00e9rio da Sa\u00fade recomenda que a segunda dose da CoronaVac seja aplicada entre 21 e 28 dias da primeira. No Recife, a vacina\u00e7\u00e3o dos profissionais de sa\u00fade era feita na pr\u00f3prias unidades em que eles trabalhavam.<\/p>\n<p>Os profissionais de sa\u00fade que precisam refor\u00e7ar o imunizante, no entanto, dever\u00e3o fazer agendamento pelo Conecta Recife, a partir da ter\u00e7a-feira (9). \u00c9 preciso anexar o comprovante de que tomou a primeira dose.<\/p>\n<p>Na cidade, quase 18 mil doses da CoronaVac foram aplicadas nesse p\u00fablico-alvo desde o dia 19 de janeiro.<\/p>\n<p>Os idosos que vivem nas Institui\u00e7\u00f5es de Longa Perman\u00eancia, as pessoas a partir de 18 anos com defici\u00eancia severa que moram em resid\u00eancias inclusivas e os trabalhadores desses locais, n\u00e3o precisar\u00e3o realizar agendamento.<\/p>\n<p>Como aconteceu na aplica\u00e7\u00e3o da primeira dose, essas pessoas v\u00e3o receber a visita de equipes volantes da Secretaria de Sa\u00fade que v\u00e3o administrar a segunda dose do imunizante.<\/p>\n<p><strong>Mais de 200 mil vacinados<\/strong><\/p>\n<p>Nesta segunda-feira, Pernambuco atingiu 200.648 doses de vacinas contra a Covid-19 aplicadas, das quais 195.191 foram primeiras doses e 5.457 foram segundas doses (veja v\u00eddeo acima).<\/p>\n<p>Foi aplicada a primeira dose em 107.982 dos trabalhadores de sa\u00fade. Isso significa 91,7% dos 117.638 contemplados com o quantitativo recebido.<\/p>\n<p>Tamb\u00e9m participaram dessa etapa da campanha 23.180 da popula\u00e7\u00e3o ind\u00edgena (86,7% de 26.729) e 58.712 idosos a partir dos 85 anos (78,1% de 75.159).<\/p>\n<p>Foram contemplados 4.712 idosos em institui\u00e7\u00f5es de longa perman\u00eancia (191,3% das 2.462) e 605 pessoas com defici\u00eancia institucionalizadas (465,3% das 130).<\/p>\n<p>Em rela\u00e7\u00e3o \u00e0 segunda dose, 5.350 trabalhadores de sa\u00fade e 107 idosos institucionalizados foram vacinados.<\/p>\n<p>Fonte: G1<\/p>\n","protected":false},"excerpt":{"rendered":"<p>Nesta segunda (8), a prefeitura da capital pernambucana tamb\u00e9m anunciou agendamento de segunda dose para profissionais de sa\u00fade. O Recife anunciou, nesta segunda (8), que vai come\u00e7ar a vacina\u00e7\u00e3o de trabalhadores da sa\u00fade a partir de 60 anos, de todos os setores. Segundo a prefeitura, eles precisar\u00e3o fazer o cadastro pela internet ou por meio [&hellip;]<\/p>\n","protected":false},"author":1,"featured_media":0,"comment_status":"open","ping_status":"open","sticky":false,"template":"","format":"standard","meta":{"ocean_post_layout":"","ocean_both_sidebars_style":"","ocean_both_sidebars_content_width":0,"ocean_both_sidebars_sidebars_width":0,"ocean_sidebar":"","ocean_second_sidebar":"","ocean_disable_margins":"enable","ocean_add_body_class":"","ocean_shortcode_before_top_bar":"","ocean_shortcode_after_top_bar":"","ocean_shortcode_before_header":"","ocean_shortcode_after_header":"","ocean_has_shortcode":"","ocean_shortcode_after_title":"","ocean_shortcode_before_footer_widgets":"","ocean_shortcode_after_footer_widgets":"","ocean_shortcode_before_footer_bottom":"","ocean_shortcode_after_footer_bottom":"","ocean_display_top_bar":"default","ocean_display_header":"default","ocean_header_style":"","ocean_center_header_left_menu":"","ocean_custom_header_template":"","ocean_custom_logo":0,"ocean_custom_retina_logo":0,"ocean_custom_logo_max_width":0,"ocean_custom_logo_tablet_max_width":0,"ocean_custom_logo_mobile_max_width":0,"ocean_custom_logo_max_height":0,"ocean_custom_logo_tablet_max_height":0,"ocean_custom_logo_mobile_max_height":0,"ocean_header_custom_menu":"","ocean_menu_typo_font_family":"","ocean_menu_typo_font_subset":"","ocean_menu_typo_font_size":0,"ocean_menu_typo_font_size_tablet":0,"ocean_menu_typo_font_size_mobile":0,"ocean_menu_typo_font_size_unit":"px","ocean_menu_typo_font_weight":"","ocean_menu_typo_font_weight_tablet":"","ocean_menu_typo_font_weight_mobile":"","ocean_menu_typo_transform":"","ocean_menu_typo_transform_tablet":"","ocean_menu_typo_transform_mobile":"","ocean_menu_typo_line_height":0,"ocean_menu_typo_line_height_tablet":0,"ocean_menu_typo_line_height_mobile":0,"ocean_menu_typo_line_height_unit":"","ocean_menu_typo_spacing":0,"ocean_menu_typo_spacing_tablet":0,"ocean_menu_typo_spacing_mobile":0,"ocean_menu_typo_spacing_unit":"","ocean_menu_link_color":"","ocean_menu_link_color_hover":"","ocean_menu_link_color_active":"","ocean_menu_link_background":"","ocean_menu_link_hover_background":"","ocean_menu_link_active_background":"","ocean_menu_social_links_bg":"","ocean_menu_social_hover_links_bg":"","ocean_menu_social_links_color":"","ocean_menu_social_hover_links_color":"","ocean_disable_title":"default","ocean_disable_heading":"default","ocean_post_title":"","ocean_post_subheading":"","ocean_post_title_style":"","ocean_post_title_background_color":"","ocean_post_title_background":0,"ocean_post_title_bg_image_position":"","ocean_post_title_bg_image_attachment":"","ocean_post_title_bg_image_repeat":"","ocean_post_title_bg_image_size":"","ocean_post_title_height":0,"ocean_post_title_bg_overlay":0.5,"ocean_post_title_bg_overlay_color":"","ocean_disable_breadcrumbs":"default","ocean_breadcrumbs_color":"","ocean_breadcrumbs_separator_color":"","ocean_breadcrumbs_links_color":"","ocean_breadcrumbs_links_hover_color":"","ocean_display_footer_widgets":"default","ocean_display_footer_bottom":"default","ocean_custom_footer_template":"","ocean_post_oembed":"","ocean_post_self_hosted_media":"","ocean_post_video_embed":"","ocean_link_format":"","ocean_link_format_target":"self","ocean_quote_format":"","ocean_quote_format_link":"post","ocean_gallery_link_images":"on","ocean_gallery_id":[]},"categories":[9],"tags":[1420,1490,82],"acf":[],"_links":{"self":[{"href":"https:\/\/www.simepe.com.br\/novo\/wp-json\/wp\/v2\/posts\/57741"}],"collection":[{"href":"https:\/\/www.simepe.com.br\/novo\/wp-json\/wp\/v2\/posts"}],"about":[{"href":"https:\/\/www.simepe.com.br\/novo\/wp-json\/wp\/v2\/types\/post"}],"author":[{"embeddable":true,"href":"https:\/\/www.simepe.com.br\/novo\/wp-json\/wp\/v2\/users\/1"}],"replies":[{"embeddable":true,"href":"https:\/\/www.simepe.com.br\/novo\/wp-json\/wp\/v2\/comments?post=57741"}],"version-history":[{"count":1,"href":"https:\/\/www.simepe.com.br\/novo\/wp-json\/wp\/v2\/posts\/57741\/revisions"}],"predecessor-version":[{"id":57742,"href":"https:\/\/www.simepe.com.br\/novo\/wp-json\/wp\/v2\/posts\/57741\/revisions\/57742"}],"wp:attachment":[{"href":"https:\/\/www.simepe.com.br\/novo\/wp-json\/wp\/v2\/media?parent=57741"}],"wp:term":[{"taxonomy":"category","embeddable":true,"href":"https:\/\/www.simepe.com.br\/novo\/wp-json\/wp\/v2\/categories?post=57741"},{"taxonomy":"post_tag","embeddable":true,"href":"https:\/\/www.simepe.com.br\/novo\/wp-json\/wp\/v2\/tags?post=57741"}],"curies":[{"name":"wp","href":"https:\/\/api.w.org\/{rel}","templated":true}]}}