{"id":57749,"date":"2021-02-06T14:02:28","date_gmt":"2021-02-06T17:02:28","guid":{"rendered":"https:\/\/www.simepe.com.br\/novo\/?p=57749"},"modified":"2021-02-09T14:03:26","modified_gmt":"2021-02-09T17:03:26","slug":"simepe-emite-nota-contra-cancelamento-de-ferias-e-encerramento-de-contratos-pela-prefeitura-de-caruaru","status":"publish","type":"post","link":"https:\/\/www.simepe.com.br\/novo\/simepe-emite-nota-contra-cancelamento-de-ferias-e-encerramento-de-contratos-pela-prefeitura-de-caruaru\/","title":{"rendered":"Simepe emite nota contra cancelamento de f\u00e9rias e encerramento de contratos pela prefeitura de Caruaru"},"content":{"rendered":"<p style=\"text-align: justify;\">O Sindicato dos M\u00e9dicos de Pernambuco \u2013 Simepe, voltou a criticar a prefeitura de Caruaru nas redes sociais<br \/>\nsobre o tratamento que os prossionais de sa\u00fade v\u00eam passando nos \u00faltimos meses. Leia a Nota abaixo:<\/p>\n<p style=\"text-align: justify;\"><strong>Nota do Simepe<\/strong><\/p>\n<p style=\"text-align: justify;\">Mais uma vez os m\u00e9dicos s\u00e3o alvo de desrespeito no ambiente de trabalho. A m\u00e1 gest\u00e3o p\u00fablica de Caruaru, que sobrecarregou os m\u00e9dicos \u2013 cancelando suas f\u00e9rias e encerrando seus contratos \u2013 causou um grande estresse e esvaziamento dos prossionais na rede. Diante desse cen\u00e1rio a Prefeitura de Caruaru est\u00e1 com edital de licita\u00e7\u00e3o aberto para pejotiza\u00e7\u00e3o de prossionais m\u00e9dicos no intuito de recompor a rede. A pejotiza\u00e7\u00e3o n\u00e3o \u00e9 a solu\u00e7\u00e3o, ainda mais quando estamos diante desta problem\u00e1tica, na qual v\u00e1rios m\u00e9dicos de Caruaru est\u00e3o sendo prejudicados com essas a\u00e7\u00f5es. Seguimos na luta.<\/p>\n<p style=\"text-align: justify;\">Simepe sua voz, sua for\u00e7a!<\/p>\n<p style=\"text-align: justify;\"><a href=\"https:\/\/blogdoedvaldomagalhaes.com.br\/index.php\/2021\/02\/06\/simepe-emite-nota-contra-cancelamento-de-ferias-e-encerramento-de-contratos-pela-prefeitura-de-caruaru\/\">Fonte: Blog do Edvaldo Magalh\u00e3es<\/a><\/p>\n","protected":false},"excerpt":{"rendered":"<p>O Sindicato dos M\u00e9dicos de Pernambuco \u2013 Simepe, voltou a criticar a prefeitura de Caruaru nas redes sociais sobre o tratamento que os prossionais de sa\u00fade v\u00eam passando nos \u00faltimos meses. Leia a Nota abaixo: Nota do Simepe Mais uma vez os m\u00e9dicos s\u00e3o alvo de desrespeito no ambiente de trabalho. A m\u00e1 gest\u00e3o p\u00fablica [&hellip;]<\/p>\n","protected":false},"author":1,"featured_media":57750,"comment_status":"open","ping_status":"open","sticky":false,"template":"","format":"standard","meta":{"ocean_post_layout":"","ocean_both_sidebars_style":"","ocean_both_sidebars_content_width":0,"ocean_both_sidebars_sidebars_width":0,"ocean_sidebar":"","ocean_second_sidebar":"","ocean_disable_margins":"enable","ocean_add_body_class":"","ocean_shortcode_before_top_bar":"","ocean_shortcode_after_top_bar":"","ocean_shortcode_before_header":"","ocean_shortcode_after_header":"","ocean_has_shortcode":"","ocean_shortcode_after_title":"","ocean_shortcode_before_footer_widgets":"","ocean_shortcode_after_footer_widgets":"","ocean_shortcode_before_footer_bottom":"","ocean_shortcode_after_footer_bottom":"","ocean_display_top_bar":"default","ocean_display_header":"default","ocean_header_style":"","ocean_center_header_left_menu":"","ocean_custom_header_template":"","ocean_custom_logo":0,"ocean_custom_retina_logo":0,"ocean_custom_logo_max_width":0,"ocean_custom_logo_tablet_max_width":0,"ocean_custom_logo_mobile_max_width":0,"ocean_custom_logo_max_height":0,"ocean_custom_logo_tablet_max_height":0,"ocean_custom_logo_mobile_max_height":0,"ocean_header_custom_menu":"","ocean_menu_typo_font_family":"","ocean_menu_typo_font_subset":"","ocean_menu_typo_font_size":0,"ocean_menu_typo_font_size_tablet":0,"ocean_menu_typo_font_size_mobile":0,"ocean_menu_typo_font_size_unit":"px","ocean_menu_typo_font_weight":"","ocean_menu_typo_font_weight_tablet":"","ocean_menu_typo_font_weight_mobile":"","ocean_menu_typo_transform":"","ocean_menu_typo_transform_tablet":"","ocean_menu_typo_transform_mobile":"","ocean_menu_typo_line_height":0,"ocean_menu_typo_line_height_tablet":0,"ocean_menu_typo_line_height_mobile":0,"ocean_menu_typo_line_height_unit":"","ocean_menu_typo_spacing":0,"ocean_menu_typo_spacing_tablet":0,"ocean_menu_typo_spacing_mobile":0,"ocean_menu_typo_spacing_unit":"","ocean_menu_link_color":"","ocean_menu_link_color_hover":"","ocean_menu_link_color_active":"","ocean_menu_link_background":"","ocean_menu_link_hover_background":"","ocean_menu_link_active_background":"","ocean_menu_social_links_bg":"","ocean_menu_social_hover_links_bg":"","ocean_menu_social_links_color":"","ocean_menu_social_hover_links_color":"","ocean_disable_title":"default","ocean_disable_heading":"default","ocean_post_title":"","ocean_post_subheading":"","ocean_post_title_style":"","ocean_post_title_background_color":"","ocean_post_title_background":0,"ocean_post_title_bg_image_position":"","ocean_post_title_bg_image_attachment":"","ocean_post_title_bg_image_repeat":"","ocean_post_title_bg_image_size":"","ocean_post_title_height":0,"ocean_post_title_bg_overlay":0.5,"ocean_post_title_bg_overlay_color":"","ocean_disable_breadcrumbs":"default","ocean_breadcrumbs_color":"","ocean_breadcrumbs_separator_color":"","ocean_breadcrumbs_links_color":"","ocean_breadcrumbs_links_hover_color":"","ocean_display_footer_widgets":"default","ocean_display_footer_bottom":"default","ocean_custom_footer_template":"","ocean_post_oembed":"","ocean_post_self_hosted_media":"","ocean_post_video_embed":"","ocean_link_format":"","ocean_link_format_target":"self","ocean_quote_format":"","ocean_quote_format_link":"post","ocean_gallery_link_images":"on","ocean_gallery_id":[]},"categories":[1],"tags":[45,75,82,4],"acf":[],"_links":{"self":[{"href":"https:\/\/www.simepe.com.br\/novo\/wp-json\/wp\/v2\/posts\/57749"}],"collection":[{"href":"https:\/\/www.simepe.com.br\/novo\/wp-json\/wp\/v2\/posts"}],"about":[{"href":"https:\/\/www.simepe.com.br\/novo\/wp-json\/wp\/v2\/types\/post"}],"author":[{"embeddable":true,"href":"https:\/\/www.simepe.com.br\/novo\/wp-json\/wp\/v2\/users\/1"}],"replies":[{"embeddable":true,"href":"https:\/\/www.simepe.com.br\/novo\/wp-json\/wp\/v2\/comments?post=57749"}],"version-history":[{"count":2,"href":"https:\/\/www.simepe.com.br\/novo\/wp-json\/wp\/v2\/posts\/57749\/revisions"}],"predecessor-version":[{"id":57752,"href":"https:\/\/www.simepe.com.br\/novo\/wp-json\/wp\/v2\/posts\/57749\/revisions\/57752"}],"wp:featuredmedia":[{"embeddable":true,"href":"https:\/\/www.simepe.com.br\/novo\/wp-json\/wp\/v2\/media\/57750"}],"wp:attachment":[{"href":"https:\/\/www.simepe.com.br\/novo\/wp-json\/wp\/v2\/media?parent=57749"}],"wp:term":[{"taxonomy":"category","embeddable":true,"href":"https:\/\/www.simepe.com.br\/novo\/wp-json\/wp\/v2\/categories?post=57749"},{"taxonomy":"post_tag","embeddable":true,"href":"https:\/\/www.simepe.com.br\/novo\/wp-json\/wp\/v2\/tags?post=57749"}],"curies":[{"name":"wp","href":"https:\/\/api.w.org\/{rel}","templated":true}]}}