{"id":57828,"date":"2021-02-11T10:47:59","date_gmt":"2021-02-11T13:47:59","guid":{"rendered":"https:\/\/www.simepe.com.br\/novo\/?p=57828"},"modified":"2021-02-11T10:47:59","modified_gmt":"2021-02-11T13:47:59","slug":"campanha-do-cfm-incentiva-vacinacao-contra-a-covid-19","status":"publish","type":"post","link":"https:\/\/www.simepe.com.br\/novo\/campanha-do-cfm-incentiva-vacinacao-contra-a-covid-19\/","title":{"rendered":"Campanha do CFM incentiva vacina\u00e7\u00e3o contra a covid-19"},"content":{"rendered":"<p>O ano de 2021 chegou e junto com ele a esperada vacina contra uma pandemia que j\u00e1 contaminou milh\u00f5es de brasileiros e tirou a vida de outros milhares. Em meio a diversas perguntas, a Ag\u00eancia Nacional de Vigil\u00e2ncia Sanit\u00e1ria (Anvisa) autorizou no Brasil o uso de vacinas contra a covid-19. A partir disso, o Conselho Federal de Medicina (CFM), com o apoio dos Conselhos Regionais de Medicina (CRMs), lan\u00e7ou uma campanha nacional para refor\u00e7ar e amplificar a informa\u00e7\u00e3o de que a vacina pode ajudar a prevenir novos casos, al\u00e9m de provavelmente reduzir a chance de formas graves da doen\u00e7a e novos \u00f3bitos em caso de contamina\u00e7\u00e3o.<\/p>\n<p>O objetivo dos m\u00e9dicos \u00e9 tamb\u00e9m dar apoio ao Plano Nacional de Operacionaliza\u00e7\u00e3o da Vacina\u00e7\u00e3o contra a covid-19. \u201cNo atual cen\u00e1rio nacional e mundial, as vacinas s\u00e3o reconhecidas como solu\u00e7\u00f5es em potencial para o controle da pandemia, aliadas \u00e0 manuten\u00e7\u00e3o das medidas de preven\u00e7\u00e3o j\u00e1 estabelecidas\u201d, explica Hideraldo Cabe\u00e7a, 1\u00ba secret\u00e1rio e respons\u00e1vel pela Comunica\u00e7\u00e3o do CFM.<\/p>\n<p>Com base nas diretrizes nacionais, cada estado e munic\u00edpio conta com seu plano de a\u00e7\u00e3o local, que contempla a organiza\u00e7\u00e3o e programa\u00e7\u00e3o detalhada da vacina\u00e7\u00e3o. \u201cEssa planifica\u00e7\u00e3o requer a articula\u00e7\u00e3o das Secretarias Estaduais e Municipais de Sa\u00fade com diversas institui\u00e7\u00f5es e parceiros, assim como a forma\u00e7\u00e3o de alian\u00e7as estrat\u00e9gicas com organiza\u00e7\u00f5es governamentais e n\u00e3o governamentais, conselhos comunit\u00e1rios e outros colaboradores. A vacina\u00e7\u00e3o pode exigir diferentes estrat\u00e9gias, devido \u00e0 possibilidade da oferta de diferentes vacinas, para diferentes faixas et\u00e1rias ou grupos e tamb\u00e9m da realidade de cada munic\u00edpio\u201d, pontua o Plano Nacional.<\/p>\n<p>&nbsp;<\/p>\n<p><strong>Mobiliza\u00e7\u00e3o \u2013<\/strong>\u00a0A campanha prev\u00ea a divulga\u00e7\u00e3o, de forma intensificada, de pe\u00e7as em redes sociais, TV aberta e fechada, al\u00e9m de emissoras de r\u00e1dio. Mensagens de esperan\u00e7a e encorajamento \u2013 como \u201cA vit\u00f3ria contra o v\u00edrus est\u00e1 pr\u00f3xima\u201d e \u201cVacine-se, pois assim estar\u00e1 protegendo voc\u00ea e a sua fam\u00edlia\u201d \u2013 estar\u00e3o presentes em cards, v\u00eddeos e spots que circular\u00e3o ao longo dos pr\u00f3ximos meses.<\/p>\n<p>Certos de que os esfor\u00e7os e a uni\u00e3o de todos e as conquistas do conhecimento m\u00e9dico e cient\u00edfico auxiliar\u00e3o na supera\u00e7\u00e3o desta pandemia, os Conselhos Regionais de Medicina de diversos estados tamb\u00e9m j\u00e1 se prontificaram a transformar suas sedes em pontos de vacina\u00e7\u00e3o dos grupos priorit\u00e1rios. \u201c\u00c9 importante que popula\u00e7\u00e3o fique atenta \u00e0s datas, os locais e a indica\u00e7\u00e3o de quando cada grupo deve se vacinar, dentro do cronograma municipal\u201d, ressaltou Hideraldo Cabe\u00e7a.<\/p>\n<p><strong>Recomenda\u00e7\u00f5es \u2013<\/strong>\u00a0A campanha desdobra o posicionamento do CFM sobre o assunto e que foi detalhado em extenso e minucioso relat\u00f3rio divulgado no in\u00edcio de janeiro. Al\u00e9m de analisar as vacinas com os estudos mais avan\u00e7ados at\u00e9 ent\u00e3o e apontar pr\u00f3s e contras de cada um dos imunizantes, o CFM defende medidas que podem dar mais efetividade no processo de vacina\u00e7\u00e3o, como o respeito \u00e0s recomenda\u00e7\u00f5es do Plano Nacional de Vacina\u00e7\u00e3o. No entendimento da autarquia, o monitoramento da vacina\u00e7\u00e3o \u00e9 necess\u00e1rio para um melhor conhecimento de seguran\u00e7a e efic\u00e1cia.<\/p>\n<p><a href=\"https:\/\/portal.cfm.org.br\/wp-content\/uploads\/2021\/01\/VACINAS-CFM-FINAL-ajustado.pdf\"><strong><em>ACESSE O RELAT\u00d3RIO DO CFM SOBRE VACINAS AQUI<\/em><\/strong><\/a><\/p>\n<p>Para o CFM, o Plano, criado pelo Programa Nacional de Imuniza\u00e7\u00f5es (PNI), deve ser respeitado, sobretudo quanto a defini\u00e7\u00e3o de prazos, distribui\u00e7\u00e3o das doses e prioriza\u00e7\u00e3o de grupos alvo. Baseado em princ\u00edpios similares aos estabelecidos pela Organiza\u00e7\u00e3o Mundial da Sa\u00fade (OMS), o Plano brasileiro optou pela seguinte ordem de prioriza\u00e7\u00e3o: preserva\u00e7\u00e3o do funcionamento dos servi\u00e7os de sa\u00fade, prote\u00e7\u00e3o dos indiv\u00edduos com maior risco de desenvolvimento de formas graves e \u00f3bitos, seguido da preserva\u00e7\u00e3o do funcionamento dos servi\u00e7os essenciais e prote\u00e7\u00e3o dos indiv\u00edduos com maior risco de infec\u00e7\u00e3o.<\/p>\n<p>Fonte: Conselho Federal de Medicina (CFM)<\/p>\n","protected":false},"excerpt":{"rendered":"<p>O ano de 2021 chegou e junto com ele a esperada vacina contra uma pandemia que j\u00e1 contaminou milh\u00f5es de brasileiros e tirou a vida de outros milhares. Em meio a diversas perguntas, a Ag\u00eancia Nacional de Vigil\u00e2ncia Sanit\u00e1ria (Anvisa) autorizou no Brasil o uso de vacinas contra a covid-19. A partir disso, o Conselho [&hellip;]<\/p>\n","protected":false},"author":1,"featured_media":0,"comment_status":"open","ping_status":"open","sticky":false,"template":"","format":"standard","meta":{"ocean_post_layout":"","ocean_both_sidebars_style":"","ocean_both_sidebars_content_width":0,"ocean_both_sidebars_sidebars_width":0,"ocean_sidebar":"","ocean_second_sidebar":"","ocean_disable_margins":"enable","ocean_add_body_class":"","ocean_shortcode_before_top_bar":"","ocean_shortcode_after_top_bar":"","ocean_shortcode_before_header":"","ocean_shortcode_after_header":"","ocean_has_shortcode":"","ocean_shortcode_after_title":"","ocean_shortcode_before_footer_widgets":"","ocean_shortcode_after_footer_widgets":"","ocean_shortcode_before_footer_bottom":"","ocean_shortcode_after_footer_bottom":"","ocean_display_top_bar":"default","ocean_display_header":"default","ocean_header_style":"","ocean_center_header_left_menu":"","ocean_custom_header_template":"","ocean_custom_logo":0,"ocean_custom_retina_logo":0,"ocean_custom_logo_max_width":0,"ocean_custom_logo_tablet_max_width":0,"ocean_custom_logo_mobile_max_width":0,"ocean_custom_logo_max_height":0,"ocean_custom_logo_tablet_max_height":0,"ocean_custom_logo_mobile_max_height":0,"ocean_header_custom_menu":"","ocean_menu_typo_font_family":"","ocean_menu_typo_font_subset":"","ocean_menu_typo_font_size":0,"ocean_menu_typo_font_size_tablet":0,"ocean_menu_typo_font_size_mobile":0,"ocean_menu_typo_font_size_unit":"px","ocean_menu_typo_font_weight":"","ocean_menu_typo_font_weight_tablet":"","ocean_menu_typo_font_weight_mobile":"","ocean_menu_typo_transform":"","ocean_menu_typo_transform_tablet":"","ocean_menu_typo_transform_mobile":"","ocean_menu_typo_line_height":0,"ocean_menu_typo_line_height_tablet":0,"ocean_menu_typo_line_height_mobile":0,"ocean_menu_typo_line_height_unit":"","ocean_menu_typo_spacing":0,"ocean_menu_typo_spacing_tablet":0,"ocean_menu_typo_spacing_mobile":0,"ocean_menu_typo_spacing_unit":"","ocean_menu_link_color":"","ocean_menu_link_color_hover":"","ocean_menu_link_color_active":"","ocean_menu_link_background":"","ocean_menu_link_hover_background":"","ocean_menu_link_active_background":"","ocean_menu_social_links_bg":"","ocean_menu_social_hover_links_bg":"","ocean_menu_social_links_color":"","ocean_menu_social_hover_links_color":"","ocean_disable_title":"default","ocean_disable_heading":"default","ocean_post_title":"","ocean_post_subheading":"","ocean_post_title_style":"","ocean_post_title_background_color":"","ocean_post_title_background":0,"ocean_post_title_bg_image_position":"","ocean_post_title_bg_image_attachment":"","ocean_post_title_bg_image_repeat":"","ocean_post_title_bg_image_size":"","ocean_post_title_height":0,"ocean_post_title_bg_overlay":0.5,"ocean_post_title_bg_overlay_color":"","ocean_disable_breadcrumbs":"default","ocean_breadcrumbs_color":"","ocean_breadcrumbs_separator_color":"","ocean_breadcrumbs_links_color":"","ocean_breadcrumbs_links_hover_color":"","ocean_display_footer_widgets":"default","ocean_display_footer_bottom":"default","ocean_custom_footer_template":"","ocean_post_oembed":"","ocean_post_self_hosted_media":"","ocean_post_video_embed":"","ocean_link_format":"","ocean_link_format_target":"self","ocean_quote_format":"","ocean_quote_format_link":"post","ocean_gallery_link_images":"on","ocean_gallery_id":[]},"categories":[9],"tags":[1420,1490,82],"acf":[],"_links":{"self":[{"href":"https:\/\/www.simepe.com.br\/novo\/wp-json\/wp\/v2\/posts\/57828"}],"collection":[{"href":"https:\/\/www.simepe.com.br\/novo\/wp-json\/wp\/v2\/posts"}],"about":[{"href":"https:\/\/www.simepe.com.br\/novo\/wp-json\/wp\/v2\/types\/post"}],"author":[{"embeddable":true,"href":"https:\/\/www.simepe.com.br\/novo\/wp-json\/wp\/v2\/users\/1"}],"replies":[{"embeddable":true,"href":"https:\/\/www.simepe.com.br\/novo\/wp-json\/wp\/v2\/comments?post=57828"}],"version-history":[{"count":1,"href":"https:\/\/www.simepe.com.br\/novo\/wp-json\/wp\/v2\/posts\/57828\/revisions"}],"predecessor-version":[{"id":57829,"href":"https:\/\/www.simepe.com.br\/novo\/wp-json\/wp\/v2\/posts\/57828\/revisions\/57829"}],"wp:attachment":[{"href":"https:\/\/www.simepe.com.br\/novo\/wp-json\/wp\/v2\/media?parent=57828"}],"wp:term":[{"taxonomy":"category","embeddable":true,"href":"https:\/\/www.simepe.com.br\/novo\/wp-json\/wp\/v2\/categories?post=57828"},{"taxonomy":"post_tag","embeddable":true,"href":"https:\/\/www.simepe.com.br\/novo\/wp-json\/wp\/v2\/tags?post=57828"}],"curies":[{"name":"wp","href":"https:\/\/api.w.org\/{rel}","templated":true}]}}