{"id":57864,"date":"2021-02-12T11:02:36","date_gmt":"2021-02-12T14:02:36","guid":{"rendered":"https:\/\/www.simepe.com.br\/novo\/?p=57864"},"modified":"2021-02-12T11:02:36","modified_gmt":"2021-02-12T14:02:36","slug":"recife-comeca-a-vacinar-idosos-a-partir-de-80-anos-saiba-como-agendar","status":"publish","type":"post","link":"https:\/\/www.simepe.com.br\/novo\/recife-comeca-a-vacinar-idosos-a-partir-de-80-anos-saiba-como-agendar\/","title":{"rendered":"Recife come\u00e7a a vacinar idosos a partir de 80 anos; saiba como agendar"},"content":{"rendered":"<p>Come\u00e7a, nesta sexta-feira (12), a vacina\u00e7\u00e3o contra a Covid-19 de idosos a partir dos 80 anos no Recife. O an\u00fancio foi feito pelo prefeito Jo\u00e3o Campos, nesta quarta-feira (10). O agendamento para a imuniza\u00e7\u00e3o deste grupo priorit\u00e1rio come\u00e7ou a ser feito no aplicativo Conecta Recife e site Minha Vacina, na noite de quinta-feira (11).<\/p>\n<p>A vacina\u00e7\u00e3o para os idosos a partir de 80 anos, segundo grupo priorit\u00e1rio entre os idosos da campanha, que j\u00e1 vacinou quase todos os idosos com 85 anos e maiss, seguir\u00e1, assim como para os demais grupos, nos nove pontos de vacina\u00e7\u00e3o e cinco de drive-thru da Prefeitura do Recife.<\/p>\n<p>\u201c\u00c9 importante a sua ajuda, voc\u00ea que conhece algu\u00e9m que tem 80 anos ou mais ajude essa pessoa a fazer o cadastro ou agendamento e ir ao local de vacina\u00e7\u00e3o\u201d, disse Jo\u00e3o Campos, em comunicado publicado em suas redes sociais. Ele acompanha a vacina\u00e7\u00e3o nesta sexta-feira no Compaz Dom Helder Camara, na Joana Bezerra, \u00e1rea central do Recife.<\/p>\n<p>Os idosos acamados poder\u00e3o ser atendidos em casa, conforme anunciou o prefeito Jo\u00e3o Campos.<\/p>\n<p>O Recife come\u00e7ou a vacinar com a segunda dose os trabalhadores de Sa\u00fade da linha de frente contra a Covid-19, idosos em asilos e trabalhadores desses espa\u00e7os e pessoas com defici\u00eancia a partir dos 18 anos que vivem em resid\u00eancias inclusivas e trabalhadores dessas casas.<\/p>\n<p><strong>Como agendar<\/strong><br \/>\nPara agendar a ida ao posto de vacina\u00e7\u00e3o para receber a dose, \u00e9 preciso marcar dia, hor\u00e1rio e local no site Minha Vacina ou no aplicativo Conecta Recife, dispon\u00edvel nas lojas de aplicativos para smartphones.<\/p>\n<p>No site ou no app, o cidad\u00e3o precisa marcar primeiramente o seu grupo priorit\u00e1rio.<\/p>\n<p>Em seguida, \u00e9 necess\u00e1rio anexar comprovante de resid\u00eancia e documento de identifica\u00e7\u00e3o. Ainda h\u00e1 um formul\u00e1rio para preenchimento de dados como nome completo, CPF, telefone, data de nascimento e endere\u00e7o.<\/p>\n<p><strong>Centros de vacina\u00e7\u00e3o fixos<\/strong><br \/>\nCompaz Dom Helder C\u00e2mara, no Coque<br \/>\nUnidade de Cuidados Integrais (UCIS) Guilherme Abath, no Hip\u00f3dromo<br \/>\nEscola Nilo Pereira, em Casa Amarela<br \/>\nCompaz Miguel Arraes, na Caxang\u00e1<br \/>\nCompaz Ariano Suassuna, no Cordeiro<br \/>\nEscola Miguel Arraes de Alencar, na Est\u00e2ncia<br \/>\nGin\u00e1sio Gerald\u00e3o, na Imbiribeira<br \/>\nEscola Nadir Cola\u00e7o, na Macaxeira<br \/>\nUPA-E Fernando Figueira, no Ibura<\/p>\n<p><strong>Centros de vacina\u00e7\u00e3o drive-thru <\/strong><br \/>\nParque da Macaxeira, na Macaxeira<br \/>\nGerald\u00e3o, na Imbiribeira<br \/>\nUniversidade Federal de Pernambuco (UFPE), na Cidade Universit\u00e1ria<br \/>\nTribunal Regional Federal da 5\u00aa Regi\u00e3o (TRF-5), no Bairro do Recife<br \/>\nEst\u00e1dio do Arruda, no Arruda<\/p>\n<p>Fonte: Folha de Pernambuco<\/p>\n","protected":false},"excerpt":{"rendered":"<p>Come\u00e7a, nesta sexta-feira (12), a vacina\u00e7\u00e3o contra a Covid-19 de idosos a partir dos 80 anos no Recife. O an\u00fancio foi feito pelo prefeito Jo\u00e3o Campos, nesta quarta-feira (10). O agendamento para a imuniza\u00e7\u00e3o deste grupo priorit\u00e1rio come\u00e7ou a ser feito no aplicativo Conecta Recife e site Minha Vacina, na noite de quinta-feira (11). A [&hellip;]<\/p>\n","protected":false},"author":1,"featured_media":0,"comment_status":"open","ping_status":"open","sticky":false,"template":"","format":"standard","meta":{"ocean_post_layout":"","ocean_both_sidebars_style":"","ocean_both_sidebars_content_width":0,"ocean_both_sidebars_sidebars_width":0,"ocean_sidebar":"","ocean_second_sidebar":"","ocean_disable_margins":"enable","ocean_add_body_class":"","ocean_shortcode_before_top_bar":"","ocean_shortcode_after_top_bar":"","ocean_shortcode_before_header":"","ocean_shortcode_after_header":"","ocean_has_shortcode":"","ocean_shortcode_after_title":"","ocean_shortcode_before_footer_widgets":"","ocean_shortcode_after_footer_widgets":"","ocean_shortcode_before_footer_bottom":"","ocean_shortcode_after_footer_bottom":"","ocean_display_top_bar":"default","ocean_display_header":"default","ocean_header_style":"","ocean_center_header_left_menu":"","ocean_custom_header_template":"","ocean_custom_logo":0,"ocean_custom_retina_logo":0,"ocean_custom_logo_max_width":0,"ocean_custom_logo_tablet_max_width":0,"ocean_custom_logo_mobile_max_width":0,"ocean_custom_logo_max_height":0,"ocean_custom_logo_tablet_max_height":0,"ocean_custom_logo_mobile_max_height":0,"ocean_header_custom_menu":"","ocean_menu_typo_font_family":"","ocean_menu_typo_font_subset":"","ocean_menu_typo_font_size":0,"ocean_menu_typo_font_size_tablet":0,"ocean_menu_typo_font_size_mobile":0,"ocean_menu_typo_font_size_unit":"px","ocean_menu_typo_font_weight":"","ocean_menu_typo_font_weight_tablet":"","ocean_menu_typo_font_weight_mobile":"","ocean_menu_typo_transform":"","ocean_menu_typo_transform_tablet":"","ocean_menu_typo_transform_mobile":"","ocean_menu_typo_line_height":0,"ocean_menu_typo_line_height_tablet":0,"ocean_menu_typo_line_height_mobile":0,"ocean_menu_typo_line_height_unit":"","ocean_menu_typo_spacing":0,"ocean_menu_typo_spacing_tablet":0,"ocean_menu_typo_spacing_mobile":0,"ocean_menu_typo_spacing_unit":"","ocean_menu_link_color":"","ocean_menu_link_color_hover":"","ocean_menu_link_color_active":"","ocean_menu_link_background":"","ocean_menu_link_hover_background":"","ocean_menu_link_active_background":"","ocean_menu_social_links_bg":"","ocean_menu_social_hover_links_bg":"","ocean_menu_social_links_color":"","ocean_menu_social_hover_links_color":"","ocean_disable_title":"default","ocean_disable_heading":"default","ocean_post_title":"","ocean_post_subheading":"","ocean_post_title_style":"","ocean_post_title_background_color":"","ocean_post_title_background":0,"ocean_post_title_bg_image_position":"","ocean_post_title_bg_image_attachment":"","ocean_post_title_bg_image_repeat":"","ocean_post_title_bg_image_size":"","ocean_post_title_height":0,"ocean_post_title_bg_overlay":0.5,"ocean_post_title_bg_overlay_color":"","ocean_disable_breadcrumbs":"default","ocean_breadcrumbs_color":"","ocean_breadcrumbs_separator_color":"","ocean_breadcrumbs_links_color":"","ocean_breadcrumbs_links_hover_color":"","ocean_display_footer_widgets":"default","ocean_display_footer_bottom":"default","ocean_custom_footer_template":"","ocean_post_oembed":"","ocean_post_self_hosted_media":"","ocean_post_video_embed":"","ocean_link_format":"","ocean_link_format_target":"self","ocean_quote_format":"","ocean_quote_format_link":"post","ocean_gallery_link_images":"on","ocean_gallery_id":[]},"categories":[9],"tags":[1420,1490,82],"acf":[],"_links":{"self":[{"href":"https:\/\/www.simepe.com.br\/novo\/wp-json\/wp\/v2\/posts\/57864"}],"collection":[{"href":"https:\/\/www.simepe.com.br\/novo\/wp-json\/wp\/v2\/posts"}],"about":[{"href":"https:\/\/www.simepe.com.br\/novo\/wp-json\/wp\/v2\/types\/post"}],"author":[{"embeddable":true,"href":"https:\/\/www.simepe.com.br\/novo\/wp-json\/wp\/v2\/users\/1"}],"replies":[{"embeddable":true,"href":"https:\/\/www.simepe.com.br\/novo\/wp-json\/wp\/v2\/comments?post=57864"}],"version-history":[{"count":1,"href":"https:\/\/www.simepe.com.br\/novo\/wp-json\/wp\/v2\/posts\/57864\/revisions"}],"predecessor-version":[{"id":57865,"href":"https:\/\/www.simepe.com.br\/novo\/wp-json\/wp\/v2\/posts\/57864\/revisions\/57865"}],"wp:attachment":[{"href":"https:\/\/www.simepe.com.br\/novo\/wp-json\/wp\/v2\/media?parent=57864"}],"wp:term":[{"taxonomy":"category","embeddable":true,"href":"https:\/\/www.simepe.com.br\/novo\/wp-json\/wp\/v2\/categories?post=57864"},{"taxonomy":"post_tag","embeddable":true,"href":"https:\/\/www.simepe.com.br\/novo\/wp-json\/wp\/v2\/tags?post=57864"}],"curies":[{"name":"wp","href":"https:\/\/api.w.org\/{rel}","templated":true}]}}