{"id":57873,"date":"2021-02-12T11:28:04","date_gmt":"2021-02-12T14:28:04","guid":{"rendered":"https:\/\/www.simepe.com.br\/novo\/?p=57873"},"modified":"2021-02-12T11:28:04","modified_gmt":"2021-02-12T14:28:04","slug":"pazuello-variacao-do-virus-encontrada-em-manaus-se-espalhou-pelo-pais","status":"publish","type":"post","link":"https:\/\/www.simepe.com.br\/novo\/pazuello-variacao-do-virus-encontrada-em-manaus-se-espalhou-pelo-pais\/","title":{"rendered":"Pazuello: Varia\u00e7\u00e3o do v\u00edrus encontrada em Manaus se espalhou pelo Pa\u00eds"},"content":{"rendered":"<p>O ministro da Sa\u00fade, Eduardo Pazuello, afirmou, nesta quinta (11), que a variante do novo coronav\u00edrus encontrada em Manaus j\u00e1 est\u00e1 presente em outros estados. Acrescentando se tratar de um dado epidemiol\u00f3gico, ele afirmou que em 13 de janeiro o Minist\u00e9rio da Sa\u00fade (MS) identificou a dissemina\u00e7\u00e3o da variante do v\u00edrus.<\/p>\n<p>\u201cFizemos o alerta epidemiol\u00f3gico para o pa\u00eds e passamos a ver que essa cepa j\u00e1 estava no pa\u00eds. Senhores, a cepa est\u00e1 no Brasil como um todo. Isso \u00e9 dado epidemiol\u00f3gico. N\u00e3o existe a possibilidade de ser fazer uma redoma em Manaus e achar que se resolveu o problema\u201d, disse o ministro no Senado.<\/p>\n<p>Pazuello participou de sess\u00e3o de debates no plen\u00e1rio do Senado, onde respondeu perguntas de senadores em uma sess\u00e3o de cinco horas de dura\u00e7\u00e3o. Pazuello acrescentou que essa variante do v\u00edrus n\u00e3o foi importada do Reino Unido ou da \u00c1frica do Sul, onde tamb\u00e9m foram encontradas novas cepas, e afirmou que, apesar de estar espalhada pelo pa\u00eds, epidemiologistas dizem que n\u00e3o significa que ela ser\u00e1 dominante. Isso depender\u00e1, segundo ele, das caracter\u00edsticas de cada estado e dos v\u00edrus l\u00e1 presentes.<\/p>\n<p>\u201cEm Manaus, 95% dos exames para identifica\u00e7\u00e3o do v\u00edrus identificam essa nova linhagem. Isso n\u00e3o quer dizer que s\u00f3 exista em Manaus ou que Manaus esteja distribuindo para o Brasil. A exist\u00eancia dessa linhagem n\u00e3o quer dizer que ela vai se tornar dominante naquele local. N\u00e3o \u00e9 uma cepa importada, ela j\u00e1 estava l\u00e1. S\u00f3 foi ocupando espa\u00e7o em rela\u00e7\u00e3o \u00e0s outras\u201d, disse o ministro.<\/p>\n<p><strong>Debate<\/strong><br \/>\nPazuello foi convidado pelos senadores para explicar as medidas do minist\u00e9rio para combate \u00e0 Covid-19 no pa\u00eds. Durante toda a tarde e parte da noite, ele foi questionado sobre a\u00e7\u00f5es do minist\u00e9rio e foi alvo de cr\u00edticas de v\u00e1rios senadores. Para eles, o governo demorou na ado\u00e7\u00e3o de estrat\u00e9gias eficazes para combater a pandemia e adotou discursos negacionistas em rela\u00e7\u00e3o ao v\u00edrus.<\/p>\n<p>\u201cO que n\u00f3s vimos nos \u00faltimos meses \u00e9 a total falta de estrat\u00e9gia e mesmo de t\u00e1tica, para que pud\u00e9ssemos vencer esta pandemia&#8221;, disse a senadora Simone Tebet (MDB-MS).<\/p>\n<p>Em resposta, Pazuello defendeu as a\u00e7\u00f5es do minist\u00e9rio e a atua\u00e7\u00e3o do Sistema \u00danico de Sa\u00fade (SUS) diante da pandemia, reconhecendo as possibilidades de falha nessa resposta. \u201cA capilaridade desse sistema permitiu que a gente tivesse uma boa resposta. Talvez n\u00e3o a ideal, talvez n\u00e3o a perfeita, mas ela teve uma boa resposta. E essas a\u00e7\u00f5es sempre ser\u00e3o tripartites, sempre ser\u00e3o pactuadas entre governo federal, estadual, municipal, Conas [Congresso Nacional de Sa\u00fade], Conasems [Conselho Nacional de Secretarias Municipais de Sa\u00fade] e o minist\u00e9rio\u201d.<\/p>\n<p>Questionado, Pazuello negou que a pol\u00edtica do minist\u00e9rio seja recomendar o uso de medicamentos para Covid-19 ou para qualquer doen\u00e7a. \u201cO Minist\u00e9rio da Sa\u00fade n\u00e3o faz protocolo para uso de medicamentos. As orienta\u00e7\u00f5es que o minist\u00e9rio deu quanto a medicamentos, se deu quanto ao uso do medicamento, caso o m\u00e9dico prescreva; a aten\u00e7\u00e3o \u00e0s doses, para n\u00e3o haver excesso. O Minist\u00e9rio da Sa\u00fade n\u00e3o indica medicamento para esta ou aquela doen\u00e7a\u201d, disse.<\/p>\n<p>O ministro afirmou que houve um erro em uma plataforma digital do minist\u00e9rio. Essa plataforma induziu o uso de medicamentos e, conforme explicou o ministro, a plataforma foi retirada do ar e o servidor respons\u00e1vel pelo erro foi afastado. \u201cSe algu\u00e9m do minist\u00e9rio coloca uma ideia fora da linha do minist\u00e9rio e isso chegar para mim, ser\u00e1 tratado como manda o regulamento\u201d.<\/p>\n<p>O ministro tamb\u00e9m afirmou que o minist\u00e9rio pretende vacinar toda a popula\u00e7\u00e3o ainda em 2021. Al\u00e9m disso, v\u00ea o Brasil como um produtor de vacinas mais do que um comprador. Pazuello entende ser esse o \u201cdestino\u201d do pa\u00eds ap\u00f3s come\u00e7ar a produzir em solo nacional a CoronaVac, do laborat\u00f3rio chin\u00eas Sinovac, e a vacina da Oxford\/AstraZeneca.<\/p>\n<p>Fonte: Folha de Pernambuco<\/p>\n","protected":false},"excerpt":{"rendered":"<p>O ministro da Sa\u00fade, Eduardo Pazuello, afirmou, nesta quinta (11), que a variante do novo coronav\u00edrus encontrada em Manaus j\u00e1 est\u00e1 presente em outros estados. Acrescentando se tratar de um dado epidemiol\u00f3gico, ele afirmou que em 13 de janeiro o Minist\u00e9rio da Sa\u00fade (MS) identificou a dissemina\u00e7\u00e3o da variante do v\u00edrus. \u201cFizemos o alerta epidemiol\u00f3gico [&hellip;]<\/p>\n","protected":false},"author":1,"featured_media":0,"comment_status":"open","ping_status":"open","sticky":false,"template":"","format":"standard","meta":{"ocean_post_layout":"","ocean_both_sidebars_style":"","ocean_both_sidebars_content_width":0,"ocean_both_sidebars_sidebars_width":0,"ocean_sidebar":"","ocean_second_sidebar":"","ocean_disable_margins":"enable","ocean_add_body_class":"","ocean_shortcode_before_top_bar":"","ocean_shortcode_after_top_bar":"","ocean_shortcode_before_header":"","ocean_shortcode_after_header":"","ocean_has_shortcode":"","ocean_shortcode_after_title":"","ocean_shortcode_before_footer_widgets":"","ocean_shortcode_after_footer_widgets":"","ocean_shortcode_before_footer_bottom":"","ocean_shortcode_after_footer_bottom":"","ocean_display_top_bar":"default","ocean_display_header":"default","ocean_header_style":"","ocean_center_header_left_menu":"","ocean_custom_header_template":"","ocean_custom_logo":0,"ocean_custom_retina_logo":0,"ocean_custom_logo_max_width":0,"ocean_custom_logo_tablet_max_width":0,"ocean_custom_logo_mobile_max_width":0,"ocean_custom_logo_max_height":0,"ocean_custom_logo_tablet_max_height":0,"ocean_custom_logo_mobile_max_height":0,"ocean_header_custom_menu":"","ocean_menu_typo_font_family":"","ocean_menu_typo_font_subset":"","ocean_menu_typo_font_size":0,"ocean_menu_typo_font_size_tablet":0,"ocean_menu_typo_font_size_mobile":0,"ocean_menu_typo_font_size_unit":"px","ocean_menu_typo_font_weight":"","ocean_menu_typo_font_weight_tablet":"","ocean_menu_typo_font_weight_mobile":"","ocean_menu_typo_transform":"","ocean_menu_typo_transform_tablet":"","ocean_menu_typo_transform_mobile":"","ocean_menu_typo_line_height":0,"ocean_menu_typo_line_height_tablet":0,"ocean_menu_typo_line_height_mobile":0,"ocean_menu_typo_line_height_unit":"","ocean_menu_typo_spacing":0,"ocean_menu_typo_spacing_tablet":0,"ocean_menu_typo_spacing_mobile":0,"ocean_menu_typo_spacing_unit":"","ocean_menu_link_color":"","ocean_menu_link_color_hover":"","ocean_menu_link_color_active":"","ocean_menu_link_background":"","ocean_menu_link_hover_background":"","ocean_menu_link_active_background":"","ocean_menu_social_links_bg":"","ocean_menu_social_hover_links_bg":"","ocean_menu_social_links_color":"","ocean_menu_social_hover_links_color":"","ocean_disable_title":"default","ocean_disable_heading":"default","ocean_post_title":"","ocean_post_subheading":"","ocean_post_title_style":"","ocean_post_title_background_color":"","ocean_post_title_background":0,"ocean_post_title_bg_image_position":"","ocean_post_title_bg_image_attachment":"","ocean_post_title_bg_image_repeat":"","ocean_post_title_bg_image_size":"","ocean_post_title_height":0,"ocean_post_title_bg_overlay":0.5,"ocean_post_title_bg_overlay_color":"","ocean_disable_breadcrumbs":"default","ocean_breadcrumbs_color":"","ocean_breadcrumbs_separator_color":"","ocean_breadcrumbs_links_color":"","ocean_breadcrumbs_links_hover_color":"","ocean_display_footer_widgets":"default","ocean_display_footer_bottom":"default","ocean_custom_footer_template":"","ocean_post_oembed":"","ocean_post_self_hosted_media":"","ocean_post_video_embed":"","ocean_link_format":"","ocean_link_format_target":"self","ocean_quote_format":"","ocean_quote_format_link":"post","ocean_gallery_link_images":"on","ocean_gallery_id":[]},"categories":[9],"tags":[1420,1490,82],"acf":[],"_links":{"self":[{"href":"https:\/\/www.simepe.com.br\/novo\/wp-json\/wp\/v2\/posts\/57873"}],"collection":[{"href":"https:\/\/www.simepe.com.br\/novo\/wp-json\/wp\/v2\/posts"}],"about":[{"href":"https:\/\/www.simepe.com.br\/novo\/wp-json\/wp\/v2\/types\/post"}],"author":[{"embeddable":true,"href":"https:\/\/www.simepe.com.br\/novo\/wp-json\/wp\/v2\/users\/1"}],"replies":[{"embeddable":true,"href":"https:\/\/www.simepe.com.br\/novo\/wp-json\/wp\/v2\/comments?post=57873"}],"version-history":[{"count":1,"href":"https:\/\/www.simepe.com.br\/novo\/wp-json\/wp\/v2\/posts\/57873\/revisions"}],"predecessor-version":[{"id":57874,"href":"https:\/\/www.simepe.com.br\/novo\/wp-json\/wp\/v2\/posts\/57873\/revisions\/57874"}],"wp:attachment":[{"href":"https:\/\/www.simepe.com.br\/novo\/wp-json\/wp\/v2\/media?parent=57873"}],"wp:term":[{"taxonomy":"category","embeddable":true,"href":"https:\/\/www.simepe.com.br\/novo\/wp-json\/wp\/v2\/categories?post=57873"},{"taxonomy":"post_tag","embeddable":true,"href":"https:\/\/www.simepe.com.br\/novo\/wp-json\/wp\/v2\/tags?post=57873"}],"curies":[{"name":"wp","href":"https:\/\/api.w.org\/{rel}","templated":true}]}}