{"id":57878,"date":"2021-02-12T12:11:53","date_gmt":"2021-02-12T15:11:53","guid":{"rendered":"https:\/\/www.simepe.com.br\/novo\/?p=57878"},"modified":"2021-02-12T12:11:53","modified_gmt":"2021-02-12T15:11:53","slug":"belgica-e-lugar-estrategico-para-a-producao-de-vacinas-anticovid","status":"publish","type":"post","link":"https:\/\/www.simepe.com.br\/novo\/belgica-e-lugar-estrategico-para-a-producao-de-vacinas-anticovid\/","title":{"rendered":"B\u00e9lgica \u00e9 lugar estrat\u00e9gico para a produ\u00e7\u00e3o de vacinas anticovid"},"content":{"rendered":"<p>No mapa da ind\u00fastria farmac\u00eautica mundial, a B\u00e9lgica ocupa um lugar estrat\u00e9gico como um pa\u00eds reconhecido pelo apoio aos pesquisadores e pela estreita rela\u00e7\u00e3o entre universidades e laborat\u00f3rios, e que hoje possui diversos locais-chave para a produ\u00e7\u00e3o de vacinas contra a Covid-19.<\/p>\n<div>Em Wavre, 30 km a sudeste de Bruxelas, onde fica a sede de sua divis\u00e3o de vacinas, a gigante brit\u00e2nica GSK afirma estar participando do esfor\u00e7o global de combate \u00e0 pandemia.<\/div>\n<div><\/div>\n<div>Al\u00e9m da produ\u00e7\u00e3o de componentes para futuras vacinas da francesa Sanofi e da canadense Medicago, acaba de iniciar o processo para adaptar sua f\u00e1brica \u00e0 vacina da jovem empresa alem\u00e3 CureVac, atualmente na \u00faltima fase de testes cl\u00ednicos e que poder\u00e1 ser autorizada na Uni\u00e3o Europeia (UE) em maio.<\/div>\n<div><\/div>\n<div>&#8220;Estamos colocando parte de nossa capacidade de produ\u00e7\u00e3o a servi\u00e7o de outras empresas para ir mais r\u00e1pido&#8221;, explicou Patrick Florent, CEO da GSK Vaccines, enquanto guiava uma equipe da AFP pelo vasto armaz\u00e9m dedicado \u00e0 rotulagem e embalagem de ampolas.<\/div>\n<div><\/div>\n<div>O objetivo \u00e9 produzir at\u00e9 100 milh\u00f5es de doses nesta f\u00e1brica belga em 2021, ou cerca de um quarto do total encomendado \u00e0 CureVac pela Comiss\u00e3o Europeia.<\/div>\n<div><\/div>\n<div>A UE tamb\u00e9m est\u00e1 comprometida com cinco outras vacinas, algumas das quais tamb\u00e9m t\u00eam ra\u00edzes na paisagem belga, onde est\u00e3o localizados os 10 maiores laborat\u00f3rios farmac\u00eauticos do mundo.<\/div>\n<div><\/div>\n<div>A f\u00e1brica da Pfizer em Puurs, de onde a gigante americana abastece o planeta com vacinas, deu notoriedade internacional a esta cidade flamenga, at\u00e9 ent\u00e3o conhecida principalmente entre os belgas pela cerveja Duvel.<\/div>\n<div><\/div>\n<div><strong>F\u00f3rmula m\u00e1gica<\/strong><\/div>\n<div>Quando a AstraZeneca anunciou atrasos nas entregas, no final de janeiro, devido a uma &#8220;queda de rendimento&#8221; em uma de suas f\u00e1bricas, todos os olhares se voltaram para Seneffe, em Val\u00f4nia, no sul franc\u00f3fono belga.<\/div>\n<div><\/div>\n<div>Nesta regi\u00e3o que o grupo anglo-sueco delegou parte da fabrica\u00e7\u00e3o do princ\u00edpio ativo de sua vacina.<\/div>\n<div><\/div>\n<div>A situa\u00e7\u00e3o foi um duro golpe para a americana Thermo Fisher Scientific (TFS), que em janeiro investiu 725 milh\u00f5es de euros (US$ 880 milh\u00f5es) para comprar da francesa Novasep esta emblem\u00e1tica empresa belga de biotecnologia, antes chamada Henogen.<\/div>\n<div><\/div>\n<div>Em 2019, a B\u00e9lgica representou cerca de 13% das exporta\u00e7\u00f5es biofarmac\u00eauticas da UE e cerca de 10% do investimento europeu em pesquisa e desenvolvimento no setor.<\/div>\n<div><\/div>\n<div>O pa\u00eds consolidou ainda mais seu dom\u00ednio nos \u00faltimos dez anos, com a cria\u00e7\u00e3o de quase 8.000 empregos no segmento, com mais de 30.000 pessoas no total atualmente.<\/div>\n<div><\/div>\n<div>Para a Essenscia, a federa\u00e7\u00e3o da ind\u00fastria, a &#8220;f\u00f3rmula m\u00e1gica&#8221; \u00e9 &#8220;incentivar acad\u00eamicos, cientistas e empresas a trabalharem juntos&#8221; com o apoio de fundos p\u00fablicos.<\/div>\n<div><\/div>\n<div>&#8220;Essa colabora\u00e7\u00e3o resulta em pesquisas aplicadas que podem ser comercializadas&#8221; e que s\u00e3o capazes de atrair investidores, segundo o secret\u00e1rio-geral da entidade, Fr\u00e9d\u00e9ric Druck.<\/div>\n<div><\/div>\n<div><strong>Infraestrutura preparada<\/strong><\/div>\n<div>Com base no conhecimento desenvolvido nos campi universit\u00e1rios de Leuven, Ghent e Li\u00e8ge, entre outros, s\u00e3o criadas iniciativas de derivados para obter patentes a n\u00edvel industrial, mobilizando tamb\u00e9m investidores privados, explicou Druck \u00e0 AFP.<\/div>\n<div><\/div>\n<div>A Henogen, que nasceu de pesquisadores da Universidade Livre de Bruxelas com o apoio da gigante GSK, se encaixa perfeitamente nesse esquema, segundo Florent.<\/div>\n<div><\/div>\n<div>&#8220;Este \u00e9 um bom exemplo do desenvolvimento deste tecido industrial na B\u00e9lgica. Aqui, a maioria das empresas &#8216;spin-off&#8217; (subsidi\u00e1rias) s\u00e3o bem-sucedidas porque o terreno \u00e9 favor\u00e1vel&#8221;, afirmou.<\/div>\n<div><\/div>\n<div>O pa\u00eds \u00e9 conhecido por seus incentivos fiscais (redu\u00e7\u00e3o de impostos para empresas se os lucros forem reinvestidos em pesquisa; vantagens condicionadas ao registro de patentes na B\u00e9lgica), mas tamb\u00e9m por suas facilidades regulat\u00f3rias.<\/div>\n<div><\/div>\n<div>&#8220;A localiza\u00e7\u00e3o central na Europa e a excelente infraestrutura de transporte&#8221; tamb\u00e9m s\u00e3o pontos fortes para a B\u00e9lgica, disse David Gering, porta-voz da Associa\u00e7\u00e3o para a Ind\u00fastria Farmac\u00eautica Pharma.be.<\/div>\n<div><\/div>\n<div>Dois grandes aeroportos do pa\u00eds t\u00eam certifica\u00e7\u00e3o espec\u00edfica para a distribui\u00e7\u00e3o de produtos farmac\u00eauticos, incluindo Bruxelas-Zaventem, por onde j\u00e1 passaram &#8220;mais de 15 milh\u00f5es&#8221; de doses de vacinas para a pandemia, segundo a operadora do terminal a\u00e9reo.<\/div>\n","protected":false},"excerpt":{"rendered":"<p>No mapa da ind\u00fastria farmac\u00eautica mundial, a B\u00e9lgica ocupa um lugar estrat\u00e9gico como um pa\u00eds reconhecido pelo apoio aos pesquisadores e pela estreita rela\u00e7\u00e3o entre universidades e laborat\u00f3rios, e que hoje possui diversos locais-chave para a produ\u00e7\u00e3o de vacinas contra a Covid-19. Em Wavre, 30 km a sudeste de Bruxelas, onde fica a sede de [&hellip;]<\/p>\n","protected":false},"author":1,"featured_media":0,"comment_status":"open","ping_status":"open","sticky":false,"template":"","format":"standard","meta":{"ocean_post_layout":"","ocean_both_sidebars_style":"","ocean_both_sidebars_content_width":0,"ocean_both_sidebars_sidebars_width":0,"ocean_sidebar":"","ocean_second_sidebar":"","ocean_disable_margins":"enable","ocean_add_body_class":"","ocean_shortcode_before_top_bar":"","ocean_shortcode_after_top_bar":"","ocean_shortcode_before_header":"","ocean_shortcode_after_header":"","ocean_has_shortcode":"","ocean_shortcode_after_title":"","ocean_shortcode_before_footer_widgets":"","ocean_shortcode_after_footer_widgets":"","ocean_shortcode_before_footer_bottom":"","ocean_shortcode_after_footer_bottom":"","ocean_display_top_bar":"default","ocean_display_header":"default","ocean_header_style":"","ocean_center_header_left_menu":"","ocean_custom_header_template":"","ocean_custom_logo":0,"ocean_custom_retina_logo":0,"ocean_custom_logo_max_width":0,"ocean_custom_logo_tablet_max_width":0,"ocean_custom_logo_mobile_max_width":0,"ocean_custom_logo_max_height":0,"ocean_custom_logo_tablet_max_height":0,"ocean_custom_logo_mobile_max_height":0,"ocean_header_custom_menu":"","ocean_menu_typo_font_family":"","ocean_menu_typo_font_subset":"","ocean_menu_typo_font_size":0,"ocean_menu_typo_font_size_tablet":0,"ocean_menu_typo_font_size_mobile":0,"ocean_menu_typo_font_size_unit":"px","ocean_menu_typo_font_weight":"","ocean_menu_typo_font_weight_tablet":"","ocean_menu_typo_font_weight_mobile":"","ocean_menu_typo_transform":"","ocean_menu_typo_transform_tablet":"","ocean_menu_typo_transform_mobile":"","ocean_menu_typo_line_height":0,"ocean_menu_typo_line_height_tablet":0,"ocean_menu_typo_line_height_mobile":0,"ocean_menu_typo_line_height_unit":"","ocean_menu_typo_spacing":0,"ocean_menu_typo_spacing_tablet":0,"ocean_menu_typo_spacing_mobile":0,"ocean_menu_typo_spacing_unit":"","ocean_menu_link_color":"","ocean_menu_link_color_hover":"","ocean_menu_link_color_active":"","ocean_menu_link_background":"","ocean_menu_link_hover_background":"","ocean_menu_link_active_background":"","ocean_menu_social_links_bg":"","ocean_menu_social_hover_links_bg":"","ocean_menu_social_links_color":"","ocean_menu_social_hover_links_color":"","ocean_disable_title":"default","ocean_disable_heading":"default","ocean_post_title":"","ocean_post_subheading":"","ocean_post_title_style":"","ocean_post_title_background_color":"","ocean_post_title_background":0,"ocean_post_title_bg_image_position":"","ocean_post_title_bg_image_attachment":"","ocean_post_title_bg_image_repeat":"","ocean_post_title_bg_image_size":"","ocean_post_title_height":0,"ocean_post_title_bg_overlay":0.5,"ocean_post_title_bg_overlay_color":"","ocean_disable_breadcrumbs":"default","ocean_breadcrumbs_color":"","ocean_breadcrumbs_separator_color":"","ocean_breadcrumbs_links_color":"","ocean_breadcrumbs_links_hover_color":"","ocean_display_footer_widgets":"default","ocean_display_footer_bottom":"default","ocean_custom_footer_template":"","ocean_post_oembed":"","ocean_post_self_hosted_media":"","ocean_post_video_embed":"","ocean_link_format":"","ocean_link_format_target":"self","ocean_quote_format":"","ocean_quote_format_link":"post","ocean_gallery_link_images":"on","ocean_gallery_id":[]},"categories":[9],"tags":[1420,1490,82],"acf":[],"_links":{"self":[{"href":"https:\/\/www.simepe.com.br\/novo\/wp-json\/wp\/v2\/posts\/57878"}],"collection":[{"href":"https:\/\/www.simepe.com.br\/novo\/wp-json\/wp\/v2\/posts"}],"about":[{"href":"https:\/\/www.simepe.com.br\/novo\/wp-json\/wp\/v2\/types\/post"}],"author":[{"embeddable":true,"href":"https:\/\/www.simepe.com.br\/novo\/wp-json\/wp\/v2\/users\/1"}],"replies":[{"embeddable":true,"href":"https:\/\/www.simepe.com.br\/novo\/wp-json\/wp\/v2\/comments?post=57878"}],"version-history":[{"count":1,"href":"https:\/\/www.simepe.com.br\/novo\/wp-json\/wp\/v2\/posts\/57878\/revisions"}],"predecessor-version":[{"id":57879,"href":"https:\/\/www.simepe.com.br\/novo\/wp-json\/wp\/v2\/posts\/57878\/revisions\/57879"}],"wp:attachment":[{"href":"https:\/\/www.simepe.com.br\/novo\/wp-json\/wp\/v2\/media?parent=57878"}],"wp:term":[{"taxonomy":"category","embeddable":true,"href":"https:\/\/www.simepe.com.br\/novo\/wp-json\/wp\/v2\/categories?post=57878"},{"taxonomy":"post_tag","embeddable":true,"href":"https:\/\/www.simepe.com.br\/novo\/wp-json\/wp\/v2\/tags?post=57878"}],"curies":[{"name":"wp","href":"https:\/\/api.w.org\/{rel}","templated":true}]}}