{"id":57905,"date":"2021-02-15T09:51:47","date_gmt":"2021-02-15T12:51:47","guid":{"rendered":"https:\/\/www.simepe.com.br\/novo\/?p=57905"},"modified":"2021-02-15T09:51:47","modified_gmt":"2021-02-15T12:51:47","slug":"mexico-tem-maior-mortalidade-por-covid-entre-paises-com-mais-casos-da-doenca","status":"publish","type":"post","link":"https:\/\/www.simepe.com.br\/novo\/mexico-tem-maior-mortalidade-por-covid-entre-paises-com-mais-casos-da-doenca\/","title":{"rendered":"M\u00e9xico tem maior mortalidade por Covid entre pa\u00edses com mais casos da doen\u00e7a"},"content":{"rendered":"<p><em>O pa\u00eds registrou 1,9 milh\u00e3o de casos e 171 mil mortes at\u00e9 agora.<\/em><\/p>\n<p>A cada 100 casos de Covid-19, 8,7 terminaram em morte no M\u00e9xico, segundo dados da universidade Johns Hopkins. Com isso, o pa\u00eds tem a maior taxa de mortalidade entre os infectados por Covid-19, no comparativo entre os 20 pa\u00edses mais afetados pela doen\u00e7a no mundo.<\/p>\n<p>O pa\u00eds registrou 1,9 milh\u00e3o de casos e 171 mil mortes at\u00e9 agora. \u00c9 o terceiro do mundo com mais \u00f3bitos em decorr\u00eancia do coronav\u00edrus, atr\u00e1s de EUA (480 mil \u00f3bitos) e Brasil (237 mil).<\/p>\n<p>Na lista de mortalidade entre os pa\u00edses mais atingidos, atr\u00e1s do M\u00e9xico, ficam Peru (3,6 mortes a cada 100 diagn\u00f3sticos), It\u00e1lia (3,5) e \u00c1frica do Sul (3,2). O Brasil veio em 11\u00ba lugar, com taxa de 2,4.<\/p>\n<p>Ao considerar todos os pa\u00edses do mundo, a taxa de mortalidade no M\u00e9xico fica atr\u00e1s apenas do I\u00eamen, que tem 28,7 \u00f3bitos a cada 100 diagn\u00f3sticos de Covid-19.<\/p>\n<p>O M\u00e9xico viveu os momentos com mais casos da pandemia em janeiro, ap\u00f3s as festas de fim de ano. A crise gerou, inclusive, falta de cilindros de oxig\u00eanio.<\/p>\n<p>Houve melhora em fevereiro. Nesta sexta (12), a capital reduziu o n\u00edvel de alerta de vermelho para laranja, por conta da redu\u00e7\u00e3o do n\u00famero de interna\u00e7\u00f5es hospitalares. A ocupa\u00e7\u00e3o dos leitos para pacientes com coronav\u00edrus, indicador usado no M\u00e9xico para determinar o n\u00edvel de alerta, estava em torno de 90% em janeiro, mas caiu para 67,8% na quinta (11), segundo dados oficiais.<\/p>\n<p>A Cidade do M\u00e9xico e sua regi\u00e3o metropolitana, que concentram a maior parte das atividades econ\u00f4micas do pa\u00eds, t\u00eam sido as mais atingidas pela pandemia e, consequentemente, as que apresentam maiores restri\u00e7\u00f5es.<\/p>\n<p>O surto na capital come\u00e7ou a crescer exponencialmente em dezembro, depois de as autoridades terem adiado por semanas o fechamento de estabelecimentos comerciais n\u00e3o essenciais, mesmo quando os n\u00fameros de infectados superaram os limites colocados pelo pr\u00f3prio governo.<\/p>\n<p>As restri\u00e7\u00f5es acabaram sendo intensificadas na capital, mas muitos mexicanos ignoraram os apelos do governo para que n\u00e3o sa\u00edssem de casa. O alerta vermelho, o mais alto, foi ativado em 18 de dezembro. Com isso, foram mantidas apenas as atividades essenciais funcionando.<\/p>\n<p>&#8220;Agora estamos entrando no n\u00edvel laranja sem baixar a guarda, vamos reativar sem arriscar&#8221;, afirmou Claudia Sheinbaum, governadora da capital, em entrevista coletiva.<\/p>\n<p>Mesmo com alerta laranja, diversas atividades na capital permanecer\u00e3o restritas. Apenas os centros religiosos ser\u00e3o reabertos, mas sem celebra\u00e7\u00f5es. Academias ter\u00e3o hor\u00e1rio e lota\u00e7\u00e3o restritos. Os restaurantes, que j\u00e1 estavam autorizados a funcionar com mesas ao ar livre, poder\u00e3o permanecer abertos por mais uma hora. Os shoppings reabriram as suas portas na \u00faltima ter\u00e7a-feira, com restri\u00e7\u00f5es.<\/p>\n<p>O presidente do M\u00e9xico, Andr\u00e9s Manuel L\u00f3pez Obrador, de esquerda, mant\u00e9m posturas negacionistas, como evitar o uso de m\u00e1scaras e n\u00e3o respeitar o distanciamento social, embora seu governo fa\u00e7a campanhas por essas medidas.<\/p>\n<p>Obrador, 67, foi infectado pelo coronav\u00edrus em janeiro, mas mesmo assim n\u00e3o mudou de postura. Na segunda (8), ele deu sua primeira entrevista coletiva ap\u00f3s se recuperar da doen\u00e7a.<\/p>\n<p>Perguntado se usaria m\u00e1scara agora, respondeu &#8220;n\u00e3o, n\u00e3o. De acordo com os m\u00e9dicos, agora eu n\u00e3o sou contagioso&#8221;. Apesar disso, casos de reinfec\u00e7\u00e3o j\u00e1 foram registrados diversas vezes pelo mundo.<\/p>\n<p>Mesmo com o alto n\u00famero de mortes, Obrador manteve sua aprova\u00e7\u00e3o alta em meio \u00e0 pandemia. Em janeiro, 62% dos mexicanos avaliavam bem seu governo, segundo dados do Council of the Americas.<\/p>\n<p>O M\u00e9xico come\u00e7ou a vacinar sua popula\u00e7\u00e3o em 24 de dezembro, mas aplicou at\u00e9 agora cerca de 725 mil doses, o que equivale a 0,57 unidade por 100 habitantes. No Brasil, j\u00e1 foram imunizados 4,4 milh\u00f5es de pessoas, ou 2,09 inje\u00e7\u00f5es a cada 100 moradores.<\/p>\n<p>Fonte: Folha de Pernambuco<\/p>\n","protected":false},"excerpt":{"rendered":"<p>O pa\u00eds registrou 1,9 milh\u00e3o de casos e 171 mil mortes at\u00e9 agora. A cada 100 casos de Covid-19, 8,7 terminaram em morte no M\u00e9xico, segundo dados da universidade Johns Hopkins. Com isso, o pa\u00eds tem a maior taxa de mortalidade entre os infectados por Covid-19, no comparativo entre os 20 pa\u00edses mais afetados pela [&hellip;]<\/p>\n","protected":false},"author":1,"featured_media":0,"comment_status":"open","ping_status":"open","sticky":false,"template":"","format":"standard","meta":{"ocean_post_layout":"","ocean_both_sidebars_style":"","ocean_both_sidebars_content_width":0,"ocean_both_sidebars_sidebars_width":0,"ocean_sidebar":"","ocean_second_sidebar":"","ocean_disable_margins":"enable","ocean_add_body_class":"","ocean_shortcode_before_top_bar":"","ocean_shortcode_after_top_bar":"","ocean_shortcode_before_header":"","ocean_shortcode_after_header":"","ocean_has_shortcode":"","ocean_shortcode_after_title":"","ocean_shortcode_before_footer_widgets":"","ocean_shortcode_after_footer_widgets":"","ocean_shortcode_before_footer_bottom":"","ocean_shortcode_after_footer_bottom":"","ocean_display_top_bar":"default","ocean_display_header":"default","ocean_header_style":"","ocean_center_header_left_menu":"","ocean_custom_header_template":"","ocean_custom_logo":0,"ocean_custom_retina_logo":0,"ocean_custom_logo_max_width":0,"ocean_custom_logo_tablet_max_width":0,"ocean_custom_logo_mobile_max_width":0,"ocean_custom_logo_max_height":0,"ocean_custom_logo_tablet_max_height":0,"ocean_custom_logo_mobile_max_height":0,"ocean_header_custom_menu":"","ocean_menu_typo_font_family":"","ocean_menu_typo_font_subset":"","ocean_menu_typo_font_size":0,"ocean_menu_typo_font_size_tablet":0,"ocean_menu_typo_font_size_mobile":0,"ocean_menu_typo_font_size_unit":"px","ocean_menu_typo_font_weight":"","ocean_menu_typo_font_weight_tablet":"","ocean_menu_typo_font_weight_mobile":"","ocean_menu_typo_transform":"","ocean_menu_typo_transform_tablet":"","ocean_menu_typo_transform_mobile":"","ocean_menu_typo_line_height":0,"ocean_menu_typo_line_height_tablet":0,"ocean_menu_typo_line_height_mobile":0,"ocean_menu_typo_line_height_unit":"","ocean_menu_typo_spacing":0,"ocean_menu_typo_spacing_tablet":0,"ocean_menu_typo_spacing_mobile":0,"ocean_menu_typo_spacing_unit":"","ocean_menu_link_color":"","ocean_menu_link_color_hover":"","ocean_menu_link_color_active":"","ocean_menu_link_background":"","ocean_menu_link_hover_background":"","ocean_menu_link_active_background":"","ocean_menu_social_links_bg":"","ocean_menu_social_hover_links_bg":"","ocean_menu_social_links_color":"","ocean_menu_social_hover_links_color":"","ocean_disable_title":"default","ocean_disable_heading":"default","ocean_post_title":"","ocean_post_subheading":"","ocean_post_title_style":"","ocean_post_title_background_color":"","ocean_post_title_background":0,"ocean_post_title_bg_image_position":"","ocean_post_title_bg_image_attachment":"","ocean_post_title_bg_image_repeat":"","ocean_post_title_bg_image_size":"","ocean_post_title_height":0,"ocean_post_title_bg_overlay":0.5,"ocean_post_title_bg_overlay_color":"","ocean_disable_breadcrumbs":"default","ocean_breadcrumbs_color":"","ocean_breadcrumbs_separator_color":"","ocean_breadcrumbs_links_color":"","ocean_breadcrumbs_links_hover_color":"","ocean_display_footer_widgets":"default","ocean_display_footer_bottom":"default","ocean_custom_footer_template":"","ocean_post_oembed":"","ocean_post_self_hosted_media":"","ocean_post_video_embed":"","ocean_link_format":"","ocean_link_format_target":"self","ocean_quote_format":"","ocean_quote_format_link":"post","ocean_gallery_link_images":"on","ocean_gallery_id":[]},"categories":[9],"tags":[1420,1490,82],"acf":[],"_links":{"self":[{"href":"https:\/\/www.simepe.com.br\/novo\/wp-json\/wp\/v2\/posts\/57905"}],"collection":[{"href":"https:\/\/www.simepe.com.br\/novo\/wp-json\/wp\/v2\/posts"}],"about":[{"href":"https:\/\/www.simepe.com.br\/novo\/wp-json\/wp\/v2\/types\/post"}],"author":[{"embeddable":true,"href":"https:\/\/www.simepe.com.br\/novo\/wp-json\/wp\/v2\/users\/1"}],"replies":[{"embeddable":true,"href":"https:\/\/www.simepe.com.br\/novo\/wp-json\/wp\/v2\/comments?post=57905"}],"version-history":[{"count":1,"href":"https:\/\/www.simepe.com.br\/novo\/wp-json\/wp\/v2\/posts\/57905\/revisions"}],"predecessor-version":[{"id":57906,"href":"https:\/\/www.simepe.com.br\/novo\/wp-json\/wp\/v2\/posts\/57905\/revisions\/57906"}],"wp:attachment":[{"href":"https:\/\/www.simepe.com.br\/novo\/wp-json\/wp\/v2\/media?parent=57905"}],"wp:term":[{"taxonomy":"category","embeddable":true,"href":"https:\/\/www.simepe.com.br\/novo\/wp-json\/wp\/v2\/categories?post=57905"},{"taxonomy":"post_tag","embeddable":true,"href":"https:\/\/www.simepe.com.br\/novo\/wp-json\/wp\/v2\/tags?post=57905"}],"curies":[{"name":"wp","href":"https:\/\/api.w.org\/{rel}","templated":true}]}}