{"id":57992,"date":"2021-02-17T10:16:45","date_gmt":"2021-02-17T13:16:45","guid":{"rendered":"https:\/\/www.simepe.com.br\/novo\/?p=57992"},"modified":"2021-02-17T10:16:45","modified_gmt":"2021-02-17T13:16:45","slug":"sc-entidades-pedem-agilidade-na-vacinacao-de-medicos-e-profissionais-da-saude","status":"publish","type":"post","link":"https:\/\/www.simepe.com.br\/novo\/sc-entidades-pedem-agilidade-na-vacinacao-de-medicos-e-profissionais-da-saude\/","title":{"rendered":"SC: Entidades pedem agilidade na vacina\u00e7\u00e3o de m\u00e9dicos e profissionais da sa\u00fade"},"content":{"rendered":"<p>O Conselho Superior das Entidade M\u00e9dicas do Estado de Santa Catarina (COSEMESC) registra sua imensa preocupa\u00e7\u00e3o com a necess\u00e1ria e urgente vacina\u00e7\u00e3o dos m\u00e9dicos e dos profissionais da sa\u00fade que n\u00e3o receberam ainda a primeira dose do imunizante contra a Covid-19.<\/p>\n<p>Apoiando e acompanhando o Plano de Imuniza\u00e7\u00e3o do Estado, as representa\u00e7\u00f5es da medicina pedem uma aten\u00e7\u00e3o especial \u00e0queles que h\u00e1 quase um ano atendem \u00e0 popula\u00e7\u00e3o em meio \u00e0 pandemia do Coronav\u00edrus, expondo-se diariamente \u00e0 grave doen\u00e7a, das mais variadas formas, seja na linha de frente das emerg\u00eancias, nas Unidades de Terapia Intensiva (UTIs), nos hospitais, cl\u00ednicas, consult\u00f3rios e postos de sa\u00fade de todos os portes.<\/p>\n<p>A vacina\u00e7\u00e3o de m\u00e9dicos e profissionais da sa\u00fade n\u00e3o apenas os protege da contamina\u00e7\u00e3o do v\u00edrus, como tamb\u00e9m permite a manuten\u00e7\u00e3o da assist\u00eancia de toda a popula\u00e7\u00e3o, no diagn\u00f3stico e tratamento da Covid-19 e de todas as demais doen\u00e7as.<\/p>\n<p>Na certeza de que servi\u00e7os dessa natureza n\u00e3o podem ser interrompidos ou prejudicados, o COSEMESC pede agilidade por parte do Governo do Estado e das Prefeituras Municipais na estrat\u00e9gia de imuniza\u00e7\u00e3o junto aos m\u00e9dicos e profissionais da sa\u00fade, para que sigam no valoroso trabalho na defesa da vida dos catarinenses.<\/p>\n<p>Fonte: Federa\u00e7\u00e3o M\u00e9dica Brasileira<\/p>\n<p align=\"center\">\n","protected":false},"excerpt":{"rendered":"<p>O Conselho Superior das Entidade M\u00e9dicas do Estado de Santa Catarina (COSEMESC) registra sua imensa preocupa\u00e7\u00e3o com a necess\u00e1ria e urgente vacina\u00e7\u00e3o dos m\u00e9dicos e dos profissionais da sa\u00fade que n\u00e3o receberam ainda a primeira dose do imunizante contra a Covid-19. Apoiando e acompanhando o Plano de Imuniza\u00e7\u00e3o do Estado, as representa\u00e7\u00f5es da medicina pedem [&hellip;]<\/p>\n","protected":false},"author":1,"featured_media":0,"comment_status":"open","ping_status":"open","sticky":false,"template":"","format":"standard","meta":{"ocean_post_layout":"","ocean_both_sidebars_style":"","ocean_both_sidebars_content_width":0,"ocean_both_sidebars_sidebars_width":0,"ocean_sidebar":"","ocean_second_sidebar":"","ocean_disable_margins":"enable","ocean_add_body_class":"","ocean_shortcode_before_top_bar":"","ocean_shortcode_after_top_bar":"","ocean_shortcode_before_header":"","ocean_shortcode_after_header":"","ocean_has_shortcode":"","ocean_shortcode_after_title":"","ocean_shortcode_before_footer_widgets":"","ocean_shortcode_after_footer_widgets":"","ocean_shortcode_before_footer_bottom":"","ocean_shortcode_after_footer_bottom":"","ocean_display_top_bar":"default","ocean_display_header":"default","ocean_header_style":"","ocean_center_header_left_menu":"","ocean_custom_header_template":"","ocean_custom_logo":0,"ocean_custom_retina_logo":0,"ocean_custom_logo_max_width":0,"ocean_custom_logo_tablet_max_width":0,"ocean_custom_logo_mobile_max_width":0,"ocean_custom_logo_max_height":0,"ocean_custom_logo_tablet_max_height":0,"ocean_custom_logo_mobile_max_height":0,"ocean_header_custom_menu":"","ocean_menu_typo_font_family":"","ocean_menu_typo_font_subset":"","ocean_menu_typo_font_size":0,"ocean_menu_typo_font_size_tablet":0,"ocean_menu_typo_font_size_mobile":0,"ocean_menu_typo_font_size_unit":"px","ocean_menu_typo_font_weight":"","ocean_menu_typo_font_weight_tablet":"","ocean_menu_typo_font_weight_mobile":"","ocean_menu_typo_transform":"","ocean_menu_typo_transform_tablet":"","ocean_menu_typo_transform_mobile":"","ocean_menu_typo_line_height":0,"ocean_menu_typo_line_height_tablet":0,"ocean_menu_typo_line_height_mobile":0,"ocean_menu_typo_line_height_unit":"","ocean_menu_typo_spacing":0,"ocean_menu_typo_spacing_tablet":0,"ocean_menu_typo_spacing_mobile":0,"ocean_menu_typo_spacing_unit":"","ocean_menu_link_color":"","ocean_menu_link_color_hover":"","ocean_menu_link_color_active":"","ocean_menu_link_background":"","ocean_menu_link_hover_background":"","ocean_menu_link_active_background":"","ocean_menu_social_links_bg":"","ocean_menu_social_hover_links_bg":"","ocean_menu_social_links_color":"","ocean_menu_social_hover_links_color":"","ocean_disable_title":"default","ocean_disable_heading":"default","ocean_post_title":"","ocean_post_subheading":"","ocean_post_title_style":"","ocean_post_title_background_color":"","ocean_post_title_background":0,"ocean_post_title_bg_image_position":"","ocean_post_title_bg_image_attachment":"","ocean_post_title_bg_image_repeat":"","ocean_post_title_bg_image_size":"","ocean_post_title_height":0,"ocean_post_title_bg_overlay":0.5,"ocean_post_title_bg_overlay_color":"","ocean_disable_breadcrumbs":"default","ocean_breadcrumbs_color":"","ocean_breadcrumbs_separator_color":"","ocean_breadcrumbs_links_color":"","ocean_breadcrumbs_links_hover_color":"","ocean_display_footer_widgets":"default","ocean_display_footer_bottom":"default","ocean_custom_footer_template":"","ocean_post_oembed":"","ocean_post_self_hosted_media":"","ocean_post_video_embed":"","ocean_link_format":"","ocean_link_format_target":"self","ocean_quote_format":"","ocean_quote_format_link":"post","ocean_gallery_link_images":"on","ocean_gallery_id":[]},"categories":[9],"tags":[1420,1490,82],"acf":[],"_links":{"self":[{"href":"https:\/\/www.simepe.com.br\/novo\/wp-json\/wp\/v2\/posts\/57992"}],"collection":[{"href":"https:\/\/www.simepe.com.br\/novo\/wp-json\/wp\/v2\/posts"}],"about":[{"href":"https:\/\/www.simepe.com.br\/novo\/wp-json\/wp\/v2\/types\/post"}],"author":[{"embeddable":true,"href":"https:\/\/www.simepe.com.br\/novo\/wp-json\/wp\/v2\/users\/1"}],"replies":[{"embeddable":true,"href":"https:\/\/www.simepe.com.br\/novo\/wp-json\/wp\/v2\/comments?post=57992"}],"version-history":[{"count":1,"href":"https:\/\/www.simepe.com.br\/novo\/wp-json\/wp\/v2\/posts\/57992\/revisions"}],"predecessor-version":[{"id":57993,"href":"https:\/\/www.simepe.com.br\/novo\/wp-json\/wp\/v2\/posts\/57992\/revisions\/57993"}],"wp:attachment":[{"href":"https:\/\/www.simepe.com.br\/novo\/wp-json\/wp\/v2\/media?parent=57992"}],"wp:term":[{"taxonomy":"category","embeddable":true,"href":"https:\/\/www.simepe.com.br\/novo\/wp-json\/wp\/v2\/categories?post=57992"},{"taxonomy":"post_tag","embeddable":true,"href":"https:\/\/www.simepe.com.br\/novo\/wp-json\/wp\/v2\/tags?post=57992"}],"curies":[{"name":"wp","href":"https:\/\/api.w.org\/{rel}","templated":true}]}}