{"id":58020,"date":"2021-02-17T13:34:52","date_gmt":"2021-02-17T16:34:52","guid":{"rendered":"https:\/\/www.simepe.com.br\/novo\/?p=58020"},"modified":"2021-02-17T13:34:52","modified_gmt":"2021-02-17T16:34:52","slug":"japao-e-africa-do-sul-iniciam-vacinacao-oms-celebra-reducao-das-mortes-por-covid-19","status":"publish","type":"post","link":"https:\/\/www.simepe.com.br\/novo\/japao-e-africa-do-sul-iniciam-vacinacao-oms-celebra-reducao-das-mortes-por-covid-19\/","title":{"rendered":"Jap\u00e3o e \u00c1frica do Sul iniciam vacina\u00e7\u00e3o; OMS celebra redu\u00e7\u00e3o das mortes por covid-19"},"content":{"rendered":"<p><em>A queda dos cont\u00e1gios &#8220;mostra que medidas simples de sa\u00fade p\u00fablica funcionam&#8221;, disse diretor da OMS.<\/em><\/p>\n<p>A vacina\u00e7\u00e3o contra a covid-19 come\u00e7ou nesta quarta-feira (17) no Jap\u00e3o, a cinco meses dos Jogos Ol\u00edmpicos de T\u00f3quio, e na \u00c1frica do Sul, origem de uma das variantes registradas do v\u00edrus, no momento em que a Organiza\u00e7\u00e3o Mundial da Sa\u00fade (OMS) celebra uma redu\u00e7\u00e3o global dos cont\u00e1gios e mortes.<\/p>\n<p>O Jap\u00e3o iniciou a imuniza\u00e7\u00e3o com semanas de atraso na compara\u00e7\u00e3o com a maioria dos pa\u00edses, apesar de ter reservado uma quantidade de doses suficiente para seus 126 milh\u00f5es de habitantes, porque as ag\u00eancias reguladoras exigiram estudos cl\u00ednicos adicionais em seu territ\u00f3rio.<\/p>\n<p>Os primeiros vacinados com o f\u00e1rmaco desenvolvido pelos laborat\u00f3rios Pfizer\/BioNTech ser\u00e3o 40.000 profissionais da sa\u00fade. Em seguida ser\u00e3o imunizadas as pessoas com mais de 65 anos.<\/p>\n<p>O Jap\u00e3o, que mant\u00e9m as fronteiras fechadas a praticamente todos os visitantes h\u00e1 quase um ano, se viu relativamente menos afetado pela pandemia que outros pa\u00edses e registrou 418.000 casos e quase 7.000 mortes.<\/p>\n<p>Mas os Jogos Ol\u00edmpicos de T\u00f3quio, adiados no ano passado e previstos para julho e agosto de 2021, t\u00eam a rejei\u00e7\u00e3o de boa parte da popula\u00e7\u00e3o e provocam o medo entre os especialistas com os riscos de organizar de maneira segura um evento de tal dimens\u00e3o.<\/p>\n<p>Ao lado do Jap\u00e3o, outro pa\u00eds de peso no cen\u00e1rio mundial, a \u00c1frica do Sul, tamb\u00e9m iniciou nesta quarta-feira sua campanha de vacina\u00e7\u00e3o. Uma enfermeira do hospital de Khayelitsha, uma &#8216;township&#8217; da Cidade do Cabo, foi a primeira pessoa vacinada contra o coronav\u00edrus nesta na\u00e7\u00e3o de 57 milh\u00f5es de habitantes.<\/p>\n<p>A vacina\u00e7\u00e3o no pa\u00eds, o mais afetado da \u00c1frica com 48.000 mortes e quase 1,5 milh\u00e3o de casos, foi adiada pelas d\u00favidas sobre a efic\u00e1cia da vacina da AstraZeneca, a primeira adquirida pelo governo, contra a variante local do v\u00edrus.<\/p>\n<p>A \u00c1frica do Sul decidiu administrar a vacina do laborat\u00f3rio americano Johnson &amp; Johnson, da qual encomendou nove milh\u00f5es de doses.<\/p>\n<p><strong>Redu\u00e7\u00e3o dos casos<\/strong><br \/>\nNeste contexto de incerteza e de cansa\u00e7o por meses de pandemia e restri\u00e7\u00f5es, a OMS anunciou uma boa not\u00edcia na ter\u00e7a-feira, quando revelou que o n\u00famero de novos casos de covid-19 registrados no mundo diminuiu 16% na semana passada e o de mortes 10%.<\/p>\n<p>&#8220;O que importa agora \u00e9 como reagimos a essa tend\u00eancia. O fogo n\u00e3o apagou, mas reduzimos o tamanho&#8221;, afirmou o diretor geral da OMS, Tedros Adhanom Ghebreyesus.<\/p>\n<p>A queda dos cont\u00e1gios, pela quinta semana consecutiva, &#8220;mostra que medidas simples de sa\u00fade p\u00fablica funcionam, inclusive com a presen\u00e7a de variantes do v\u00edrus&#8221;, afirmou o diretor da OMS, antes de apresentar um alerta: &#8220;Se pararmos de combater o fogo em qualquer uma das frentes, ele voltar\u00e1 forte&#8221;.<\/p>\n<p>E como prova irrefut\u00e1vel est\u00e3o os n\u00fameros: em pouco mais de um ano, a covid-19 matou 2,4 milh\u00f5es de pessoas no planeta e infectou quase 110 milh\u00f5es.<\/p>\n<p>Neste momento h\u00e1 restri\u00e7\u00f5es em vigor em praticamente toda Europa. A Su\u00e9cia, por exemplo, que apostou em enfrentar o v\u00edrus sem confinamento ou medidas excessivas, anunciou nesta quarta-feira que prev\u00ea o fechamento de academias, sal\u00f5es de beleza e restaurantes diante da terceira onda de cont\u00e1gios, que segundo as previs\u00f5es ser\u00e1 grave.<\/p>\n<p>Ao mesmo tempo, a Uni\u00e3o Europeia (UE) assinou um contrato com o laborat\u00f3rio americano Moderna para 150 milh\u00f5es de doses adicionais de sua vacina anticovid para este ano e outras 150 milh\u00f5es para 2022, anunciou a Comiss\u00e3o Europeia.<\/p>\n<p>As restri\u00e7\u00f5es n\u00e3o afetam apenas o Velho Continente.<\/p>\n<p>No Brasil, o estado da Bahia ter\u00e1 um toque de recolher a partir de sexta-feira entre 22h00 e 5h00 por pelo menos uma semana pelo aumento de casos. Mais de 240.000 pessoas morreram v\u00edtimas do coronav\u00edrus no pa\u00eds.<\/p>\n<p>Em Auckland, maior cidade da Nova Zel\u00e2ndia, onde um confinamento foi adotado no domingo \u00e0 noite, as autoridades anunciaram que a medida ser\u00e1 suspensa nesta quarta-feira porque a situa\u00e7\u00e3o est\u00e1 sob controle.<\/p>\n<p>Na Austr\u00e1lia, as autoridades de sa\u00fade tamb\u00e9m permitir\u00e3o a partir de quinta-feira o retorno do p\u00fablico ao Aberto de t\u00eanis, o primeiro grande evento esportivo com torcida no pa\u00eds durante a pandemia, ap\u00f3s o controle de um pequeno foco de infec\u00e7\u00f5es.<\/p>\n<p><strong>Biden promete vacinas<\/strong><br \/>\nParalelamente, a vacina\u00e7\u00e3o avan\u00e7a de modo mais lento que o previsto. At\u00e9 o momento, mais de 180 milh\u00f5es de vacinas contra a covid foram aplicadas em pelo menos 96 pa\u00edses ou territ\u00f3rios, segundo um balan\u00e7o da AFP.<\/p>\n<p>Os pa\u00edses de renda &#8220;alta&#8221; e &#8220;m\u00e9dia alta&#8221; (segundo o Banco Mundial) concentram mais de nove de cada 10 doses administradas, embora tenham apenas metade da popula\u00e7\u00e3o mundial.<\/p>\n<p>O presidente dos Estados Unidos, Joe Biden, afirmou na ter\u00e7a-feira que todos os cidad\u00e3os do pa\u00eds ter\u00e3o acesso \u00e0s vacinas contra a covid-19 antes de agosto.<\/p>\n<p>&#8220;No pr\u00f3ximo Natal estaremos em uma circunst\u00e2ncia muito diferente&#8221;, respondeu Biden ao ser questionado quando o pa\u00eds retomar\u00e1 a vida pr\u00f3xima do normal.<\/p>\n<p>O M\u00e9xico, terceiro pa\u00eds do mundo com mais mortes por coronav\u00edrus com 176.000 \u00f3bitos, superou na ter\u00e7a-feira a marca de dois milh\u00f5es de cont\u00e1gios, segundo os n\u00fameros oficiais, mas especialistas acreditam que o n\u00famero real \u00e9 muito superior, devido ao reduzido n\u00famero de testes de diagn\u00f3stico.<\/p>\n<p>Nesta quarta-feira, um primeiro lote de 1.000 vacinas contra a covid-19, doadas pela R\u00fassia, chegou \u00e0 Faixa de Gaza, territ\u00f3rio palestino onde vivem quase dois milh\u00f5es de pessoas e cen\u00e1rio de um bloqueio israelense h\u00e1 mais de uma d\u00e9cada.<\/p>\n<p>Fonte: Folha de Pernambuco<\/p>\n","protected":false},"excerpt":{"rendered":"<p>A queda dos cont\u00e1gios &#8220;mostra que medidas simples de sa\u00fade p\u00fablica funcionam&#8221;, disse diretor da OMS. A vacina\u00e7\u00e3o contra a covid-19 come\u00e7ou nesta quarta-feira (17) no Jap\u00e3o, a cinco meses dos Jogos Ol\u00edmpicos de T\u00f3quio, e na \u00c1frica do Sul, origem de uma das variantes registradas do v\u00edrus, no momento em que a Organiza\u00e7\u00e3o Mundial [&hellip;]<\/p>\n","protected":false},"author":1,"featured_media":0,"comment_status":"open","ping_status":"open","sticky":false,"template":"","format":"standard","meta":{"ocean_post_layout":"","ocean_both_sidebars_style":"","ocean_both_sidebars_content_width":0,"ocean_both_sidebars_sidebars_width":0,"ocean_sidebar":"","ocean_second_sidebar":"","ocean_disable_margins":"enable","ocean_add_body_class":"","ocean_shortcode_before_top_bar":"","ocean_shortcode_after_top_bar":"","ocean_shortcode_before_header":"","ocean_shortcode_after_header":"","ocean_has_shortcode":"","ocean_shortcode_after_title":"","ocean_shortcode_before_footer_widgets":"","ocean_shortcode_after_footer_widgets":"","ocean_shortcode_before_footer_bottom":"","ocean_shortcode_after_footer_bottom":"","ocean_display_top_bar":"default","ocean_display_header":"default","ocean_header_style":"","ocean_center_header_left_menu":"","ocean_custom_header_template":"","ocean_custom_logo":0,"ocean_custom_retina_logo":0,"ocean_custom_logo_max_width":0,"ocean_custom_logo_tablet_max_width":0,"ocean_custom_logo_mobile_max_width":0,"ocean_custom_logo_max_height":0,"ocean_custom_logo_tablet_max_height":0,"ocean_custom_logo_mobile_max_height":0,"ocean_header_custom_menu":"","ocean_menu_typo_font_family":"","ocean_menu_typo_font_subset":"","ocean_menu_typo_font_size":0,"ocean_menu_typo_font_size_tablet":0,"ocean_menu_typo_font_size_mobile":0,"ocean_menu_typo_font_size_unit":"px","ocean_menu_typo_font_weight":"","ocean_menu_typo_font_weight_tablet":"","ocean_menu_typo_font_weight_mobile":"","ocean_menu_typo_transform":"","ocean_menu_typo_transform_tablet":"","ocean_menu_typo_transform_mobile":"","ocean_menu_typo_line_height":0,"ocean_menu_typo_line_height_tablet":0,"ocean_menu_typo_line_height_mobile":0,"ocean_menu_typo_line_height_unit":"","ocean_menu_typo_spacing":0,"ocean_menu_typo_spacing_tablet":0,"ocean_menu_typo_spacing_mobile":0,"ocean_menu_typo_spacing_unit":"","ocean_menu_link_color":"","ocean_menu_link_color_hover":"","ocean_menu_link_color_active":"","ocean_menu_link_background":"","ocean_menu_link_hover_background":"","ocean_menu_link_active_background":"","ocean_menu_social_links_bg":"","ocean_menu_social_hover_links_bg":"","ocean_menu_social_links_color":"","ocean_menu_social_hover_links_color":"","ocean_disable_title":"default","ocean_disable_heading":"default","ocean_post_title":"","ocean_post_subheading":"","ocean_post_title_style":"","ocean_post_title_background_color":"","ocean_post_title_background":0,"ocean_post_title_bg_image_position":"","ocean_post_title_bg_image_attachment":"","ocean_post_title_bg_image_repeat":"","ocean_post_title_bg_image_size":"","ocean_post_title_height":0,"ocean_post_title_bg_overlay":0.5,"ocean_post_title_bg_overlay_color":"","ocean_disable_breadcrumbs":"default","ocean_breadcrumbs_color":"","ocean_breadcrumbs_separator_color":"","ocean_breadcrumbs_links_color":"","ocean_breadcrumbs_links_hover_color":"","ocean_display_footer_widgets":"default","ocean_display_footer_bottom":"default","ocean_custom_footer_template":"","ocean_post_oembed":"","ocean_post_self_hosted_media":"","ocean_post_video_embed":"","ocean_link_format":"","ocean_link_format_target":"self","ocean_quote_format":"","ocean_quote_format_link":"post","ocean_gallery_link_images":"on","ocean_gallery_id":[]},"categories":[9],"tags":[1420,1490,82],"acf":[],"_links":{"self":[{"href":"https:\/\/www.simepe.com.br\/novo\/wp-json\/wp\/v2\/posts\/58020"}],"collection":[{"href":"https:\/\/www.simepe.com.br\/novo\/wp-json\/wp\/v2\/posts"}],"about":[{"href":"https:\/\/www.simepe.com.br\/novo\/wp-json\/wp\/v2\/types\/post"}],"author":[{"embeddable":true,"href":"https:\/\/www.simepe.com.br\/novo\/wp-json\/wp\/v2\/users\/1"}],"replies":[{"embeddable":true,"href":"https:\/\/www.simepe.com.br\/novo\/wp-json\/wp\/v2\/comments?post=58020"}],"version-history":[{"count":1,"href":"https:\/\/www.simepe.com.br\/novo\/wp-json\/wp\/v2\/posts\/58020\/revisions"}],"predecessor-version":[{"id":58021,"href":"https:\/\/www.simepe.com.br\/novo\/wp-json\/wp\/v2\/posts\/58020\/revisions\/58021"}],"wp:attachment":[{"href":"https:\/\/www.simepe.com.br\/novo\/wp-json\/wp\/v2\/media?parent=58020"}],"wp:term":[{"taxonomy":"category","embeddable":true,"href":"https:\/\/www.simepe.com.br\/novo\/wp-json\/wp\/v2\/categories?post=58020"},{"taxonomy":"post_tag","embeddable":true,"href":"https:\/\/www.simepe.com.br\/novo\/wp-json\/wp\/v2\/tags?post=58020"}],"curies":[{"name":"wp","href":"https:\/\/api.w.org\/{rel}","templated":true}]}}